{"id":11564,"date":"2013-07-25T00:51:55","date_gmt":"2013-07-24T22:51:55","guid":{"rendered":"http:\/\/www.michael-schumacher.es\/noticias-f1\/?p=11564"},"modified":"2013-07-25T00:51:55","modified_gmt":"2013-07-24T22:51:55","slug":"previo-gp-de-hungria-hungaroring-2013-mercedes","status":"publish","type":"post","link":"http:\/\/www.michael-schumacher.es\/noticias-f1\/2013\/07\/25\/previo-gp-de-hungria-hungaroring-2013-mercedes\/","title":{"rendered":"Previo GP de Hungr\u00eda, Hungaroring 2013. Mercedes"},"content":{"rendered":"<p><a href=\"http:\/\/www.michael-schumacher.es\/noticias-f1\/wp-content\/uploads\/2013\/02\/W04-3.jpg\"><img loading=\"lazy\" class=\"alignleft\" alt=\"W04-3\" src=\"http:\/\/www.michael-schumacher.es\/noticias-f1\/wp-content\/uploads\/2013\/02\/W04-3.jpg\" width=\"200\" height=\"133\" \/><\/a>El equipo Mercedes espera lograr un buen resultado en la \u00faltima carrera antes de las vacaciones de verano, aunque saben que con las altas temperaturas y un circuito tan exigente, ser\u00e1 un dif\u00edcil reto para ellos.<\/p>\n<p><!--more--> <!--noteaser--><\/p>\n<p><a href=\"http:\/\/www.michael-schumacher.es\/noticias-f1\/wp-content\/uploads\/2013\/02\/W04-3.jpg\"><img loading=\"lazy\" class=\"aligncenter size-full wp-image-7782\" alt=\"W04-3\" src=\"http:\/\/www.michael-schumacher.es\/noticias-f1\/wp-content\/uploads\/2013\/02\/W04-3.jpg\" width=\"650\" height=\"433\" srcset=\"http:\/\/www.michael-schumacher.es\/noticias-f1\/wp-content\/uploads\/2013\/02\/W04-3.jpg 650w, http:\/\/www.michael-schumacher.es\/noticias-f1\/wp-content\/uploads\/2013\/02\/W04-3-300x199.jpg 300w\" sizes=\"(max-width: 650px) 100vw, 650px\" \/><\/a><\/p>\n<p>&nbsp;<\/p>\n<p>El equipo Mercedes espera lograr un buen resultado en la \u00faltima carrera antes de las vacaciones de verano, aunque saben que con las altas temperaturas y un circuito tan exigente, ser\u00e1 un dif\u00edcil reto para ellos.<\/p>\n<p>&nbsp;<\/p>\n<p>Nico Rosberg considera que este circuito proporcionar\u00e1 una carrera dura en la que la clasificaci\u00f3n ser\u00e1 muy importante, lo que es positivo para Mercedes, pero tambi\u00e9n necesitaran un buen rendimiento el domingo en carrera y lograr un buen resultado antes de las vacaciones. Lewis Hamilton ya ha ganado en varias ocasiones aqu\u00ed y le gusta el trazado, pero sabe que deben trabajar duro para hacer frente a los problemas que tienen en carrera, para lo que han trabajado y esperan que sea una buena carrera.<\/p>\n<p>&nbsp;<\/p>\n<p><strong>Nico Rosberg:<\/strong> <em>\u00abTiene un dise\u00f1o bastante exigente para los pilotos. Con todas las idas y vueltas, se siente muy parecido a M\u00f3naco, pero se lleva a cabo en un circuito normal. La calificaci\u00f3n ser\u00e1 importante este fin de semana, es bueno para nosotros, pero sabemos que tenemos que entregar el domingo tambi\u00e9n. El pron\u00f3stico parece caliente y es probable que sea muy exigente con los neum\u00e1ticos. F\u00edsicamente ser\u00e1 una carrera dura y la falta de rectas significa que usted nunca tendr\u00e1 un momento para relajarse. Ser\u00eda muy bueno para nosotros venir lejos de Hungr\u00eda con otro buen resultado para tener en las vacaciones de verano\u201d.<\/em><\/p>\n<p>&nbsp;<\/p>\n<p><strong>Lewis Hamilton:<\/strong> <em>\u00abMe encanta el dise\u00f1o del circuito y Budapest es una ciudad muy buena que tiene un gran ambiente durante el fin de semana. Ser\u00e1 un fin de semana importante para nosotros y tenemos tener un buen comienzo el viernes, cuando tenemos la oportunidad de probar los nuevos neum\u00e1ticos por primera vez. He pasado alg\u00fan tiempo en la f\u00e1brica desde que regresamos de Alemania y s\u00e9 que todo el mundo est\u00e1 trabajando muy duro para mejorar el rendimiento general y para hacer frente a los problemas que hemos experimentado en la \u00faltima carrera. Ser\u00eda muy bueno para recompensar todo ese esfuerzo con un gran fin de semana en Budapest y que sin duda vamos a estar empujando para que esto suceda.\u00bb<\/em><\/p>\n<p>&nbsp;<\/p>\n<p><strong>Ross Brawn jefe de equipo:<\/strong> <em>\u00abSiempre un hito para el equipo y la oportunidad de revisar nuestro desempe\u00f1o antes de que nuestro personal disfrute de un merecido descanso durante el cierre de verano. Nuestro equipo est\u00e1 actualmente en el segundo lugar en el Campeonato de Constructores con dos victorias hasta la fecha de carrera. Sin embargo, la temporada no ha estado exenta de dificultades y hemos tenido algunas carreras muy dif\u00edciles. Esto ocurre en el transcurso de una temporada y hay que tomar los altos y bajos y encontrar su camino para hacer mejoras. Tanto Nico y Lewis han visitado la f\u00e1brica en las dos semanas desde que volvimos de Alemania y todo el mundo ha estado trabajando muy duro para investigar nuestras sensibilidades de neum\u00e1ticos de cara a las altas temperaturas que, sin duda, vamos a experimentar este fin de semana en Budapest. El Hungaroring es un circuito muy lento con las curvas, principalmente de baja y media velocidad, que presentan un interesante desaf\u00edo t\u00e9cnico. El viernes tambi\u00e9n ser\u00e1 nuestra primera oportunidad de trabajar con los nuevos neum\u00e1ticos de nuestro coche, as\u00ed que tenemos mucho que aprender en un corto espacio de tiempo. Queremos terminar la primera mitad de la temporada en lo m\u00e1s alto, pero el reto que tenemos ante nosotros es claro\u201d.<\/em><\/p>\n<p>&nbsp;<\/p>\n<p><strong>Toto Wolff director ejecutivo:<\/strong> <em>\u00abHungr\u00eda marcar\u00e1 el final de la primera mitad de la temporada y ha sido un a\u00f1o generalmente positivo para nuestro equipo. Entramos en el fin de semana con dos victorias y seis pole positions en nuestro haber. Estos resultados muestran la cantidad de trabajo que hemos puesto en nuestro a\u00f1o hasta el momento y la forma en que el \u00e9xito del equipo se est\u00e1 formando. Pero son ilusiones para el segundo semestre del a\u00f1o y este fin de semana en Hungr\u00eda, tenemos una serie de retos que superar. En primer lugar, tendremos que hacer la tarea adicional el viernes para entender c\u00f3mo funcionan los nuevos neum\u00e1ticos con nuestro coche. A continuaci\u00f3n, vamos a tener que llegar a enfrentarnos con las altas temperaturas, un circuito exigente y los neum\u00e1ticos Pirelli de compuesto blando y medio. Durante la carrera en el circuito de N\u00fcrburgring, sufrimos sobrecalentamiento de los neum\u00e1ticos y queremos minimizar la posibilidad de sufrir un problema de repetici\u00f3n en Hungr\u00eda, donde las temperaturas de la pista tambi\u00e9n ser\u00e1n altas. El equipo ha trabajado bien desde Alemania para mejorar la situaci\u00f3n y vamos a ver c\u00f3mo los nuevos neum\u00e1ticos afectar\u00e1n a esa situaci\u00f3n, tambi\u00e9n. Nuestra motivaci\u00f3n es alta para un buen resultado que podemos tener antes de las vacaciones de verano, pero sabemos que hay un mont\u00f3n de buen trabajo necesario para lograr eso\u201d.<\/em><\/p>\n<p>&nbsp;<\/p>\n<div class=\"sharedaddy sd-sharing-enabled\"><div class=\"robots-nocontent sd-block sd-social sd-social-official sd-sharing\"><h3 class=\"sd-title\">Opciones Sociales:<\/h3><div class=\"sd-content\"><ul><li class=\"share-facebook\"><div class=\"fb-share-button\" data-href=\"http:\/\/www.michael-schumacher.es\/noticias-f1\/2013\/07\/25\/previo-gp-de-hungria-hungaroring-2013-mercedes\/\" data-layout=\"button_count\"><\/div><\/li><li class=\"share-twitter\"><a href=\"https:\/\/twitter.com\/share\" class=\"twitter-share-button\" data-url=\"http:\/\/www.michael-schumacher.es\/noticias-f1\/2013\/07\/25\/previo-gp-de-hungria-hungaroring-2013-mercedes\/\" data-text=\"Previo GP de Hungr\u00eda, Hungaroring 2013. Mercedes\"  >Tweet<\/a><\/li><li class=\"share-email\"><a rel=\"nofollow noopener noreferrer\" data-shared=\"\" class=\"share-email sd-button\" href=\"http:\/\/www.michael-schumacher.es\/noticias-f1\/2013\/07\/25\/previo-gp-de-hungria-hungaroring-2013-mercedes\/?share=email\" target=\"_blank\" title=\"Haz clic para enviar por correo electr\u00f3nico a un amigo\"><span>Correo electr\u00f3nico<\/span><\/a><\/li><li class=\"share-end\"><\/li><\/ul><\/div><\/div><\/div>","protected":false},"excerpt":{"rendered":"<p>El equipo Mercedes espera lograr un buen resultado en la \u00faltima carrera antes de las vacaciones de verano, aunque saben que con las altas temperaturas y un circuito tan exigente, ser\u00e1 un dif\u00edcil reto para ellos.<\/p>\n<div class=\"sharedaddy sd-sharing-enabled\"><div class=\"robots-nocontent sd-block sd-social sd-social-official sd-sharing\"><h3 class=\"sd-title\">Opciones Sociales:<\/h3><div class=\"sd-content\"><ul><li class=\"share-facebook\"><div class=\"fb-share-button\" data-href=\"http:\/\/www.michael-schumacher.es\/noticias-f1\/2013\/07\/25\/previo-gp-de-hungria-hungaroring-2013-mercedes\/\" data-layout=\"button_count\"><\/div><\/li><li class=\"share-twitter\"><a href=\"https:\/\/twitter.com\/share\" class=\"twitter-share-button\" data-url=\"http:\/\/www.michael-schumacher.es\/noticias-f1\/2013\/07\/25\/previo-gp-de-hungria-hungaroring-2013-mercedes\/\" data-text=\"Previo GP de Hungr\u00eda, Hungaroring 2013. Mercedes\"  >Tweet<\/a><\/li><li class=\"share-email\"><a rel=\"nofollow noopener noreferrer\" data-shared=\"\" class=\"share-email sd-button\" href=\"http:\/\/www.michael-schumacher.es\/noticias-f1\/2013\/07\/25\/previo-gp-de-hungria-hungaroring-2013-mercedes\/?share=email\" target=\"_blank\" title=\"Haz clic para enviar por correo electr\u00f3nico a un amigo\"><span>Correo electr\u00f3nico<\/span><\/a><\/li><li class=\"share-end\"><\/li><\/ul><\/div><\/div><\/div>","protected":false},"author":3,"featured_media":0,"comment_status":"open","ping_status":"open","sticky":false,"template":"","format":"standard","meta":{"_monsterinsights_skip_tracking":false,"_monsterinsights_sitenote_active":false,"_monsterinsights_sitenote_note":"","_monsterinsights_sitenote_category":0,"spay_email":"","jetpack_publicize_message":"","jetpack_is_tweetstorm":false,"jetpack_publicize_feature_enabled":true},"categories":[3],"tags":[373,1381,273,17,15,6,8,11,629,274,10,304,1400,5,259,1380,616,617],"jetpack_featured_media_url":"","jetpack_publicize_connections":[],"jetpack_sharing_enabled":true,"jetpack_shortlink":"https:\/\/wp.me\/p27q3P-30w","_links":{"self":[{"href":"http:\/\/www.michael-schumacher.es\/noticias-f1\/wp-json\/wp\/v2\/posts\/11564"}],"collection":[{"href":"http:\/\/www.michael-schumacher.es\/noticias-f1\/wp-json\/wp\/v2\/posts"}],"about":[{"href":"http:\/\/www.michael-schumacher.es\/noticias-f1\/wp-json\/wp\/v2\/types\/post"}],"author":[{"embeddable":true,"href":"http:\/\/www.michael-schumacher.es\/noticias-f1\/wp-json\/wp\/v2\/users\/3"}],"replies":[{"embeddable":true,"href":"http:\/\/www.michael-schumacher.es\/noticias-f1\/wp-json\/wp\/v2\/comments?post=11564"}],"version-history":[{"count":0,"href":"http:\/\/www.michael-schumacher.es\/noticias-f1\/wp-json\/wp\/v2\/posts\/11564\/revisions"}],"wp:attachment":[{"href":"http:\/\/www.michael-schumacher.es\/noticias-f1\/wp-json\/wp\/v2\/media?parent=11564"}],"wp:term":[{"taxonomy":"category","embeddable":true,"href":"http:\/\/www.michael-schumacher.es\/noticias-f1\/wp-json\/wp\/v2\/categories?post=11564"},{"taxonomy":"post_tag","embeddable":true,"href":"http:\/\/www.michael-schumacher.es\/noticias-f1\/wp-json\/wp\/v2\/tags?post=11564"}],"curies":[{"name":"wp","href":"https:\/\/api.w.org\/{rel}","templated":true}]}}