{"id":11566,"date":"2013-07-25T01:54:05","date_gmt":"2013-07-24T23:54:05","guid":{"rendered":"http:\/\/www.michael-schumacher.es\/noticias-f1\/?p=11566"},"modified":"2013-07-25T01:54:05","modified_gmt":"2013-07-24T23:54:05","slug":"dos-zonas-de-drs-en-el-gp-de-hungria","status":"publish","type":"post","link":"http:\/\/www.michael-schumacher.es\/noticias-f1\/2013\/07\/25\/dos-zonas-de-drs-en-el-gp-de-hungria\/","title":{"rendered":"Dos zonas de DRS en el GP de Hungr\u00eda"},"content":{"rendered":"<p><a href=\"http:\/\/www.michael-schumacher.es\/noticias-f1\/wp-content\/uploads\/2013\/07\/circuito-hungria-hungaroring-2.jpg\"><img loading=\"lazy\" class=\"alignleft\" alt=\"circuito-hungria-hungaroring-2\" src=\"http:\/\/www.michael-schumacher.es\/noticias-f1\/wp-content\/uploads\/2013\/07\/circuito-hungria-hungaroring-2.jpg\" width=\"200\" height=\"133\" \/><\/a>La d\u00e9cima cita de la temporada de F1 2013 ser\u00e1 este fin de semana los d\u00edas 26, 27 y 28 de julio,\u00a0 en el exigente y revirado circuito de Hungaroring, como viene siendo habitual esta temporada la FIA ha introducido una segunda zona de DRS para intentar incentivar y facilitar los adelantamientos en especial en un\u00a0 trazado donde habitualmente es complejo adelantar.<\/p>\n<p><!--more--> <!--noteaser--><\/p>\n<p><a href=\"http:\/\/www.michael-schumacher.es\/noticias-f1\/wp-content\/uploads\/2013\/07\/circuito-hungria-hungaroring-2.jpg\"><img loading=\"lazy\" class=\"aligncenter size-full wp-image-11573\" alt=\"circuito-hungria-hungaroring-2\" src=\"http:\/\/www.michael-schumacher.es\/noticias-f1\/wp-content\/uploads\/2013\/07\/circuito-hungria-hungaroring-2.jpg\" width=\"650\" height=\"433\" srcset=\"http:\/\/www.michael-schumacher.es\/noticias-f1\/wp-content\/uploads\/2013\/07\/circuito-hungria-hungaroring-2.jpg 650w, http:\/\/www.michael-schumacher.es\/noticias-f1\/wp-content\/uploads\/2013\/07\/circuito-hungria-hungaroring-2-300x199.jpg 300w\" sizes=\"(max-width: 650px) 100vw, 650px\" \/><\/a><\/p>\n<p>&nbsp;<\/p>\n<p>La d\u00e9cima cita de la temporada de F1 2013 ser\u00e1 este fin de semana los d\u00edas 26, 27 y 28 de julio,\u00a0 en el exigente y revirado circuito de Hungaroring, como viene siendo habitual esta temporada la FIA ha introducido una segunda zona de DRS para intentar incentivar y facilitar los adelantamientos en especial en un\u00a0 trazado donde habitualmente es complejo adelantar.<\/p>\n<p>&nbsp;<\/p>\n<p>El primer punto de activaci\u00f3n se localiza en la recta de meta, como es l\u00f3gico la zona donde hay mayores posibilidades de adelantamientos.<\/p>\n<p>&nbsp;<\/p>\n<p>La segunda zona de DRS introducida por la FIA este a\u00f1o,\u00a0 se encuentra entre la salida\u00a0 de la curva uno y la curva dos.<\/p>\n<p>&nbsp;<\/p>\n<p>Mientras que el \u00fanico punto de detecci\u00f3n se encuentra pocos metros antes de la\u00a0 curva 14, la \u00faltima curva del circuito.<\/p>\n<div class=\"sharedaddy sd-sharing-enabled\"><div class=\"robots-nocontent sd-block sd-social sd-social-official sd-sharing\"><h3 class=\"sd-title\">Opciones Sociales:<\/h3><div class=\"sd-content\"><ul><li class=\"share-facebook\"><div class=\"fb-share-button\" data-href=\"http:\/\/www.michael-schumacher.es\/noticias-f1\/2013\/07\/25\/dos-zonas-de-drs-en-el-gp-de-hungria\/\" data-layout=\"button_count\"><\/div><\/li><li class=\"share-twitter\"><a href=\"https:\/\/twitter.com\/share\" class=\"twitter-share-button\" data-url=\"http:\/\/www.michael-schumacher.es\/noticias-f1\/2013\/07\/25\/dos-zonas-de-drs-en-el-gp-de-hungria\/\" data-text=\"Dos zonas de DRS en el GP de Hungr\u00eda\"  >Tweet<\/a><\/li><li class=\"share-email\"><a rel=\"nofollow noopener noreferrer\" data-shared=\"\" class=\"share-email sd-button\" href=\"http:\/\/www.michael-schumacher.es\/noticias-f1\/2013\/07\/25\/dos-zonas-de-drs-en-el-gp-de-hungria\/?share=email\" target=\"_blank\" title=\"Haz clic para enviar por correo electr\u00f3nico a un amigo\"><span>Correo electr\u00f3nico<\/span><\/a><\/li><li class=\"share-end\"><\/li><\/ul><\/div><\/div><\/div>","protected":false},"excerpt":{"rendered":"<p>La d\u00e9cima cita de la temporada de F1 2013 ser\u00e1 este fin de semana los d\u00edas 26, 27 y 28 de julio,\u00a0 en el exigente y revirado circuito de Hungaroring, como viene siendo habitual esta temporada la FIA ha introducido una segunda zona de DRS para intentar incentivar y facilitar los adelantamientos en especial en [&hellip;]<\/p>\n<div class=\"sharedaddy sd-sharing-enabled\"><div class=\"robots-nocontent sd-block sd-social sd-social-official sd-sharing\"><h3 class=\"sd-title\">Opciones Sociales:<\/h3><div class=\"sd-content\"><ul><li class=\"share-facebook\"><div class=\"fb-share-button\" data-href=\"http:\/\/www.michael-schumacher.es\/noticias-f1\/2013\/07\/25\/dos-zonas-de-drs-en-el-gp-de-hungria\/\" data-layout=\"button_count\"><\/div><\/li><li class=\"share-twitter\"><a href=\"https:\/\/twitter.com\/share\" class=\"twitter-share-button\" data-url=\"http:\/\/www.michael-schumacher.es\/noticias-f1\/2013\/07\/25\/dos-zonas-de-drs-en-el-gp-de-hungria\/\" data-text=\"Dos zonas de DRS en el GP de Hungr\u00eda\"  >Tweet<\/a><\/li><li class=\"share-email\"><a rel=\"nofollow noopener noreferrer\" data-shared=\"\" class=\"share-email sd-button\" href=\"http:\/\/www.michael-schumacher.es\/noticias-f1\/2013\/07\/25\/dos-zonas-de-drs-en-el-gp-de-hungria\/?share=email\" target=\"_blank\" title=\"Haz clic para enviar por correo electr\u00f3nico a un amigo\"><span>Correo electr\u00f3nico<\/span><\/a><\/li><li class=\"share-end\"><\/li><\/ul><\/div><\/div><\/div>","protected":false},"author":3,"featured_media":0,"comment_status":"open","ping_status":"open","sticky":false,"template":"","format":"standard","meta":{"_monsterinsights_skip_tracking":false,"_monsterinsights_sitenote_active":false,"_monsterinsights_sitenote_note":"","_monsterinsights_sitenote_category":0,"spay_email":"","jetpack_publicize_message":"","jetpack_is_tweetstorm":false,"jetpack_publicize_feature_enabled":true},"categories":[3],"tags":[156,3069,373,84,273,1487,1417,3228,306,17,127,15,6,8,629,274,2995,238],"jetpack_featured_media_url":"","jetpack_publicize_connections":[],"jetpack_sharing_enabled":true,"jetpack_shortlink":"https:\/\/wp.me\/p27q3P-30y","_links":{"self":[{"href":"http:\/\/www.michael-schumacher.es\/noticias-f1\/wp-json\/wp\/v2\/posts\/11566"}],"collection":[{"href":"http:\/\/www.michael-schumacher.es\/noticias-f1\/wp-json\/wp\/v2\/posts"}],"about":[{"href":"http:\/\/www.michael-schumacher.es\/noticias-f1\/wp-json\/wp\/v2\/types\/post"}],"author":[{"embeddable":true,"href":"http:\/\/www.michael-schumacher.es\/noticias-f1\/wp-json\/wp\/v2\/users\/3"}],"replies":[{"embeddable":true,"href":"http:\/\/www.michael-schumacher.es\/noticias-f1\/wp-json\/wp\/v2\/comments?post=11566"}],"version-history":[{"count":0,"href":"http:\/\/www.michael-schumacher.es\/noticias-f1\/wp-json\/wp\/v2\/posts\/11566\/revisions"}],"wp:attachment":[{"href":"http:\/\/www.michael-schumacher.es\/noticias-f1\/wp-json\/wp\/v2\/media?parent=11566"}],"wp:term":[{"taxonomy":"category","embeddable":true,"href":"http:\/\/www.michael-schumacher.es\/noticias-f1\/wp-json\/wp\/v2\/categories?post=11566"},{"taxonomy":"post_tag","embeddable":true,"href":"http:\/\/www.michael-schumacher.es\/noticias-f1\/wp-json\/wp\/v2\/tags?post=11566"}],"curies":[{"name":"wp","href":"https:\/\/api.w.org\/{rel}","templated":true}]}}