{"id":11612,"date":"2013-07-26T12:00:50","date_gmt":"2013-07-26T10:00:50","guid":{"rendered":"http:\/\/www.michael-schumacher.es\/noticias-f1\/?p=11612"},"modified":"2013-07-26T12:00:50","modified_gmt":"2013-07-26T10:00:50","slug":"kimi-raikkonen-la-decision-correcta-es-con-la-que-me-sienta-bien","status":"publish","type":"post","link":"http:\/\/www.michael-schumacher.es\/noticias-f1\/2013\/07\/26\/kimi-raikkonen-la-decision-correcta-es-con-la-que-me-sienta-bien\/","title":{"rendered":"Kimi Raikkonen: La decisi\u00f3n correcta es, con la que me sienta bien"},"content":{"rendered":"<p><a href=\"http:\/\/www.michael-schumacher.es\/noticias-f1\/wp-content\/uploads\/2013\/04\/kimi_raikkonen_2_test-bcn-2013_david-sarro.jpg\"><img loading=\"lazy\" class=\"alignleft\" alt=\"Kimi Raikkonen 2 - Test Barcelona 2013 - David Sarr\u00f3\" src=\"http:\/\/www.michael-schumacher.es\/noticias-f1\/wp-content\/uploads\/2013\/04\/kimi_raikkonen_2_test-bcn-2013_david-sarro.jpg\" width=\"200\" height=\"133\" \/><\/a>Kimi Raikkonen tiene todav\u00eda dudas sobre su futuro, al igual que Red Bull que tampoco parece decidido a que piloto fichar. Pero para Kimi hay muchos factores importantes que resume para el piloto en una combinaci\u00f3n de cosas que tienen que ser buenas en la pista y fuera de la pista para sentirse bien y considera que esa ser\u00e1 la decisi\u00f3n correcta aunque pueda resultar est\u00fapida para alguien.<\/p>\n<p><!--more--> <!--noteaser--><\/p>\n<p><a href=\"http:\/\/www.michael-schumacher.es\/noticias-f1\/wp-content\/uploads\/2013\/04\/kimi_raikkonen_2_test-bcn-2013_david-sarro.jpg\"><img loading=\"lazy\" class=\"aligncenter size-full wp-image-9350\" alt=\"Kimi Raikkonen 2 - Test Barcelona 2013 - David Sarr\u00f3\" src=\"http:\/\/www.michael-schumacher.es\/noticias-f1\/wp-content\/uploads\/2013\/04\/kimi_raikkonen_2_test-bcn-2013_david-sarro.jpg\" width=\"650\" height=\"433\" srcset=\"http:\/\/www.michael-schumacher.es\/noticias-f1\/wp-content\/uploads\/2013\/04\/kimi_raikkonen_2_test-bcn-2013_david-sarro.jpg 650w, http:\/\/www.michael-schumacher.es\/noticias-f1\/wp-content\/uploads\/2013\/04\/kimi_raikkonen_2_test-bcn-2013_david-sarro-300x199.jpg 300w\" sizes=\"(max-width: 650px) 100vw, 650px\" \/><\/a><\/p>\n<p>&nbsp;<\/p>\n<p>Kimi Raikkonen tiene todav\u00eda dudas sobre su futuro, al igual que Red Bull que tampoco parece decidido a que piloto fichar. Pero para Kimi hay muchos factores importantes que resume para el piloto en una combinaci\u00f3n de cosas que tienen que ser buenas en la pista y fuera de la pista para sentirse bien y considera que esa ser\u00e1 la decisi\u00f3n correcta aunque pueda resultar est\u00fapida para alguien.<\/p>\n<p>&nbsp;<\/p>\n<p>Kimi Raikkonen asegura que no hay nada decidido todav\u00eda y que la decisi\u00f3n ser\u00e1 la que le haga sentir bien: <strong>\u201cRealmente no hay nada. Creo que ser\u00e1 un paquete general y lo que m\u00e1s me favorezca. Cualquiera que sea la decisi\u00f3n har\u00e1 sentir est\u00fapido a alguno, pero me har\u00e1 sentir bien a m\u00ed. No tengo idea de lo que suceder\u00e1. Tenemos que esperar y ver lo que vendr\u00e1, pero espero que sea lo que sea, va a ser la elecci\u00f3n correcta\u201d.<\/strong><\/p>\n<p>&nbsp;<\/p>\n<p>Tambi\u00e9n se ha especulado mucho sobre que Kimi no es hombre de ir a muchos actos de relaciones p\u00fablicas y promocionales y en Lotus respetan su manera de ser, pero el piloto asegura que es siempre similar y que no es un problema: <strong>\u201cEs evidente que no se puede tener una garant\u00eda de lo que va a pasar el a\u00f1o que viene con cualquier equipo o cualquier coche. Hay muchos rumores sobre los d\u00edas de PR, pero tenemos diez y otros equipos tienen cien. He estado en la mayor\u00eda de equipos punteros, y s\u00e9 exactamente c\u00f3mo va, si juntas las cosas que haces durante la semana y durante el fin de semana, cada uno tiene una forma distinta de contar los d\u00edas. Estoy seguro de que -al menos seg\u00fan s\u00e9- la diferencia entre equipos no se basa en d\u00edas y no es un factor decisivo\u201d.<\/strong><\/p>\n<p>&nbsp;<\/p>\n<p>Kimi no cree que haya un modo de saber cu\u00e1l es la decisi\u00f3n correcta por lo que har\u00e1 lo que considere bueno para el dentro y fuera de la pista, para sentirse bien:<strong> \u201cCreo que es como he dicho antes, es una combinaci\u00f3n de cosas y tiene que ser bueno en la pista y fuera de la pista. B\u00e1sicamente todo lo que s\u00f3lo tiene que sentirse bien y creo que al final todo se reduce a lo que creo que es la decisi\u00f3n correcta y no habr\u00e1 ninguna garant\u00eda de que la elecci\u00f3n ser\u00e1 el bueno en el largo plazo, pero estoy bien con \u00e9l, cualquiera que sea el resultado ser\u00e1, vives con las opciones.\u201d<\/strong><\/p>\n<p>&nbsp;<\/p>\n<p>Tampoco los cambios que van a llegar a F1 con los nuevos motores son decisivos para Kimi, ya que, no se sabe que pasara el a\u00f1o que viene: <strong>\u201cEs evidente que ser\u00eda mucho m\u00e1s f\u00e1cil para todo el mundo hacerse una idea de lo que va a pasar el a\u00f1o que viene sin esos grandes cambios, pero es lo que hay. Realmente depende de si un fabricante del motor lo hace bien y otro mal, entonces podr\u00eda hacerse larga la temporada para algunos equipos y m\u00e1s f\u00e1cil para otros, pero no s\u00e9. Se oyen rumores, pero eso es todo lo que s\u00e9 al respecto\u00bb<\/strong><\/p>\n<p>&nbsp;<\/p>\n<p><strong>Imagen:<\/strong> David Sarr\u00f3<\/p>\n<div class=\"sharedaddy sd-sharing-enabled\"><div class=\"robots-nocontent sd-block sd-social sd-social-official sd-sharing\"><h3 class=\"sd-title\">Opciones Sociales:<\/h3><div class=\"sd-content\"><ul><li class=\"share-facebook\"><div class=\"fb-share-button\" data-href=\"http:\/\/www.michael-schumacher.es\/noticias-f1\/2013\/07\/26\/kimi-raikkonen-la-decision-correcta-es-con-la-que-me-sienta-bien\/\" data-layout=\"button_count\"><\/div><\/li><li class=\"share-twitter\"><a href=\"https:\/\/twitter.com\/share\" class=\"twitter-share-button\" data-url=\"http:\/\/www.michael-schumacher.es\/noticias-f1\/2013\/07\/26\/kimi-raikkonen-la-decision-correcta-es-con-la-que-me-sienta-bien\/\" data-text=\"Kimi Raikkonen: La decisi\u00f3n correcta es, con la que me sienta bien\"  >Tweet<\/a><\/li><li class=\"share-email\"><a rel=\"nofollow noopener noreferrer\" data-shared=\"\" class=\"share-email sd-button\" href=\"http:\/\/www.michael-schumacher.es\/noticias-f1\/2013\/07\/26\/kimi-raikkonen-la-decision-correcta-es-con-la-que-me-sienta-bien\/?share=email\" target=\"_blank\" title=\"Haz clic para enviar por correo electr\u00f3nico a un amigo\"><span>Correo electr\u00f3nico<\/span><\/a><\/li><li class=\"share-end\"><\/li><\/ul><\/div><\/div><\/div>","protected":false},"excerpt":{"rendered":"<p>Kimi Raikkonen tiene todav\u00eda dudas sobre su futuro, al igual que Red Bull que tampoco parece decidido a que piloto fichar. Pero para Kimi hay muchos factores importantes que resume para el piloto en una combinaci\u00f3n de cosas que tienen que ser buenas en la pista y fuera de la pista para sentirse bien y [&hellip;]<\/p>\n<div class=\"sharedaddy sd-sharing-enabled\"><div class=\"robots-nocontent sd-block sd-social sd-social-official sd-sharing\"><h3 class=\"sd-title\">Opciones Sociales:<\/h3><div class=\"sd-content\"><ul><li class=\"share-facebook\"><div class=\"fb-share-button\" data-href=\"http:\/\/www.michael-schumacher.es\/noticias-f1\/2013\/07\/26\/kimi-raikkonen-la-decision-correcta-es-con-la-que-me-sienta-bien\/\" data-layout=\"button_count\"><\/div><\/li><li class=\"share-twitter\"><a href=\"https:\/\/twitter.com\/share\" class=\"twitter-share-button\" data-url=\"http:\/\/www.michael-schumacher.es\/noticias-f1\/2013\/07\/26\/kimi-raikkonen-la-decision-correcta-es-con-la-que-me-sienta-bien\/\" data-text=\"Kimi Raikkonen: La decisi\u00f3n correcta es, con la que me sienta bien\"  >Tweet<\/a><\/li><li class=\"share-email\"><a rel=\"nofollow noopener noreferrer\" data-shared=\"\" class=\"share-email sd-button\" href=\"http:\/\/www.michael-schumacher.es\/noticias-f1\/2013\/07\/26\/kimi-raikkonen-la-decision-correcta-es-con-la-que-me-sienta-bien\/?share=email\" target=\"_blank\" title=\"Haz clic para enviar por correo electr\u00f3nico a un amigo\"><span>Correo electr\u00f3nico<\/span><\/a><\/li><li class=\"share-end\"><\/li><\/ul><\/div><\/div><\/div>","protected":false},"author":3,"featured_media":0,"comment_status":"open","ping_status":"open","sticky":false,"template":"","format":"standard","meta":{"_monsterinsights_skip_tracking":false,"_monsterinsights_sitenote_active":false,"_monsterinsights_sitenote_note":"","_monsterinsights_sitenote_category":0,"spay_email":"","jetpack_publicize_message":"","jetpack_is_tweetstorm":false,"jetpack_publicize_feature_enabled":true},"categories":[3],"tags":[373,758,3092,1528,17,15,557,81,26,72,24,51,3836,238],"jetpack_featured_media_url":"","jetpack_publicize_connections":[],"jetpack_sharing_enabled":true,"jetpack_shortlink":"https:\/\/wp.me\/p27q3P-31i","_links":{"self":[{"href":"http:\/\/www.michael-schumacher.es\/noticias-f1\/wp-json\/wp\/v2\/posts\/11612"}],"collection":[{"href":"http:\/\/www.michael-schumacher.es\/noticias-f1\/wp-json\/wp\/v2\/posts"}],"about":[{"href":"http:\/\/www.michael-schumacher.es\/noticias-f1\/wp-json\/wp\/v2\/types\/post"}],"author":[{"embeddable":true,"href":"http:\/\/www.michael-schumacher.es\/noticias-f1\/wp-json\/wp\/v2\/users\/3"}],"replies":[{"embeddable":true,"href":"http:\/\/www.michael-schumacher.es\/noticias-f1\/wp-json\/wp\/v2\/comments?post=11612"}],"version-history":[{"count":0,"href":"http:\/\/www.michael-schumacher.es\/noticias-f1\/wp-json\/wp\/v2\/posts\/11612\/revisions"}],"wp:attachment":[{"href":"http:\/\/www.michael-schumacher.es\/noticias-f1\/wp-json\/wp\/v2\/media?parent=11612"}],"wp:term":[{"taxonomy":"category","embeddable":true,"href":"http:\/\/www.michael-schumacher.es\/noticias-f1\/wp-json\/wp\/v2\/categories?post=11612"},{"taxonomy":"post_tag","embeddable":true,"href":"http:\/\/www.michael-schumacher.es\/noticias-f1\/wp-json\/wp\/v2\/tags?post=11612"}],"curies":[{"name":"wp","href":"https:\/\/api.w.org\/{rel}","templated":true}]}}