{"id":11634,"date":"2013-07-27T02:53:50","date_gmt":"2013-07-27T00:53:50","guid":{"rendered":"http:\/\/www.michael-schumacher.es\/noticias-f1\/?p=11634"},"modified":"2013-07-27T02:53:51","modified_gmt":"2013-07-27T00:53:51","slug":"entrenamientos-gp-de-hungria-hungaroring-2013-sauber","status":"publish","type":"post","link":"http:\/\/www.michael-schumacher.es\/noticias-f1\/2013\/07\/27\/entrenamientos-gp-de-hungria-hungaroring-2013-sauber\/","title":{"rendered":"Entrenamientos GP de Hungr\u00eda, Hungaroring 2013. Sauber"},"content":{"rendered":"<p><a href=\"http:\/\/www.michael-schumacher.es\/noticias-f1\/wp-content\/uploads\/2013\/04\/esteban_gutierrez_test-bcn-2013_david-sarro.jpg\"><img loading=\"lazy\" class=\"alignleft\" alt=\"esteban_gutierrez_test-bcn-2013_david-sarro\" src=\"http:\/\/www.michael-schumacher.es\/noticias-f1\/wp-content\/uploads\/2013\/04\/esteban_gutierrez_test-bcn-2013_david-sarro.jpg\" width=\"200\" height=\"133\" \/><\/a>El equipo Sauber ha tenido una ocupada jornada probando su actualizaci\u00f3n que incluye, entre otras piezas, una nueva carrocer\u00eda trasera y un paquete de escape. El paquete est\u00e1 dando el resultado esperado por lo que el equipo considera que ha sido un viernes productivo y con esta base esperan seguir avanzando para obtener el m\u00e1ximo rendimiento para calificaci\u00f3n y el resto del fin de semana.<\/p>\n<p><!--more--> <!--noteaser--><\/p>\n<p><a href=\"http:\/\/www.michael-schumacher.es\/noticias-f1\/wp-content\/uploads\/2013\/04\/esteban_gutierrez_test-bcn-2013_david-sarro.jpg\"><img loading=\"lazy\" class=\"aligncenter size-full wp-image-9045\" alt=\"esteban_gutierrez_test-bcn-2013_david-sarro\" src=\"http:\/\/www.michael-schumacher.es\/noticias-f1\/wp-content\/uploads\/2013\/04\/esteban_gutierrez_test-bcn-2013_david-sarro.jpg\" width=\"650\" height=\"433\" srcset=\"http:\/\/www.michael-schumacher.es\/noticias-f1\/wp-content\/uploads\/2013\/04\/esteban_gutierrez_test-bcn-2013_david-sarro.jpg 650w, http:\/\/www.michael-schumacher.es\/noticias-f1\/wp-content\/uploads\/2013\/04\/esteban_gutierrez_test-bcn-2013_david-sarro-300x199.jpg 300w\" sizes=\"(max-width: 650px) 100vw, 650px\" \/><\/a><\/p>\n<p>&nbsp;<\/p>\n<p>El equipo Sauber ha tenido una ocupada jornada probando su actualizaci\u00f3n que incluye, entre otras piezas, una nueva carrocer\u00eda trasera y un paquete de escape. El paquete est\u00e1 dando el resultado esperado por lo que el equipo considera que ha sido un viernes productivo y con esta base esperan seguir avanzando para obtener el m\u00e1ximo rendimiento para calificaci\u00f3n y el resto del fin de semana.<\/p>\n<p>&nbsp;<\/p>\n<p>Nico H\u00fclkenberg ha finalizado en la sesi\u00f3n de la ma\u00f1ana en posici\u00f3n 16\u00ba y la sesi\u00f3n de la tarde en posici\u00f3n 15\u00ba, en lo que describe el piloto como un buen viernes, el ritmo parece bueno en tandas largas y con esta buena base y las pruebas realizadas espera mejorar para ma\u00f1ana. Esteban Guti\u00e9rrez ha finalizado en la ma\u00f1ana en posici\u00f3n 11\u00ba\u00a0 y en la sesi\u00f3n de tarde consigui\u00f3 finalizar en posici\u00f3n 14\u00ba, considera que ha sido un productivo viernes aunque cree que todav\u00eda tienen que empujar para mejorar en la clasificaci\u00f3n. Sin duda estaremos empujando para mejorar ya que est\u00e1 bastante seguro de que tendr\u00e1n un buen fin de semana, mejor que en otras carreras.<\/p>\n<p>&nbsp;<\/p>\n<p><strong>Nico H\u00fclkenberg:<\/strong> <em>\u00abHa sido un buen viernes. Creo que el nivel de rendimiento es un poco dif\u00edcil de juzgar. Todav\u00eda tenemos que trabajar en el ritmo bajo de combustible, especialmente para la calificaci\u00f3n. Mi carrera con los neum\u00e1ticos medios no era la mejor, as\u00ed que hay margen de mejora all\u00ed. El largo plazo es bastante consistente y en t\u00e9rminos de ritmo tambi\u00e9n parec\u00eda razonable. Tenemos una buena base e hicimos todas las pruebas que ten\u00edamos que hacer. Los neum\u00e1ticos eran bastante sencillos. Ahora tenemos que seguir trabajando, mejorar peque\u00f1os detalles y ver d\u00f3nde terminamos ma\u00f1ana\u00bb.<\/em><\/p>\n<p>&nbsp;<\/p>\n<p><strong>Esteban Guti\u00e9rrez:<\/strong> <em>\u00abEn general, fue un productivo Viernes. Pudimos sacar algunas conclusiones acerca de las nuevas piezas que hemos tra\u00eddo aqu\u00ed, y parece que todo est\u00e1 funcionando como se esperaba. Pero todav\u00eda tenemos que esperar y ver qu\u00e9 pasa en la clasificaci\u00f3n. Sin duda estaremos empujando para mejorar. El tiempo es todo un reto para los neum\u00e1ticos, como vimos esta tarde, pero eso es algo a lo que todo el mundo tiene que hacer frente. Es una cuesti\u00f3n de encontrar el equilibrio adecuado entre la cantidad que se puede empujar y cu\u00e1nto tiempo desea que los neum\u00e1ticos duren en una tanda. El comportamiento de los neum\u00e1ticos es diferente. Son un poco m\u00e1s dif\u00edciles de calentar, pero dura m\u00e1s tiempo. Ahora tenemos que adaptarnos lo m\u00e1s r\u00e1pido posible. En general, estoy bastante seguro de que podemos conseguir un resultado mejor que en las carreras anteriores.\u00bb<\/em><\/p>\n<p>&nbsp;<\/p>\n<p><strong>Tom McCullough, Director de Ingenier\u00eda de la pista:<\/strong> <em>\u00abEn FP1 nos dividimos el programa entre los dos coches, lo que nos permite entender las diferentes \u00e1reas del paquete de actualizaci\u00f3n. FP2 era una comparaci\u00f3n de neum\u00e1ticos de serie con los neum\u00e1ticos Pirelli de construcci\u00f3n 2012. En general, el paquete entregado es lo que esper\u00e1bamos, y estamos contentos con los datos que hemos recogido hoy, concentr\u00e1ndose principalmente en la informaci\u00f3n de la carrera. Ma\u00f1ana por la ma\u00f1ana estaremos prepar\u00e1ndonos para asegurarnos de obtener el m\u00e1ximo rendimiento del paquete que se ajuste a la calificaci\u00f3n\u00bb.<\/em><\/p>\n<p>&nbsp;<\/p>\n<p><strong>Imagen:<\/strong> David Sarr\u00f3<\/p>\n<div class=\"sharedaddy sd-sharing-enabled\"><div class=\"robots-nocontent sd-block sd-social sd-social-official sd-sharing\"><h3 class=\"sd-title\">Opciones Sociales:<\/h3><div class=\"sd-content\"><ul><li class=\"share-facebook\"><div class=\"fb-share-button\" data-href=\"http:\/\/www.michael-schumacher.es\/noticias-f1\/2013\/07\/27\/entrenamientos-gp-de-hungria-hungaroring-2013-sauber\/\" data-layout=\"button_count\"><\/div><\/li><li class=\"share-twitter\"><a href=\"https:\/\/twitter.com\/share\" class=\"twitter-share-button\" data-url=\"http:\/\/www.michael-schumacher.es\/noticias-f1\/2013\/07\/27\/entrenamientos-gp-de-hungria-hungaroring-2013-sauber\/\" data-text=\"Entrenamientos GP de Hungr\u00eda, Hungaroring 2013. Sauber\"  >Tweet<\/a><\/li><li class=\"share-email\"><a rel=\"nofollow noopener noreferrer\" data-shared=\"\" class=\"share-email sd-button\" href=\"http:\/\/www.michael-schumacher.es\/noticias-f1\/2013\/07\/27\/entrenamientos-gp-de-hungria-hungaroring-2013-sauber\/?share=email\" target=\"_blank\" title=\"Haz clic para enviar por correo electr\u00f3nico a un amigo\"><span>Correo electr\u00f3nico<\/span><\/a><\/li><li class=\"share-end\"><\/li><\/ul><\/div><\/div><\/div>","protected":false},"excerpt":{"rendered":"<p>El equipo Sauber ha tenido una ocupada jornada probando su actualizaci\u00f3n que incluye, entre otras piezas, una nueva carrocer\u00eda trasera y un paquete de escape. El paquete est\u00e1 dando el resultado esperado por lo que el equipo considera que ha sido un viernes productivo y con esta base esperan seguir avanzando para obtener el m\u00e1ximo [&hellip;]<\/p>\n<div class=\"sharedaddy sd-sharing-enabled\"><div class=\"robots-nocontent sd-block sd-social sd-social-official sd-sharing\"><h3 class=\"sd-title\">Opciones Sociales:<\/h3><div class=\"sd-content\"><ul><li class=\"share-facebook\"><div class=\"fb-share-button\" data-href=\"http:\/\/www.michael-schumacher.es\/noticias-f1\/2013\/07\/27\/entrenamientos-gp-de-hungria-hungaroring-2013-sauber\/\" data-layout=\"button_count\"><\/div><\/li><li class=\"share-twitter\"><a href=\"https:\/\/twitter.com\/share\" class=\"twitter-share-button\" data-url=\"http:\/\/www.michael-schumacher.es\/noticias-f1\/2013\/07\/27\/entrenamientos-gp-de-hungria-hungaroring-2013-sauber\/\" data-text=\"Entrenamientos GP de Hungr\u00eda, Hungaroring 2013. Sauber\"  >Tweet<\/a><\/li><li class=\"share-email\"><a rel=\"nofollow noopener noreferrer\" data-shared=\"\" class=\"share-email sd-button\" href=\"http:\/\/www.michael-schumacher.es\/noticias-f1\/2013\/07\/27\/entrenamientos-gp-de-hungria-hungaroring-2013-sauber\/?share=email\" target=\"_blank\" title=\"Haz clic para enviar por correo electr\u00f3nico a un amigo\"><span>Correo electr\u00f3nico<\/span><\/a><\/li><li class=\"share-end\"><\/li><\/ul><\/div><\/div><\/div>","protected":false},"author":3,"featured_media":0,"comment_status":"open","ping_status":"open","sticky":false,"template":"","format":"standard","meta":{"_monsterinsights_skip_tracking":false,"_monsterinsights_sitenote_active":false,"_monsterinsights_sitenote_note":"","_monsterinsights_sitenote_category":0,"spay_email":"","jetpack_publicize_message":"","jetpack_is_tweetstorm":false,"jetpack_publicize_feature_enabled":true},"categories":[67,3],"tags":[373,273,131,393,1751,17,15,6,8,2059,112,629,274,379,111,1245,86,3018],"jetpack_featured_media_url":"","jetpack_publicize_connections":[],"jetpack_sharing_enabled":true,"jetpack_shortlink":"https:\/\/wp.me\/p27q3P-31E","_links":{"self":[{"href":"http:\/\/www.michael-schumacher.es\/noticias-f1\/wp-json\/wp\/v2\/posts\/11634"}],"collection":[{"href":"http:\/\/www.michael-schumacher.es\/noticias-f1\/wp-json\/wp\/v2\/posts"}],"about":[{"href":"http:\/\/www.michael-schumacher.es\/noticias-f1\/wp-json\/wp\/v2\/types\/post"}],"author":[{"embeddable":true,"href":"http:\/\/www.michael-schumacher.es\/noticias-f1\/wp-json\/wp\/v2\/users\/3"}],"replies":[{"embeddable":true,"href":"http:\/\/www.michael-schumacher.es\/noticias-f1\/wp-json\/wp\/v2\/comments?post=11634"}],"version-history":[{"count":0,"href":"http:\/\/www.michael-schumacher.es\/noticias-f1\/wp-json\/wp\/v2\/posts\/11634\/revisions"}],"wp:attachment":[{"href":"http:\/\/www.michael-schumacher.es\/noticias-f1\/wp-json\/wp\/v2\/media?parent=11634"}],"wp:term":[{"taxonomy":"category","embeddable":true,"href":"http:\/\/www.michael-schumacher.es\/noticias-f1\/wp-json\/wp\/v2\/categories?post=11634"},{"taxonomy":"post_tag","embeddable":true,"href":"http:\/\/www.michael-schumacher.es\/noticias-f1\/wp-json\/wp\/v2\/tags?post=11634"}],"curies":[{"name":"wp","href":"https:\/\/api.w.org\/{rel}","templated":true}]}}