{"id":11702,"date":"2013-07-28T19:48:43","date_gmt":"2013-07-28T17:48:43","guid":{"rendered":"http:\/\/www.michael-schumacher.es\/noticias-f1\/?p=11702"},"modified":"2013-07-28T19:48:43","modified_gmt":"2013-07-28T17:48:43","slug":"balance-gp-de-hungria-hungaroring-2013-toro-rosso","status":"publish","type":"post","link":"http:\/\/www.michael-schumacher.es\/noticias-f1\/2013\/07\/28\/balance-gp-de-hungria-hungaroring-2013-toro-rosso\/","title":{"rendered":"Balance GP de Hungr\u00eda, Hungaroring 2013. Toro Rosso"},"content":{"rendered":"<p><a href=\"http:\/\/www.michael-schumacher.es\/noticias-f1\/wp-content\/uploads\/2013\/03\/jean-eric_vergne_test-bcn-2013_david-sarro.jpg\"><img loading=\"lazy\" class=\"alignleft\" alt=\"Jean-Eric Vergne - Test Bcn 2013 David Sarr\u00f3\" src=\"http:\/\/www.michael-schumacher.es\/noticias-f1\/wp-content\/uploads\/2013\/03\/jean-eric_vergne_test-bcn-2013_david-sarro.jpg\" width=\"202\" height=\"134\" \/><\/a>El equipo Toro Rosso ha vuelto a sufrir en condiciones de fuerte calor y ha finalizado la carrera con sus dos monoplazas fuera de la zona de puntos pese a haber conseguido ayer una excelente octava\u00a0 posici\u00f3n de parrilla. Pero el equipo va a trabajar duro para mejorar en condiciones de calor.<\/p>\n<p><!--more--> <!--noteaser--><\/p>\n<p><a href=\"http:\/\/www.michael-schumacher.es\/noticias-f1\/wp-content\/uploads\/2013\/03\/jean-eric_vergne_test-bcn-2013_david-sarro.jpg\"><img loading=\"lazy\" class=\"aligncenter size-full wp-image-8335\" alt=\"Jean-Eric Vergne - Test Bcn 2013 David Sarr\u00f3\" src=\"http:\/\/www.michael-schumacher.es\/noticias-f1\/wp-content\/uploads\/2013\/03\/jean-eric_vergne_test-bcn-2013_david-sarro.jpg\" width=\"650\" height=\"433\" srcset=\"http:\/\/www.michael-schumacher.es\/noticias-f1\/wp-content\/uploads\/2013\/03\/jean-eric_vergne_test-bcn-2013_david-sarro.jpg 650w, http:\/\/www.michael-schumacher.es\/noticias-f1\/wp-content\/uploads\/2013\/03\/jean-eric_vergne_test-bcn-2013_david-sarro-300x199.jpg 300w\" sizes=\"(max-width: 650px) 100vw, 650px\" \/><\/a><\/p>\n<p>&nbsp;<\/p>\n<p>El equipo Toro Rosso ha vuelto a sufrir en condiciones de fuerte calor y ha finalizado la carrera con sus dos monoplazas fuera de la zona de puntos pese a haber conseguido ayer una excelente octava\u00a0 posici\u00f3n de parrilla. Pero el equipo va a trabajar duro para mejorar en condiciones de calor.<\/p>\n<p>&nbsp;<\/p>\n<p>Jean-Eric Vergne ha finalizado la carrera en posici\u00f3n 12\u00ba, por delante de su compa\u00f1ero de equipo, pero fuera de la zona de puntos, el piloto destaca que van a trabajar duro para volver de las vacaciones y hacer una s\u00f3lida segunda mitad del campeonato. Daniel Ricciardo ha finalizado la carrera en posici\u00f3n 13\u00ba, pese a que sal\u00eda en la posici\u00f3n octava no tenia ritmo y no pudo mantenerla, por lo que ha acabado por detr\u00e1s de su compa\u00f1ero, el piloto intento mantenerse y cuidar los neum\u00e1ticos pero no fue posible y la falta de ritmo considera que ha tenido que ver con el calor.<\/p>\n<p>&nbsp;<\/p>\n<p><strong>Jean-Eric Vergne :<\/strong> <em>\u00abUna carrera dif\u00edcil despu\u00e9s de que vimos ayer, en particular con Daniel, que el coche tiene un buen ritmo, pero en la carrera que luch\u00f3 y no pudo igualar a nuestros rivales habituales. Hice lo que pude despu\u00e9s de un mal comienzo, lo que significaba que ten\u00eda que luchar para volver a donde estaba. \u00bfVencer a mi compa\u00f1ero de equipo? No significa nada, sobre todo cuando estamos fuera de los puntos. Prefiero terminar detr\u00e1s de \u00e9l dentro de los puntos. La fiesta empieza pronto, pero mi objetivo sigue siendo en las carreras y voy a estar haciendo un mont\u00f3n de entrenamiento para estar en buena forma para tener una s\u00f3lida segunda mitad de la temporada. A\u00fan nos queda una semana para que, junto con los ingenieros, hagamos mucho trabajo\u00bb.<\/em><\/p>\n<p>&nbsp;<\/p>\n<p><strong>\u00a0Daniel Ricciardo:<\/strong> <em>\u00abDesde el principio, estaba claro que no era realmente r\u00e1pido. Trat\u00e9 de mantener la posici\u00f3n el tiempo que pude, pero est\u00e1bamos demasiado lentos. Hice mi mejor esfuerzo en t\u00e9rminos de tratar de mantener un buen ritmo y cuidar los neum\u00e1ticos, pero hoy no fue suficiente para ir en busca de puntos. Nos dio un poco m\u00e1s del coche en la calificaci\u00f3n de ayer, pero es dif\u00edcil de repetir durante setenta vueltas. Luchamos en Nurburgring, as\u00ed que el calor tiene algo que ver con eso. No podemos igualar nuestros competidores hoy, justo velocidad que deseamos cuando tenemos una gran carga de combustible, que es lo contrario de lo que sol\u00edamos ver con el coche del a\u00f1o pasado\u201d.<\/em><\/p>\n<p>&nbsp;<\/p>\n<p><strong>Franz Tost:<\/strong> <em>\u00abUna carrera dif\u00edcil para nosotros, ya que pone de relieve lo que parece siendo nuestro punto d\u00e9bil en este momento, es decir, competir en condiciones de calor y con la temperatura de la pista superior a 50 grados, este fue el Gran Premio m\u00e1s caliente del a\u00f1o. Los per\u00edodos de salida fueron dif\u00edciles en ambos coches, pero hacia el final, recogieron un poco m\u00e1s de ritmo que vimos que nos acerca a los Sauber y los Force Indias. Esperemos que cuando volvamos a competir en condiciones m\u00e1s fr\u00edas, podemos una vez m\u00e1s volver a los puntos. Sin embargo, habr\u00e1 carreras m\u00e1s calientes, por lo que hay que investigar formas de mejorar nuestro coche para estas condiciones. Hemos vuelto a demostrar este fin de semana que el coche es r\u00e1pido, ya que conseguimos un quinto top ten en la parrilla consecutiva, pero por supuesto que no hay puntos por eso. Todav\u00eda tenemos una semana para trabajar antes de la parada estival f\u00e1brica forzosa y vamos a trabajar sin descanso para asegurar que volver en mejor forma para el Spa. \u00ab<\/em><\/p>\n<p>&nbsp;<\/p>\n<p><strong>Imagen:<\/strong> David Sarr\u00f3<\/p>\n<div class=\"sharedaddy sd-sharing-enabled\"><div class=\"robots-nocontent sd-block sd-social sd-social-official sd-sharing\"><h3 class=\"sd-title\">Opciones Sociales:<\/h3><div class=\"sd-content\"><ul><li class=\"share-facebook\"><div class=\"fb-share-button\" data-href=\"http:\/\/www.michael-schumacher.es\/noticias-f1\/2013\/07\/28\/balance-gp-de-hungria-hungaroring-2013-toro-rosso\/\" data-layout=\"button_count\"><\/div><\/li><li class=\"share-twitter\"><a href=\"https:\/\/twitter.com\/share\" class=\"twitter-share-button\" data-url=\"http:\/\/www.michael-schumacher.es\/noticias-f1\/2013\/07\/28\/balance-gp-de-hungria-hungaroring-2013-toro-rosso\/\" data-text=\"Balance GP de Hungr\u00eda, Hungaroring 2013. Toro Rosso\"  >Tweet<\/a><\/li><li class=\"share-email\"><a rel=\"nofollow noopener noreferrer\" data-shared=\"\" class=\"share-email sd-button\" href=\"http:\/\/www.michael-schumacher.es\/noticias-f1\/2013\/07\/28\/balance-gp-de-hungria-hungaroring-2013-toro-rosso\/?share=email\" target=\"_blank\" title=\"Haz clic para enviar por correo electr\u00f3nico a un amigo\"><span>Correo electr\u00f3nico<\/span><\/a><\/li><li class=\"share-end\"><\/li><\/ul><\/div><\/div><\/div>","protected":false},"excerpt":{"rendered":"<p>El equipo Toro Rosso ha vuelto a sufrir en condiciones de fuerte calor y ha finalizado la carrera con sus dos monoplazas fuera de la zona de puntos pese a haber conseguido ayer una excelente octava\u00a0 posici\u00f3n de parrilla. Pero el equipo va a trabajar duro para mejorar en condiciones de calor.<\/p>\n<div class=\"sharedaddy sd-sharing-enabled\"><div class=\"robots-nocontent sd-block sd-social sd-social-official sd-sharing\"><h3 class=\"sd-title\">Opciones Sociales:<\/h3><div class=\"sd-content\"><ul><li class=\"share-facebook\"><div class=\"fb-share-button\" data-href=\"http:\/\/www.michael-schumacher.es\/noticias-f1\/2013\/07\/28\/balance-gp-de-hungria-hungaroring-2013-toro-rosso\/\" data-layout=\"button_count\"><\/div><\/li><li class=\"share-twitter\"><a href=\"https:\/\/twitter.com\/share\" class=\"twitter-share-button\" data-url=\"http:\/\/www.michael-schumacher.es\/noticias-f1\/2013\/07\/28\/balance-gp-de-hungria-hungaroring-2013-toro-rosso\/\" data-text=\"Balance GP de Hungr\u00eda, Hungaroring 2013. Toro Rosso\"  >Tweet<\/a><\/li><li class=\"share-email\"><a rel=\"nofollow noopener noreferrer\" data-shared=\"\" class=\"share-email sd-button\" href=\"http:\/\/www.michael-schumacher.es\/noticias-f1\/2013\/07\/28\/balance-gp-de-hungria-hungaroring-2013-toro-rosso\/?share=email\" target=\"_blank\" title=\"Haz clic para enviar por correo electr\u00f3nico a un amigo\"><span>Correo electr\u00f3nico<\/span><\/a><\/li><li class=\"share-end\"><\/li><\/ul><\/div><\/div><\/div>","protected":false},"author":3,"featured_media":0,"comment_status":"open","ping_status":"open","sticky":false,"template":"","format":"standard","meta":{"_monsterinsights_skip_tracking":false,"_monsterinsights_sitenote_active":false,"_monsterinsights_sitenote_note":"","_monsterinsights_sitenote_category":0,"spay_email":"","jetpack_publicize_message":"","jetpack_is_tweetstorm":false,"jetpack_publicize_feature_enabled":true},"categories":[4,3],"tags":[373,401,64,273,101,17,15,384,6,8,629,274,99,102,103,100],"jetpack_featured_media_url":"","jetpack_publicize_connections":[],"jetpack_sharing_enabled":true,"jetpack_shortlink":"https:\/\/wp.me\/p27q3P-32K","_links":{"self":[{"href":"http:\/\/www.michael-schumacher.es\/noticias-f1\/wp-json\/wp\/v2\/posts\/11702"}],"collection":[{"href":"http:\/\/www.michael-schumacher.es\/noticias-f1\/wp-json\/wp\/v2\/posts"}],"about":[{"href":"http:\/\/www.michael-schumacher.es\/noticias-f1\/wp-json\/wp\/v2\/types\/post"}],"author":[{"embeddable":true,"href":"http:\/\/www.michael-schumacher.es\/noticias-f1\/wp-json\/wp\/v2\/users\/3"}],"replies":[{"embeddable":true,"href":"http:\/\/www.michael-schumacher.es\/noticias-f1\/wp-json\/wp\/v2\/comments?post=11702"}],"version-history":[{"count":0,"href":"http:\/\/www.michael-schumacher.es\/noticias-f1\/wp-json\/wp\/v2\/posts\/11702\/revisions"}],"wp:attachment":[{"href":"http:\/\/www.michael-schumacher.es\/noticias-f1\/wp-json\/wp\/v2\/media?parent=11702"}],"wp:term":[{"taxonomy":"category","embeddable":true,"href":"http:\/\/www.michael-schumacher.es\/noticias-f1\/wp-json\/wp\/v2\/categories?post=11702"},{"taxonomy":"post_tag","embeddable":true,"href":"http:\/\/www.michael-schumacher.es\/noticias-f1\/wp-json\/wp\/v2\/tags?post=11702"}],"curies":[{"name":"wp","href":"https:\/\/api.w.org\/{rel}","templated":true}]}}