{"id":11714,"date":"2013-07-28T23:06:04","date_gmt":"2013-07-28T21:06:04","guid":{"rendered":"http:\/\/www.michael-schumacher.es\/noticias-f1\/?p=11714"},"modified":"2013-07-29T02:02:22","modified_gmt":"2013-07-29T00:02:22","slug":"balance-gp-de-hungria-hungaroring-2013-williams","status":"publish","type":"post","link":"http:\/\/www.michael-schumacher.es\/noticias-f1\/2013\/07\/28\/balance-gp-de-hungria-hungaroring-2013-williams\/","title":{"rendered":"Balance GP de Hungr\u00eda, Hungaroring 2013. Williams"},"content":{"rendered":"<p><a href=\"http:\/\/www.michael-schumacher.es\/noticias-f1\/wp-content\/uploads\/2013\/03\/pastor_maldonado_test-bcn-2013_david-sarro.jpg\"><img loading=\"lazy\" class=\"alignleft\" alt=\"pastor_maldonado_test-bcn-2013_david-sarro\" src=\"http:\/\/www.michael-schumacher.es\/noticias-f1\/wp-content\/uploads\/2013\/03\/pastor_maldonado_test-bcn-2013_david-sarro.jpg\" width=\"197\" height=\"131\" \/><\/a>El equipo Williams ha conseguido su primer punto hoy en el Gran Premio de Hungr\u00eda, lo que da motivaci\u00f3n al equipo antes de las vacaciones de verano y para volver m\u00e1s fuertes despu\u00e9s de las vacaciones para la segunda parte de la temporada.<\/p>\n<p><!--more--> <!--noteaser--><\/p>\n<p><a href=\"http:\/\/www.michael-schumacher.es\/noticias-f1\/wp-content\/uploads\/2013\/03\/pastor_maldonado_test-bcn-2013_david-sarro.jpg\"><img loading=\"lazy\" class=\"aligncenter size-full wp-image-8155\" alt=\"pastor_maldonado_test-bcn-2013_david-sarro\" src=\"http:\/\/www.michael-schumacher.es\/noticias-f1\/wp-content\/uploads\/2013\/03\/pastor_maldonado_test-bcn-2013_david-sarro.jpg\" width=\"650\" height=\"433\" srcset=\"http:\/\/www.michael-schumacher.es\/noticias-f1\/wp-content\/uploads\/2013\/03\/pastor_maldonado_test-bcn-2013_david-sarro.jpg 650w, http:\/\/www.michael-schumacher.es\/noticias-f1\/wp-content\/uploads\/2013\/03\/pastor_maldonado_test-bcn-2013_david-sarro-300x199.jpg 300w\" sizes=\"(max-width: 650px) 100vw, 650px\" \/><\/a><\/p>\n<p>&nbsp;<\/p>\n<p>El equipo Williams ha conseguido su primer punto hoy en el Gran Premio de Hungr\u00eda, lo que da motivaci\u00f3n al equipo antes de las vacaciones de verano y para volver m\u00e1s fuertes despu\u00e9s de las vacaciones para la segunda parte de la temporada.<\/p>\n<p>&nbsp;<\/p>\n<p>Pastor Maldonado ha logrado finalizar la carrera en 10 \u00ba posici\u00f3n y sumar el primer punto para el equipo en el a\u00f1o 2013, desde su posici\u00f3n 15\u00ba de salida ha logrado adelantar hasta llegar a la zona de puntos, ahora espera en la segunda parte de la temporada espera seguir sumando puntos. Valtteri Bottas por el contrario se vio obligado a retirarse por primera vez en la temporada, con un problema hidr\u00e1ulico en la vuelta 42 el equipo ahora tiene que investigar que sucedi\u00f3, ahora espera a seguir trabajando fuerte despu\u00e9s del verano.<br \/>\n<strong>Pastor Maldonado:<\/strong> <em>\u201cTuve una muy buena salida desde la P15 e hice algunos adelantamientos durante la carrera que estaban en el l\u00edmite, es especialmente grato que en esta pista es muy dif\u00edcil adelantar. El coche se sent\u00eda coherente, tal vez no tan r\u00e1pido en la segunda y tercera tandas, pero muy consistente. Tengo muchas ganas de seguir sumando puntos y ahora ser\u00e1 a\u00fan m\u00e1s fuerte en la segunda parte de la temporada\u201d.<\/em><\/p>\n<p>&nbsp;<\/p>\n<p><strong>Valtteri Bottas:<\/strong> <em>\u201cEs una pena que mi primer abandono de la temporada ya que el objetivo era terminar todas las carreras, pero no hab\u00eda nada que pudiera hacer hoy. Todav\u00eda tenemos que investigar lo que pas\u00f3, pero se sent\u00eda como fallo hidr\u00e1ulico como lo primero perd\u00ed la direcci\u00f3n asistida y despu\u00e9s el motor. Hoy no ha sido mi mejor carrera, pero en general me siento que estoy mejorando todo el tiempo y con ganas de la segunda mitad de la temporada. Felicitaciones a Pastor y el equipo en reclamar nuestro primer punto, ahora tenemos que trabajar duro para construir sobre eso cuando volvamos despu\u00e9s del verano\u201d.<\/em><\/p>\n<p>&nbsp;<\/p>\n<p><strong>Xevi Pujolar, Ingeniero Jefe de Carrera:<\/strong> <em>\u201cSab\u00edamos que iba a ser un desaf\u00edo\u00a0 las altas temperaturas de hoy, sino que nos limitamos a nuestra estrategia de tres paradas que funcionaba bien para nosotros. Pastor hizo una gran salida que le puso en directo en la pelea para luchar por los puntos. Parec\u00eda que P\u00e9rez estaba demasiado lejos hacia el final, pero el retiro tard\u00edo de Rosberg, Pastor fue capaz de recoger un punto importante para nosotros. Valtteri condujo bien, pero desafortunadamente tuvo un problema hidr\u00e1ulico que provoc\u00f3 que se detuviera en el camino. Nuestro primer punto nos da una buena motivaci\u00f3n de entrar en las vacaciones de verano para volver a\u00fan m\u00e1s fuerte para las carreras restantes de la temporada\u201d.<\/em><\/p>\n<p>&nbsp;<\/p>\n<p><strong>Laurent Debout, Renault Sport F1 l\u00edder de equipo de apoyo:<\/strong> <em>\u201cEst\u00e1bamos mucho m\u00e1s competitivos en todas las sesiones de pr\u00e1ctica de este fin de semana, as\u00ed que estamos muy contentos de sumar nuestro primer punto. Pastor hizo una gran carrera terminando 10 \u00ba, mientras que Valtteri se retir\u00f3 con un problema hidr\u00e1ulico. Seguimos haciendo algunos progresos significativos y estamos mirando adelante a anotar m\u00e1s puntos en las pr\u00f3ximas carreras\u201d.<\/em><\/p>\n<p>&nbsp;<\/p>\n<p><strong>Imagen:<\/strong> David Sarr\u00f3<\/p>\n<div class=\"sharedaddy sd-sharing-enabled\"><div class=\"robots-nocontent sd-block sd-social sd-social-official sd-sharing\"><h3 class=\"sd-title\">Opciones Sociales:<\/h3><div class=\"sd-content\"><ul><li class=\"share-facebook\"><div class=\"fb-share-button\" data-href=\"http:\/\/www.michael-schumacher.es\/noticias-f1\/2013\/07\/28\/balance-gp-de-hungria-hungaroring-2013-williams\/\" data-layout=\"button_count\"><\/div><\/li><li class=\"share-twitter\"><a href=\"https:\/\/twitter.com\/share\" class=\"twitter-share-button\" data-url=\"http:\/\/www.michael-schumacher.es\/noticias-f1\/2013\/07\/28\/balance-gp-de-hungria-hungaroring-2013-williams\/\" data-text=\"Balance GP de Hungr\u00eda, Hungaroring 2013. Williams\"  >Tweet<\/a><\/li><li class=\"share-email\"><a rel=\"nofollow noopener noreferrer\" data-shared=\"\" class=\"share-email sd-button\" href=\"http:\/\/www.michael-schumacher.es\/noticias-f1\/2013\/07\/28\/balance-gp-de-hungria-hungaroring-2013-williams\/?share=email\" target=\"_blank\" title=\"Haz clic para enviar por correo electr\u00f3nico a un amigo\"><span>Correo electr\u00f3nico<\/span><\/a><\/li><li class=\"share-end\"><\/li><\/ul><\/div><\/div><\/div>","protected":false},"excerpt":{"rendered":"<p>El equipo Williams ha conseguido su primer punto hoy en el Gran Premio de Hungr\u00eda, lo que da motivaci\u00f3n al equipo antes de las vacaciones de verano y para volver m\u00e1s fuertes despu\u00e9s de las vacaciones para la segunda parte de la temporada.<\/p>\n<div class=\"sharedaddy sd-sharing-enabled\"><div class=\"robots-nocontent sd-block sd-social sd-social-official sd-sharing\"><h3 class=\"sd-title\">Opciones Sociales:<\/h3><div class=\"sd-content\"><ul><li class=\"share-facebook\"><div class=\"fb-share-button\" data-href=\"http:\/\/www.michael-schumacher.es\/noticias-f1\/2013\/07\/28\/balance-gp-de-hungria-hungaroring-2013-williams\/\" data-layout=\"button_count\"><\/div><\/li><li class=\"share-twitter\"><a href=\"https:\/\/twitter.com\/share\" class=\"twitter-share-button\" data-url=\"http:\/\/www.michael-schumacher.es\/noticias-f1\/2013\/07\/28\/balance-gp-de-hungria-hungaroring-2013-williams\/\" data-text=\"Balance GP de Hungr\u00eda, Hungaroring 2013. Williams\"  >Tweet<\/a><\/li><li class=\"share-email\"><a rel=\"nofollow noopener noreferrer\" data-shared=\"\" class=\"share-email sd-button\" href=\"http:\/\/www.michael-schumacher.es\/noticias-f1\/2013\/07\/28\/balance-gp-de-hungria-hungaroring-2013-williams\/?share=email\" target=\"_blank\" title=\"Haz clic para enviar por correo electr\u00f3nico a un amigo\"><span>Correo electr\u00f3nico<\/span><\/a><\/li><li class=\"share-end\"><\/li><\/ul><\/div><\/div><\/div>","protected":false},"author":3,"featured_media":0,"comment_status":"open","ping_status":"open","sticky":false,"template":"","format":"standard","meta":{"_monsterinsights_skip_tracking":false,"_monsterinsights_sitenote_active":false,"_monsterinsights_sitenote_note":"","_monsterinsights_sitenote_category":0,"spay_email":"","jetpack_publicize_message":"","jetpack_is_tweetstorm":false,"jetpack_publicize_feature_enabled":true},"categories":[4,3],"tags":[373,401,64,400,273,17,15,6,8,629,274,97,96,828,93],"jetpack_featured_media_url":"","jetpack_publicize_connections":[],"jetpack_sharing_enabled":true,"jetpack_shortlink":"https:\/\/wp.me\/p27q3P-32W","_links":{"self":[{"href":"http:\/\/www.michael-schumacher.es\/noticias-f1\/wp-json\/wp\/v2\/posts\/11714"}],"collection":[{"href":"http:\/\/www.michael-schumacher.es\/noticias-f1\/wp-json\/wp\/v2\/posts"}],"about":[{"href":"http:\/\/www.michael-schumacher.es\/noticias-f1\/wp-json\/wp\/v2\/types\/post"}],"author":[{"embeddable":true,"href":"http:\/\/www.michael-schumacher.es\/noticias-f1\/wp-json\/wp\/v2\/users\/3"}],"replies":[{"embeddable":true,"href":"http:\/\/www.michael-schumacher.es\/noticias-f1\/wp-json\/wp\/v2\/comments?post=11714"}],"version-history":[{"count":0,"href":"http:\/\/www.michael-schumacher.es\/noticias-f1\/wp-json\/wp\/v2\/posts\/11714\/revisions"}],"wp:attachment":[{"href":"http:\/\/www.michael-schumacher.es\/noticias-f1\/wp-json\/wp\/v2\/media?parent=11714"}],"wp:term":[{"taxonomy":"category","embeddable":true,"href":"http:\/\/www.michael-schumacher.es\/noticias-f1\/wp-json\/wp\/v2\/categories?post=11714"},{"taxonomy":"post_tag","embeddable":true,"href":"http:\/\/www.michael-schumacher.es\/noticias-f1\/wp-json\/wp\/v2\/tags?post=11714"}],"curies":[{"name":"wp","href":"https:\/\/api.w.org\/{rel}","templated":true}]}}