{"id":11723,"date":"2013-07-29T01:56:38","date_gmt":"2013-07-28T23:56:38","guid":{"rendered":"http:\/\/www.michael-schumacher.es\/noticias-f1\/?p=11723"},"modified":"2013-07-29T01:56:38","modified_gmt":"2013-07-28T23:56:38","slug":"balance-gp-de-hungria-hungaroring-2013-force-india","status":"publish","type":"post","link":"http:\/\/www.michael-schumacher.es\/noticias-f1\/2013\/07\/29\/balance-gp-de-hungria-hungaroring-2013-force-india\/","title":{"rendered":"Balance GP de Hungr\u00eda, Hungaroring 2013. Force India"},"content":{"rendered":"<p><a href=\"http:\/\/www.michael-schumacher.es\/noticias-f1\/wp-content\/uploads\/2013\/03\/adrian_sutil_test-bcn-2013_david-sarro.jpg\"><img loading=\"lazy\" class=\"alignleft\" alt=\"Adrian Sutil - Test Bcn 2013 - David Sarr\u00f3\" src=\"http:\/\/www.michael-schumacher.es\/noticias-f1\/wp-content\/uploads\/2013\/03\/adrian_sutil_test-bcn-2013_david-sarro.jpg\" width=\"200\" height=\"133\" \/><\/a>El equipo Force India ha tenido un dif\u00edcil fin de semana y con la\u00a0 decepci\u00f3n de no poder sumar ning\u00fan punto. Ya que sus dos coches debieron ser retirados por similares problemas hidr\u00e1ulicos, pese a que ten\u00edan un ritmo como para lograr sumar alg\u00fan punto. Pero ahora llegan las vacaciones y van a analizar los problemas y trabajar duro para recuperar la\u00a0 forma al regresar en cuatro semanas, para Spa.<\/p>\n<p><!--more--> <!--noteaser--><\/p>\n<p>&nbsp;<\/p>\n<p><a href=\"http:\/\/www.michael-schumacher.es\/noticias-f1\/wp-content\/uploads\/2013\/03\/adrian_sutil_test-bcn-2013_david-sarro.jpg\"><img loading=\"lazy\" class=\"aligncenter size-full wp-image-8278\" alt=\"Adrian Sutil - Test Bcn 2013 - David Sarr\u00f3\" src=\"http:\/\/www.michael-schumacher.es\/noticias-f1\/wp-content\/uploads\/2013\/03\/adrian_sutil_test-bcn-2013_david-sarro.jpg\" width=\"650\" height=\"433\" srcset=\"http:\/\/www.michael-schumacher.es\/noticias-f1\/wp-content\/uploads\/2013\/03\/adrian_sutil_test-bcn-2013_david-sarro.jpg 650w, http:\/\/www.michael-schumacher.es\/noticias-f1\/wp-content\/uploads\/2013\/03\/adrian_sutil_test-bcn-2013_david-sarro-300x199.jpg 300w\" sizes=\"(max-width: 650px) 100vw, 650px\" \/><\/a><\/p>\n<p>&nbsp;<\/p>\n<p>El equipo Force India ha tenido un dif\u00edcil fin de semana y con la\u00a0 decepci\u00f3n de no poder sumar ning\u00fan punto. Ya que sus dos coches debieron ser retirados por similares problemas hidr\u00e1ulicos, pese a que ten\u00edan un ritmo como para lograr sumar alg\u00fan punto. Pero ahora llegan las vacaciones y van a analizar los problemas y trabajar duro para recuperar la\u00a0 forma al regresar en cuatro semanas, para Spa.<\/p>\n<p>&nbsp;<\/p>\n<p>Paul Di Resta debi\u00f3 de retirarse poco antes del final por un problema hidr\u00e1ulico similar al que tuvo Sutil, aunque hab\u00eda salido bien, en el momento de retirarse ten\u00eda pocas opciones a puntuar ya que tuvo que luchar con el equilibrio y el rendimiento del neum\u00e1tico, ahora considera que deben analizar y enfocar las cosas para la segunda parte de la temporada. Adrian Sutil que celebraba su Gran Premio n\u00famero 100 tuvo que retirarse por un problema hidr\u00e1ulico, perdiendo la buena ocasi\u00f3n de puntuar que ten\u00eda con la estrategia elegida.<\/p>\n<p>&nbsp;<\/p>\n<p><strong>Paul Di Resta:<\/strong> <em>\u00abHe hecho una buena salida y era muy agresivo en la primera vuelta. Creo que fui hasta aproximadamente P12, pero a partir de ah\u00ed fue dif\u00edcil porque yo estaba luchando con el equilibrio y el rendimiento del neum\u00e1tico. Sin la velocidad no tienen la flexibilidad necesaria para hacer el trabajo de la estrategia y los puntos que estaba buscando, estaban\u00a0 fuera de alcance. Hacia el final de la carrera, el equipo me llam\u00f3 a boxes, ya que parece que ten\u00edamos un problema hidr\u00e1ulico, similar al problema con el otro coche. Durante las vacaciones de verano, vamos a agrupar, analizar las cosas bien y dar un nuevo enfoque a la segunda parte del a\u00f1o\u201d.<\/em><\/p>\n<p>&nbsp;<\/p>\n<p><strong>Adrian Sutil:<\/strong> <em>\u00abEs decepcionante no terminar, sobre todo porque la carrera iba a mejorar para m\u00ed despu\u00e9s de un mal comienzo con los neum\u00e1ticos medios. Justo antes de mi parada ten\u00eda un problema con los cambios de marcha y no pod\u00eda cambiar m\u00e1s. Entr\u00e9 en boxes y qued\u00f3 claro que ten\u00edamos un problema hidr\u00e1ulico por lo que el equipo de inmediato me dijo de aparcar el coche. \u00ab<\/em><\/p>\n<p>&nbsp;<\/p>\n<p><strong>Dr. Vijay Mallya, director del equipo y director general:<\/strong> <em>\u00abNo ha sido el m\u00e1s f\u00e1cil de los fines de semana para nosotros y es decepcionante salir de Budapest sin ning\u00fan punto. Adrian celebra su Gran Premio n\u00famero 100 este fin de semana, pero se mantuvo fuera de suerte en Hungr\u00eda y tuvo que retirarse antes de tiempo por un problema hidr\u00e1ulico. Su estrategia se ve bien por lo que perdi\u00f3 la oportunidad de puntos de hoy. La carrera de Paul era bastante sencilla, pero no ten\u00edamos la velocidad para hacer su trabajo de estrategia de tres paradas &#8211; a pesar de su excelente comienzo. Con unas pocas vueltas para el final nos dimos cuenta de un problema hidr\u00e1ulico similar con su coche y \u00e9l tambi\u00e9n tuvo que retirarse. Con la pr\u00f3xima carrera que viene dentro de cuatro semanas, vamos a analizar nuestro desempe\u00f1o y trabajar duro para recuperar nuestra forma en Spa\u201d.<\/em><\/p>\n<p>&nbsp;<\/p>\n<p><strong>Imagen:<\/strong> David Sarr\u00f3<\/p>\n<div class=\"sharedaddy sd-sharing-enabled\"><div class=\"robots-nocontent sd-block sd-social sd-social-official sd-sharing\"><h3 class=\"sd-title\">Opciones Sociales:<\/h3><div class=\"sd-content\"><ul><li class=\"share-facebook\"><div class=\"fb-share-button\" data-href=\"http:\/\/www.michael-schumacher.es\/noticias-f1\/2013\/07\/29\/balance-gp-de-hungria-hungaroring-2013-force-india\/\" data-layout=\"button_count\"><\/div><\/li><li class=\"share-twitter\"><a href=\"https:\/\/twitter.com\/share\" class=\"twitter-share-button\" data-url=\"http:\/\/www.michael-schumacher.es\/noticias-f1\/2013\/07\/29\/balance-gp-de-hungria-hungaroring-2013-force-india\/\" data-text=\"Balance GP de Hungr\u00eda, Hungaroring 2013. Force India\"  >Tweet<\/a><\/li><li class=\"share-email\"><a rel=\"nofollow noopener noreferrer\" data-shared=\"\" class=\"share-email sd-button\" href=\"http:\/\/www.michael-schumacher.es\/noticias-f1\/2013\/07\/29\/balance-gp-de-hungria-hungaroring-2013-force-india\/?share=email\" target=\"_blank\" title=\"Haz clic para enviar por correo electr\u00f3nico a un amigo\"><span>Correo electr\u00f3nico<\/span><\/a><\/li><li class=\"share-end\"><\/li><\/ul><\/div><\/div><\/div>","protected":false},"excerpt":{"rendered":"<p>El equipo Force India ha tenido un dif\u00edcil fin de semana y con la\u00a0 decepci\u00f3n de no poder sumar ning\u00fan punto. Ya que sus dos coches debieron ser retirados por similares problemas hidr\u00e1ulicos, pese a que ten\u00edan un ritmo como para lograr sumar alg\u00fan punto. Pero ahora llegan las vacaciones y van a analizar los [&hellip;]<\/p>\n<div class=\"sharedaddy sd-sharing-enabled\"><div class=\"robots-nocontent sd-block sd-social sd-social-official sd-sharing\"><h3 class=\"sd-title\">Opciones Sociales:<\/h3><div class=\"sd-content\"><ul><li class=\"share-facebook\"><div class=\"fb-share-button\" data-href=\"http:\/\/www.michael-schumacher.es\/noticias-f1\/2013\/07\/29\/balance-gp-de-hungria-hungaroring-2013-force-india\/\" data-layout=\"button_count\"><\/div><\/li><li class=\"share-twitter\"><a href=\"https:\/\/twitter.com\/share\" class=\"twitter-share-button\" data-url=\"http:\/\/www.michael-schumacher.es\/noticias-f1\/2013\/07\/29\/balance-gp-de-hungria-hungaroring-2013-force-india\/\" data-text=\"Balance GP de Hungr\u00eda, Hungaroring 2013. Force India\"  >Tweet<\/a><\/li><li class=\"share-email\"><a rel=\"nofollow noopener noreferrer\" data-shared=\"\" class=\"share-email sd-button\" href=\"http:\/\/www.michael-schumacher.es\/noticias-f1\/2013\/07\/29\/balance-gp-de-hungria-hungaroring-2013-force-india\/?share=email\" target=\"_blank\" title=\"Haz clic para enviar por correo electr\u00f3nico a un amigo\"><span>Correo electr\u00f3nico<\/span><\/a><\/li><li class=\"share-end\"><\/li><\/ul><\/div><\/div><\/div>","protected":false},"author":3,"featured_media":0,"comment_status":"open","ping_status":"open","sticky":false,"template":"","format":"standard","meta":{"_monsterinsights_skip_tracking":false,"_monsterinsights_sitenote_active":false,"_monsterinsights_sitenote_note":"","_monsterinsights_sitenote_category":0,"spay_email":"","jetpack_publicize_message":"","jetpack_is_tweetstorm":false,"jetpack_publicize_feature_enabled":true},"categories":[4,3],"tags":[373,732,401,64,273,110,17,126,15,6,8,629,274,109,733,113],"jetpack_featured_media_url":"","jetpack_publicize_connections":[],"jetpack_sharing_enabled":true,"jetpack_shortlink":"https:\/\/wp.me\/p27q3P-335","_links":{"self":[{"href":"http:\/\/www.michael-schumacher.es\/noticias-f1\/wp-json\/wp\/v2\/posts\/11723"}],"collection":[{"href":"http:\/\/www.michael-schumacher.es\/noticias-f1\/wp-json\/wp\/v2\/posts"}],"about":[{"href":"http:\/\/www.michael-schumacher.es\/noticias-f1\/wp-json\/wp\/v2\/types\/post"}],"author":[{"embeddable":true,"href":"http:\/\/www.michael-schumacher.es\/noticias-f1\/wp-json\/wp\/v2\/users\/3"}],"replies":[{"embeddable":true,"href":"http:\/\/www.michael-schumacher.es\/noticias-f1\/wp-json\/wp\/v2\/comments?post=11723"}],"version-history":[{"count":0,"href":"http:\/\/www.michael-schumacher.es\/noticias-f1\/wp-json\/wp\/v2\/posts\/11723\/revisions"}],"wp:attachment":[{"href":"http:\/\/www.michael-schumacher.es\/noticias-f1\/wp-json\/wp\/v2\/media?parent=11723"}],"wp:term":[{"taxonomy":"category","embeddable":true,"href":"http:\/\/www.michael-schumacher.es\/noticias-f1\/wp-json\/wp\/v2\/categories?post=11723"},{"taxonomy":"post_tag","embeddable":true,"href":"http:\/\/www.michael-schumacher.es\/noticias-f1\/wp-json\/wp\/v2\/tags?post=11723"}],"curies":[{"name":"wp","href":"https:\/\/api.w.org\/{rel}","templated":true}]}}