{"id":11729,"date":"2013-07-29T03:38:28","date_gmt":"2013-07-29T01:38:28","guid":{"rendered":"http:\/\/www.michael-schumacher.es\/noticias-f1\/?p=11729"},"modified":"2013-07-29T03:38:28","modified_gmt":"2013-07-29T01:38:28","slug":"balance-gp-de-hungria-hungaroring-2013-lotus","status":"publish","type":"post","link":"http:\/\/www.michael-schumacher.es\/noticias-f1\/2013\/07\/29\/balance-gp-de-hungria-hungaroring-2013-lotus\/","title":{"rendered":"Balance GP de Hungr\u00eda, Hungaroring 2013. Lotus"},"content":{"rendered":"<p><a href=\"http:\/\/www.michael-schumacher.es\/noticias-f1\/wp-content\/uploads\/2013\/03\/kimi_raikkonen_test-bcn-2013_david-sarro.jpg\"><img loading=\"lazy\" class=\"alignleft\" alt=\"Kimi Raikkonen - Test Bcn 2013 -  David Sarr\u00f3\" src=\"http:\/\/www.michael-schumacher.es\/noticias-f1\/wp-content\/uploads\/2013\/03\/kimi_raikkonen_test-bcn-2013_david-sarro.jpg\" width=\"200\" height=\"133\" \/><\/a>El equipo Lotus ha conseguido una excelente carrera con sus dos pilotos entre los seis primeros y Kimi en el podio, ahora como todos los equipos Lotus tiene unos d\u00edas de vacaciones pero al volver consideran que van a estar luchando constantemente por el podio en cada fin de semana en la segunda parte del campeonato que se inicia en Spa el 25 de agosto.<\/p>\n<p><!--more--> <!--noteaser--><\/p>\n<p><a href=\"http:\/\/www.michael-schumacher.es\/noticias-f1\/wp-content\/uploads\/2013\/03\/kimi_raikkonen_test-bcn-2013_david-sarro.jpg\"><img loading=\"lazy\" class=\"aligncenter size-full wp-image-8261\" alt=\"Kimi Raikkonen - Test Bcn 2013 -  David Sarr\u00f3\" src=\"http:\/\/www.michael-schumacher.es\/noticias-f1\/wp-content\/uploads\/2013\/03\/kimi_raikkonen_test-bcn-2013_david-sarro.jpg\" width=\"650\" height=\"433\" srcset=\"http:\/\/www.michael-schumacher.es\/noticias-f1\/wp-content\/uploads\/2013\/03\/kimi_raikkonen_test-bcn-2013_david-sarro.jpg 650w, http:\/\/www.michael-schumacher.es\/noticias-f1\/wp-content\/uploads\/2013\/03\/kimi_raikkonen_test-bcn-2013_david-sarro-300x199.jpg 300w\" sizes=\"(max-width: 650px) 100vw, 650px\" \/><\/a><\/p>\n<p>&nbsp;<\/p>\n<p>El equipo Lotus ha conseguido una excelente carrera con sus dos pilotos entre los seis primeros y Kimi en el podio, ahora como todos los equipos Lotus tiene unos d\u00edas de vacaciones pero al volver consideran que van a estar luchando constantemente por el podio en cada fin de semana en la segunda parte del campeonato que se inicia en Spa el 25 de agosto.<\/p>\n<p>&nbsp;<\/p>\n<p>Kimi Raikkonen ha finalizado segundo y es la sexta ocasi\u00f3n en la que termina la carrera en el podio esta temporada, en una muy buena carrera de Kimi ayudado por una buena estrategia, con la que consigui\u00f3 avanzar de sexto que sal\u00eda a segundo que ha finalizado, Kimi promete que seguir\u00e1n luchando hasta el final. Romain Grosjean ha finalizado sexto y ha tenido una movida carrera con sanciones incluidas un drive-through y una sanci\u00f3n de tiempo, las que consideran duras sanciones, pero pese a todo fue una buena carrera y significa que despu\u00e9s del verano en la segunda parte de la temporada las cosas todav\u00eda pueden ir mejor.<\/p>\n<p>&nbsp;<\/p>\n<p><strong>Kimi Raikkonen:<\/strong><em>\u201dFue una buena carrera y un buen resultado para el equipo. La estrategia funcion\u00f3 bien. Hicimos dos tandas largas con los neum\u00e1ticos, pero no era demasiado malo y el coche se sent\u00eda fuerte por lo que nos permiti\u00f3 hacer una parada menos. En las \u00faltimas vueltas los neum\u00e1ticos traseros estaban un poco en el borde, pero aparte de eso, estaba bien. Terminamos en el segundo lugar despu\u00e9s de un dif\u00edcil comienzo de nuestro fin de semana, as\u00ed que creo que hemos sacado el m\u00e1ximo partido de ello. Yo no estaba en la mejor posici\u00f3n despu\u00e9s de calificar lo que la \u00fanica manera de obtener los lugares era hacer una estrategia de dos paradas. Empezamos con el plan tres paradas, pero el coche se sent\u00eda bien as\u00ed que pudimos hacer una menos. En el \u00faltimo par de vueltas me ha costado un poco m\u00e1s con los neum\u00e1ticos, pero Sebastian pod\u00eda conseguir adelantarme. Al ejecutar 15 vueltas m\u00e1s con un juego de neum\u00e1ticos que sus rivales vas a sufrir en alg\u00fan momento. Funcion\u00f3 para nosotros hoy. El principal punto positivo es que hemos ganado algunos puntos a Seb en el Campeonato. Por supuesto que podr\u00edamos haber cerrado la brecha tal vez un poco m\u00e1s con una victoria, pero cualquier cosa que podamos sumar va a ayudar. S\u00f3lo estamos a mitad de temporada y va a ser dif\u00edcil de alcanzar, pero cualquier cosa puede suceder aun as\u00ed vamos a seguir luchando hasta el final\u201d<\/em><\/p>\n<p>&nbsp;<\/p>\n<p><strong>Romain Grosjean:<\/strong> <em>\u201cSeguramente es algo que se escap\u00f3, pero estoy muy contento con mi carrera y, sinceramente, no creo que podr\u00eda haber hecho mucho m\u00e1s. Al final de la carrera, estaba haciendo todo lo posible para superar a Fernando [Alonso], pero \u00e9l tiene mucha experiencia y es muy dif\u00edcil adelantar. Tal vez la estrategia no funcion\u00f3 como quer\u00edamos, pero el coche ha ido muy bien y que era el tr\u00e1fico lo que nos cost\u00f3. Un\u00a0 drive-through seguro que no ayud\u00f3 a mi carrera. He visto las im\u00e1genes y se puede ver mis ruedas est\u00e1n moment\u00e1neamente en la l\u00ednea a la salida de la esquina, pero \u00bfd\u00f3nde m\u00e1s podr\u00eda yo haber ido? Yo estaba justo al lado de Felipe [Massa] y no podr\u00eda haber movido m\u00e1s. Yo estoy aqu\u00ed para correr y complet\u00e9 un buen adelantamiento por lo que la sanci\u00f3n a\u00fan parece dura. No tengo ning\u00fan problema con el tiempo a\u00f1adido por el incidente con Jenson y me disculp\u00e9 con \u00e9l despu\u00e9s. \u00c9l fue a la izquierda de m\u00ed y yo estaba un poco demasiado a la izquierda tambi\u00e9n. Creo que la pista se estrecha a medida que avanza cuesta arriba all\u00ed, y pens\u00e9 que era m\u00e1s amplio que eso. Ahora s\u00e9 que no lo es. Afortunadamente, no hizo mucho da\u00f1o a ninguna de nuestras carreras. Fue una buena carrera hoy, al final de un buen fin de semana para el equipo que significa que las cosas se ven mejor para la segunda mitad de la temporada\u201d.<\/em><\/p>\n<p>&nbsp;<\/p>\n<p><strong>Eric Boullier, director del equipo:<\/strong> <em>\u00bb Otro buen resultado para Kimi hoy que piloto muy bien y fue respaldado por una estrategia fuerte para ayudarle a hacer el podio.\u00a0 Romain fue muy desafortunado en que no pod\u00eda adelantar a Fernando [Alonso] en los pits que le cost\u00f3 mucho tiempo, m\u00e1s el drive-through le costaron un resultado mucho mejor. \u00c9l hizo una gran jugada en un circuito donde adelantar es dif\u00edcil y no ten\u00eda espacio para hacer otra cosa. Para nosotros los Comisarios Deportivos tomaron una decisi\u00f3n fue dura la cosa m\u00e1s importante a tener en el fin de semana ha sido el ritmo del coche. Este circuito es un poco especial, y creo que habr\u00e1 algunos circuitos en los que tenemos que trabajar un poco m\u00e1s duro, pero estoy seguro de vamos a estar luchando constantemente por el podio en cada fin de semana en la segunda mitad de la temporada. Red Bull tienen un largo camino por delante, pero hemos demostrado hoy que pueden ser golpeados por lo que queremos seguir empujando todo el camino.\u00bb<\/em><\/p>\n<p>&nbsp;<\/p>\n<p><strong>Alan Permane, Trackside Director de Operaciones:<\/strong> \u00abHa sido una gran carrera hoy de Kimi &#8211; como siempre empezamos la carrera con la intenci\u00f3n de una estrategia de tres paradas, pero como la carrera juega, se hizo evidente que una parada de dos nos dar\u00eda mejores posibilidades. As\u00ed que nos cambiamos a esa estrategia. Kimi condujo magn\u00edficamente para cuidar de sus neum\u00e1ticos, pero ofrecer exactamente el ritmo que necesit\u00e1bamos en el momento adecuado. Fue recompensado por regresar al segundo lugar en el campeonato de pilotos. Me siento muy mal por Romain por lo que parece ser una pena muy dura para un fant\u00e1stico adelantamiento sobre Felipe Massa S\u00ed, \u00e9l se sali\u00f3 de la pista, pero no ten\u00eda a donde ir, sin duda, parec\u00eda una buena carrera, si no fuera por el drive-through, habr\u00edamos tenido dos coches en el podio otra vez.\u00bb<\/p>\n<p>&nbsp;<\/p>\n<p><strong>Ricardo Penteado, Renault Sport F1 Team Leader de apoyo:<\/strong> <em>\u00abTen\u00edamos muchas expectativas despu\u00e9s de nuestras posiciones de calificaci\u00f3n fuertes. Kimi ha hecho una carrera fant\u00e1stica, con una agresiva estrategia de dos paradas en boxes, que fue \u00e9xito con un segundo puesto en el podio. Romain fue muy r\u00e1pido todo el fin de semana.. Pero con la pena perdi\u00f3 toda oportunidad de llegar al podio. Hemos controlado la temperatura del motor durante toda la carrera y hemos demostrado una vez m\u00e1s que el Lotus -Renault es un paquete realmente muy r\u00e1pido. Las vacaciones de verano van a ser muy buenas y estamos con ganas de volver a la pista en Spa\u00bb.<\/em><\/p>\n<p>&nbsp;<\/p>\n<p><strong>Imagen:<\/strong> David Sarr\u00f3<\/p>\n<div class=\"sharedaddy sd-sharing-enabled\"><div class=\"robots-nocontent sd-block sd-social sd-social-official sd-sharing\"><h3 class=\"sd-title\">Opciones Sociales:<\/h3><div class=\"sd-content\"><ul><li class=\"share-facebook\"><div class=\"fb-share-button\" data-href=\"http:\/\/www.michael-schumacher.es\/noticias-f1\/2013\/07\/29\/balance-gp-de-hungria-hungaroring-2013-lotus\/\" data-layout=\"button_count\"><\/div><\/li><li class=\"share-twitter\"><a href=\"https:\/\/twitter.com\/share\" class=\"twitter-share-button\" data-url=\"http:\/\/www.michael-schumacher.es\/noticias-f1\/2013\/07\/29\/balance-gp-de-hungria-hungaroring-2013-lotus\/\" data-text=\"Balance GP de Hungr\u00eda, Hungaroring 2013. Lotus\"  >Tweet<\/a><\/li><li class=\"share-email\"><a rel=\"nofollow noopener noreferrer\" data-shared=\"\" class=\"share-email sd-button\" href=\"http:\/\/www.michael-schumacher.es\/noticias-f1\/2013\/07\/29\/balance-gp-de-hungria-hungaroring-2013-lotus\/?share=email\" target=\"_blank\" title=\"Haz clic para enviar por correo electr\u00f3nico a un amigo\"><span>Correo electr\u00f3nico<\/span><\/a><\/li><li class=\"share-end\"><\/li><\/ul><\/div><\/div><\/div>","protected":false},"excerpt":{"rendered":"<p>El equipo Lotus ha conseguido una excelente carrera con sus dos pilotos entre los seis primeros y Kimi en el podio, ahora como todos los equipos Lotus tiene unos d\u00edas de vacaciones pero al volver consideran que van a estar luchando constantemente por el podio en cada fin de semana en la segunda parte del [&hellip;]<\/p>\n<div class=\"sharedaddy sd-sharing-enabled\"><div class=\"robots-nocontent sd-block sd-social sd-social-official sd-sharing\"><h3 class=\"sd-title\">Opciones Sociales:<\/h3><div class=\"sd-content\"><ul><li class=\"share-facebook\"><div class=\"fb-share-button\" data-href=\"http:\/\/www.michael-schumacher.es\/noticias-f1\/2013\/07\/29\/balance-gp-de-hungria-hungaroring-2013-lotus\/\" data-layout=\"button_count\"><\/div><\/li><li class=\"share-twitter\"><a href=\"https:\/\/twitter.com\/share\" class=\"twitter-share-button\" data-url=\"http:\/\/www.michael-schumacher.es\/noticias-f1\/2013\/07\/29\/balance-gp-de-hungria-hungaroring-2013-lotus\/\" data-text=\"Balance GP de Hungr\u00eda, Hungaroring 2013. Lotus\"  >Tweet<\/a><\/li><li class=\"share-email\"><a rel=\"nofollow noopener noreferrer\" data-shared=\"\" class=\"share-email sd-button\" href=\"http:\/\/www.michael-schumacher.es\/noticias-f1\/2013\/07\/29\/balance-gp-de-hungria-hungaroring-2013-lotus\/?share=email\" target=\"_blank\" title=\"Haz clic para enviar por correo electr\u00f3nico a un amigo\"><span>Correo electr\u00f3nico<\/span><\/a><\/li><li class=\"share-end\"><\/li><\/ul><\/div><\/div><\/div>","protected":false},"author":3,"featured_media":0,"comment_status":"open","ping_status":"open","sticky":false,"template":"","format":"standard","meta":{"_monsterinsights_skip_tracking":false,"_monsterinsights_sitenote_active":false,"_monsterinsights_sitenote_note":"","_monsterinsights_sitenote_category":0,"spay_email":"","jetpack_publicize_message":"","jetpack_is_tweetstorm":false,"jetpack_publicize_feature_enabled":true},"categories":[4,3],"tags":[373,3044,543,401,64,443,273,232,17,15,6,83,81,26,580,24,82,21],"jetpack_featured_media_url":"","jetpack_publicize_connections":[],"jetpack_sharing_enabled":true,"jetpack_shortlink":"https:\/\/wp.me\/p27q3P-33b","_links":{"self":[{"href":"http:\/\/www.michael-schumacher.es\/noticias-f1\/wp-json\/wp\/v2\/posts\/11729"}],"collection":[{"href":"http:\/\/www.michael-schumacher.es\/noticias-f1\/wp-json\/wp\/v2\/posts"}],"about":[{"href":"http:\/\/www.michael-schumacher.es\/noticias-f1\/wp-json\/wp\/v2\/types\/post"}],"author":[{"embeddable":true,"href":"http:\/\/www.michael-schumacher.es\/noticias-f1\/wp-json\/wp\/v2\/users\/3"}],"replies":[{"embeddable":true,"href":"http:\/\/www.michael-schumacher.es\/noticias-f1\/wp-json\/wp\/v2\/comments?post=11729"}],"version-history":[{"count":0,"href":"http:\/\/www.michael-schumacher.es\/noticias-f1\/wp-json\/wp\/v2\/posts\/11729\/revisions"}],"wp:attachment":[{"href":"http:\/\/www.michael-schumacher.es\/noticias-f1\/wp-json\/wp\/v2\/media?parent=11729"}],"wp:term":[{"taxonomy":"category","embeddable":true,"href":"http:\/\/www.michael-schumacher.es\/noticias-f1\/wp-json\/wp\/v2\/categories?post=11729"},{"taxonomy":"post_tag","embeddable":true,"href":"http:\/\/www.michael-schumacher.es\/noticias-f1\/wp-json\/wp\/v2\/tags?post=11729"}],"curies":[{"name":"wp","href":"https:\/\/api.w.org\/{rel}","templated":true}]}}