{"id":11734,"date":"2013-07-29T04:16:13","date_gmt":"2013-07-29T02:16:13","guid":{"rendered":"http:\/\/www.michael-schumacher.es\/noticias-f1\/?p=11734"},"modified":"2013-07-29T04:16:13","modified_gmt":"2013-07-29T02:16:13","slug":"balance-gp-de-hungria-hungaroring-2013-mclaren","status":"publish","type":"post","link":"http:\/\/www.michael-schumacher.es\/noticias-f1\/2013\/07\/29\/balance-gp-de-hungria-hungaroring-2013-mclaren\/","title":{"rendered":"Balance GP de Hungr\u00eda, Hungaroring 2013. McLaren"},"content":{"rendered":"<p><a href=\"http:\/\/www.michael-schumacher.es\/noticias-f1\/wp-content\/uploads\/2013\/03\/jenson_button_test-bcn-2013_david-sarro.jpg\"><img loading=\"lazy\" class=\"alignleft\" alt=\"Jenson Button - Test  BCN 2013 - David sarro\" src=\"http:\/\/www.michael-schumacher.es\/noticias-f1\/wp-content\/uploads\/2013\/03\/jenson_button_test-bcn-2013_david-sarro.jpg\" width=\"200\" height=\"133\" \/><\/a>El equipo McLaren ha logrado dar otro paso adelante y termina con sus dos pilotos en la zona de puntos en este dif\u00edcil y exigente circuito para el coche y los pilotos, por lo que el equipo se va de vacaciones agradecido por el trabajo duro de todos y con el compromiso\u00a0 de seguir haciendo todo lo posible para sumar todos los puntos posibles en la segunda mitad de la temporada.<\/p>\n<p><!--more--> <!--noteaser--><\/p>\n<p><a href=\"http:\/\/www.michael-schumacher.es\/noticias-f1\/wp-content\/uploads\/2013\/03\/jenson_button_test-bcn-2013_david-sarro.jpg\"><img loading=\"lazy\" class=\"aligncenter size-full wp-image-8191\" alt=\"Jenson Button - Test  BCN 2013 - David sarro\" src=\"http:\/\/www.michael-schumacher.es\/noticias-f1\/wp-content\/uploads\/2013\/03\/jenson_button_test-bcn-2013_david-sarro.jpg\" width=\"650\" height=\"433\" srcset=\"http:\/\/www.michael-schumacher.es\/noticias-f1\/wp-content\/uploads\/2013\/03\/jenson_button_test-bcn-2013_david-sarro.jpg 650w, http:\/\/www.michael-schumacher.es\/noticias-f1\/wp-content\/uploads\/2013\/03\/jenson_button_test-bcn-2013_david-sarro-300x199.jpg 300w\" sizes=\"(max-width: 650px) 100vw, 650px\" \/><\/a><\/p>\n<p>&nbsp;<\/p>\n<p>El equipo McLaren ha logrado dar otro paso adelante y termina con sus dos pilotos en la zona de puntos en este dif\u00edcil y exigente circuito para el coche y los pilotos, por lo que el equipo se va de vacaciones agradecido por el trabajo duro de todos y con el compromiso\u00a0 de seguir haciendo todo lo posible para sumar todos los puntos posibles en la segunda mitad de la temporada.<\/p>\n<p>&nbsp;<\/p>\n<p>Jenson Button ha finalizado en s\u00e9ptima posici\u00f3n en el Gran Premio de Hungr\u00eda, en una que considera carrera divertida y con algunos incidentes con los pilotos que pretend\u00edan adelantarle, y donde ha tenido una buena carrera pasando de la posici\u00f3n 13\u00ba a la s\u00e9ptima con un buen trabajo y demostrando que han dado otro paso adelante. Sergio P\u00e9rez ha finalizado en posici\u00f3n novena en una carrera dura donde perdi\u00f3 tiempo tanto en el box como con el tr\u00e1fico, aun as\u00ed considera alentador antes de las vacaciones el resultado con los dos pilotos en los puntos.<\/p>\n<p>&nbsp;<\/p>\n<p><strong>Jenson Button:<\/strong><em> \u00abFue una carrera muy divertida &#8211; aunque parec\u00eda ser un objetivo para otros coches, Sebastian [Vettel] intento muchas veces adelantarme y toc\u00f3 mi rueda trasera en la curva dos &#8211; que podr\u00eda haber da\u00f1ado su aler\u00f3n, pero tuve la suerte de no pinchar. Con Romain [Grosjean], no s\u00e9 lo que pensaba &#8211; a no ser que me fuera a la hierba, era inevitable que \u00edbamos a chocar no s\u00e9 qu\u00e9 estaba pensando en ese momento!. Complete casi la mitad de la carrera en el primer medio, que era el m\u00e1s largo de cualquier persona, es bueno mostrar lo que podemos hacer. Nuestro ritmo\u00a0 en medio stint de los blandos tambi\u00e9n era muy bueno, y tuve una deslumbrante primera vuelta, saltando del 13 \u00ba\u00a0 al octavo. Le ganamos a un\u00a0 Ferrari la plaza, y tambi\u00e9n habr\u00edamos ganado un Mercedes si Nico [Rosberg] no se hubiera detenido &#8211; se pueden tomar un mont\u00f3n de cosas positivas de aqu\u00ed. La s\u00e9ptima posici\u00f3n no podr\u00eda ser demasiado emocionante &#8211; sobre todo despu\u00e9s de que luchamos por el quinto en la \u00faltima carrera &#8211; pero hemos hecho un buen trabajo este fin de semana y hemos dado un paso adelante &#8211; y eso es un poco de impulso positivo para enviar a todos a las vacaciones de verano.\u00bb<\/em><\/p>\n<p>&nbsp;<\/p>\n<p><strong>Sergio P\u00e9rez:<\/strong> <em>\u00abRealmente necesit\u00e1bamos que el neum\u00e1tico estuviera en las mejores condiciones posibles para hacer una estrategia de dos paradas correctamente. Despu\u00e9s de la calificaci\u00f3n de ayer, creo que est\u00e1bamos en una buena posici\u00f3n para sumar algunos puntos buenos, pero nos vimos afectados por la ejecuci\u00f3n con el neum\u00e1tico duro utilizado en la calificaci\u00f3n. As\u00ed que, por desgracia, creo que hemos perdido demasiado tiempo en el primer stint, tuve problemas con la parte trasera del coche, tuve que entrar en boxes antes de lo previsto, y luego corr\u00ed hacia el tr\u00e1fico y perd\u00ed m\u00e1s tiempo, as\u00ed que es una l\u00e1stima. Aun as\u00ed, es algo positivo, los dos coches en los puntos de nuevo, creo que podemos sentirnos satisfechos con el trabajo que hemos hecho durante el \u00faltimo par de carreras -. Un resultado como este es alentador para todo el equipo, y es un buen regalo con el que nos env\u00eda para las vacaciones de agosto\u201d.<\/em><\/p>\n<p>&nbsp;<\/p>\n<p><strong>Martin Whitmarsh\u00a0 &#8211; director del equipo:<\/strong> <em>\u00abJenson control\u00f3 su ritmo brillantemente toda la carrera de hoy, en la optimizaci\u00f3n de una estrategia de dos paradas para anotar seis valiosos puntos para el campeonato del mundo aqu\u00ed en Budapest. Por otra parte, fue r\u00e1pido en su etapa intermedia, con blandos, subray\u00f3 un buen ritmo de carrera con el MP4-28 lo que fue capaz de producir en este circuito complicado y delicado. Checo tuvo muy mala suerte de quedarse encajonado en la salida, perdiendo lugares, como resultado, pero a partir de entonces hizo un trabajo muy s\u00f3lido y profesional, sumando en la bolsa dos puntos para el campeonato mundial \u00fatiles tambi\u00e9n. Por otra parte, tanto Jenson como Checo merecen aplausos por su gran profesionalidad aqu\u00ed hoy, conduciendo muy limpiamente en circunstancias dif\u00edciles, todav\u00eda a\u00fan m\u00e1s dif\u00edcil por la proximidad de los conductores en estrategias de tres paradas, que obviamente pod\u00edan y estaban dispuestos a presionar m\u00e1s fuerte que ellos. Ahora, a medida que avanzamos en el descanso de mitad de temporada, quiero decir dos cosas: primero, que no hace falta decir que vamos a seguir haciendo todo lo posible para anotar tantos puntos como podamos en la segunda mitad del temporada, y, en segundo lugar, que todo el mundo en Vodafone McLaren Mercedes se merece unas buenas vacaciones despu\u00e9s de haber trabajado espectacularmente duro lo que va del a\u00f1o. Bien hecho, muchachos. Por \u00faltimo, pero no menos importante, quiero decir &#8216;felicidades&#8217; a nuestro viejo amigo Lewis [Hamilton], que condujo muy bien para anotar su primera victoria de Mercedes-Benz AMG F1 aqu\u00ed hoy.\u00bb<\/em><\/p>\n<p>&nbsp;<\/p>\n<p><strong>Imagen:<\/strong> David Sarr\u00f3<\/p>\n<div class=\"sharedaddy sd-sharing-enabled\"><div class=\"robots-nocontent sd-block sd-social sd-social-official sd-sharing\"><h3 class=\"sd-title\">Opciones Sociales:<\/h3><div class=\"sd-content\"><ul><li class=\"share-facebook\"><div class=\"fb-share-button\" data-href=\"http:\/\/www.michael-schumacher.es\/noticias-f1\/2013\/07\/29\/balance-gp-de-hungria-hungaroring-2013-mclaren\/\" data-layout=\"button_count\"><\/div><\/li><li class=\"share-twitter\"><a href=\"https:\/\/twitter.com\/share\" class=\"twitter-share-button\" data-url=\"http:\/\/www.michael-schumacher.es\/noticias-f1\/2013\/07\/29\/balance-gp-de-hungria-hungaroring-2013-mclaren\/\" data-text=\"Balance GP de Hungr\u00eda, Hungaroring 2013. McLaren\"  >Tweet<\/a><\/li><li class=\"share-email\"><a rel=\"nofollow noopener noreferrer\" data-shared=\"\" class=\"share-email sd-button\" href=\"http:\/\/www.michael-schumacher.es\/noticias-f1\/2013\/07\/29\/balance-gp-de-hungria-hungaroring-2013-mclaren\/?share=email\" target=\"_blank\" title=\"Haz clic para enviar por correo electr\u00f3nico a un amigo\"><span>Correo electr\u00f3nico<\/span><\/a><\/li><li class=\"share-end\"><\/li><\/ul><\/div><\/div><\/div>","protected":false},"excerpt":{"rendered":"<p>El equipo McLaren ha logrado dar otro paso adelante y termina con sus dos pilotos en la zona de puntos en este dif\u00edcil y exigente circuito para el coche y los pilotos, por lo que el equipo se va de vacaciones agradecido por el trabajo duro de todos y con el compromiso\u00a0 de seguir haciendo [&hellip;]<\/p>\n<div class=\"sharedaddy sd-sharing-enabled\"><div class=\"robots-nocontent sd-block sd-social sd-social-official sd-sharing\"><h3 class=\"sd-title\">Opciones Sociales:<\/h3><div class=\"sd-content\"><ul><li class=\"share-facebook\"><div class=\"fb-share-button\" data-href=\"http:\/\/www.michael-schumacher.es\/noticias-f1\/2013\/07\/29\/balance-gp-de-hungria-hungaroring-2013-mclaren\/\" data-layout=\"button_count\"><\/div><\/li><li class=\"share-twitter\"><a href=\"https:\/\/twitter.com\/share\" class=\"twitter-share-button\" data-url=\"http:\/\/www.michael-schumacher.es\/noticias-f1\/2013\/07\/29\/balance-gp-de-hungria-hungaroring-2013-mclaren\/\" data-text=\"Balance GP de Hungr\u00eda, Hungaroring 2013. McLaren\"  >Tweet<\/a><\/li><li class=\"share-email\"><a rel=\"nofollow noopener noreferrer\" data-shared=\"\" class=\"share-email sd-button\" href=\"http:\/\/www.michael-schumacher.es\/noticias-f1\/2013\/07\/29\/balance-gp-de-hungria-hungaroring-2013-mclaren\/?share=email\" target=\"_blank\" title=\"Haz clic para enviar por correo electr\u00f3nico a un amigo\"><span>Correo electr\u00f3nico<\/span><\/a><\/li><li class=\"share-end\"><\/li><\/ul><\/div><\/div><\/div>","protected":false},"author":3,"featured_media":0,"comment_status":"open","ping_status":"open","sticky":false,"template":"","format":"standard","meta":{"_monsterinsights_skip_tracking":false,"_monsterinsights_sitenote_active":false,"_monsterinsights_sitenote_note":"","_monsterinsights_sitenote_category":0,"spay_email":"","jetpack_publicize_message":"","jetpack_is_tweetstorm":false,"jetpack_publicize_feature_enabled":true},"categories":[4,3],"tags":[373,401,64,273,13,17,15,6,8,629,274,12,115,138,90,89],"jetpack_featured_media_url":"","jetpack_publicize_connections":[],"jetpack_sharing_enabled":true,"jetpack_shortlink":"https:\/\/wp.me\/p27q3P-33g","_links":{"self":[{"href":"http:\/\/www.michael-schumacher.es\/noticias-f1\/wp-json\/wp\/v2\/posts\/11734"}],"collection":[{"href":"http:\/\/www.michael-schumacher.es\/noticias-f1\/wp-json\/wp\/v2\/posts"}],"about":[{"href":"http:\/\/www.michael-schumacher.es\/noticias-f1\/wp-json\/wp\/v2\/types\/post"}],"author":[{"embeddable":true,"href":"http:\/\/www.michael-schumacher.es\/noticias-f1\/wp-json\/wp\/v2\/users\/3"}],"replies":[{"embeddable":true,"href":"http:\/\/www.michael-schumacher.es\/noticias-f1\/wp-json\/wp\/v2\/comments?post=11734"}],"version-history":[{"count":0,"href":"http:\/\/www.michael-schumacher.es\/noticias-f1\/wp-json\/wp\/v2\/posts\/11734\/revisions"}],"wp:attachment":[{"href":"http:\/\/www.michael-schumacher.es\/noticias-f1\/wp-json\/wp\/v2\/media?parent=11734"}],"wp:term":[{"taxonomy":"category","embeddable":true,"href":"http:\/\/www.michael-schumacher.es\/noticias-f1\/wp-json\/wp\/v2\/categories?post=11734"},{"taxonomy":"post_tag","embeddable":true,"href":"http:\/\/www.michael-schumacher.es\/noticias-f1\/wp-json\/wp\/v2\/tags?post=11734"}],"curies":[{"name":"wp","href":"https:\/\/api.w.org\/{rel}","templated":true}]}}