{"id":11760,"date":"2013-07-31T03:15:40","date_gmt":"2013-07-31T01:15:40","guid":{"rendered":"http:\/\/www.michael-schumacher.es\/noticias-f1\/?p=11760"},"modified":"2013-07-31T03:15:40","modified_gmt":"2013-07-31T01:15:40","slug":"ecclestone-confirma-que-no-habra-gran-premio-en-la-india-en-2014","status":"publish","type":"post","link":"http:\/\/www.michael-schumacher.es\/noticias-f1\/2013\/07\/31\/ecclestone-confirma-que-no-habra-gran-premio-en-la-india-en-2014\/","title":{"rendered":"Ecclestone confirma que no habr\u00e1  Gran Premio en la India en 2014"},"content":{"rendered":"<p><a href=\"http:\/\/www.michael-schumacher.es\/noticias-f1\/wp-content\/uploads\/2012\/08\/gp-india-f1.jpg\"><img loading=\"lazy\" class=\"alignleft\" alt=\"GP India\" src=\"http:\/\/www.michael-schumacher.es\/noticias-f1\/wp-content\/uploads\/2012\/08\/gp-india-f1.jpg\" width=\"201\" height=\"130\" \/><\/a>Ayer inform\u00e1bamos de la posibilidad de que el Gran Premio de la India se cayera del calendario de la F1 en 2014, hoy el propio Bernie Ecclestone ha confirmado la noticia. Aunque esta desaparici\u00f3n del calendario en principio ser\u00e1 solamente para el a\u00f1o 2014 y volver\u00eda a ser sede de la F1 a principios del 2015.<\/p>\n<p><!--more--> <!--noteaser--><\/p>\n<p><a href=\"http:\/\/www.michael-schumacher.es\/noticias-f1\/wp-content\/uploads\/2012\/08\/gp-india-f1.jpg\"><img loading=\"lazy\" class=\"aligncenter size-full wp-image-3236\" alt=\"GP India\" src=\"http:\/\/www.michael-schumacher.es\/noticias-f1\/wp-content\/uploads\/2012\/08\/gp-india-f1.jpg\" width=\"636\" height=\"413\" srcset=\"http:\/\/www.michael-schumacher.es\/noticias-f1\/wp-content\/uploads\/2012\/08\/gp-india-f1.jpg 636w, http:\/\/www.michael-schumacher.es\/noticias-f1\/wp-content\/uploads\/2012\/08\/gp-india-f1-300x194.jpg 300w\" sizes=\"(max-width: 636px) 100vw, 636px\" \/><\/a><\/p>\n<p>&nbsp;<\/p>\n<p>Ayer inform\u00e1bamos de la posibilidad de que el Gran Premio de la India se cayera del calendario de la F1 en 2014, hoy el propio Bernie Ecclestone ha confirmado la noticia. Aunque esta desaparici\u00f3n del calendario en principio ser\u00e1 solamente para el a\u00f1o 2014 y volver\u00eda a ser sede de la F1 a principios del 2015.<\/p>\n<p>&nbsp;<\/p>\n<p>Seg\u00fan parece esto es debido a que cuando se firm\u00f3 el contrato para acoger el Gran Premio de la F1 la idea de la organizaci\u00f3n de la F1 era la de que este Gran Premio se disputara en el principio de la temporada, pero la organizaci\u00f3n del Gran Premio prefer\u00edan en octubre, por lo que en principio se les dio esa fecha, pero ahora que est\u00e1n ajustando el calendario para 2014 el GP de la India deber\u00eda realizarse como era la idea inicial a principios de la temporada y teniendo en cuenta que se va a disputar este a\u00f1o en octubre, realizar otro Gran Premio con tan poco tiempo de distancia parece inviable, adem\u00e1s Bernie Ecclestone ya manifest\u00f3 que no quer\u00eda m\u00e1s de 20 carreras, con lo cual soluciona dos problemas de un solo disparo.<\/p>\n<p>&nbsp;<\/p>\n<p><strong>\u00abCuando firmamos el contrato de cinco a\u00f1os con Jaypee, quer\u00edamos ir a la India en la primer parte del a\u00f1o y Jaypee quer\u00eda que fuese en Octubre\u00bb<\/strong>, confes\u00f3 Ecclestone a la agencia de noticias india IANS. <strong>\u00abSe lo dimos en ese momento, pero ahora parece que tendremos la carrera a comienzos de 2015. Estaban demasiado cerca (las carreras a finales de 2013 y a principios de 2014). Por tanto, tras hablar con los promotores, pensamos que es mejor no tener carrera en 2014 y tener una en 2015\u00bb.<\/strong><\/p>\n<p>&nbsp;<\/p>\n<p>Ecclestone explica que una carrera final en 2014 y otra a principios de 2015 es demasiado cercano, por lo que ser\u00e1 mejor descansar en 2014:<strong> \u00abCuando firmamos el contrato de cinco a\u00f1os con la India, quer\u00edamos hacerlo al empezar la temporada y los organizadores quer\u00edan la carrera en octubre. Le dimos esto a ellos, entonces, pero ahora nos gustar\u00eda que la carrera a principios de la temporada 2015. Ser\u00eda demasiado cerca. Finalmente, despu\u00e9s de una discusi\u00f3n con los organizadores, creemos que es una idea mejor, que no se ejecute en 2014 y hacerla en 2015.\u00bb<\/strong><\/p>\n<p>&nbsp;<\/p>\n<p>Sameer Gaur, director general de Jaypee, empresa organizadora del evento, tambi\u00e9n confirma esta informacion: <strong>\u00abSi la FOM quiere celebrar nuestra carrera en Marzo de 2015, no tenemos ning\u00fan problema\u00bb.<\/strong><\/p>\n<p>&nbsp;<\/p>\n<p>&nbsp;<\/p>\n<div class=\"sharedaddy sd-sharing-enabled\"><div class=\"robots-nocontent sd-block sd-social sd-social-official sd-sharing\"><h3 class=\"sd-title\">Opciones Sociales:<\/h3><div class=\"sd-content\"><ul><li class=\"share-facebook\"><div class=\"fb-share-button\" data-href=\"http:\/\/www.michael-schumacher.es\/noticias-f1\/2013\/07\/31\/ecclestone-confirma-que-no-habra-gran-premio-en-la-india-en-2014\/\" data-layout=\"button_count\"><\/div><\/li><li class=\"share-twitter\"><a href=\"https:\/\/twitter.com\/share\" class=\"twitter-share-button\" data-url=\"http:\/\/www.michael-schumacher.es\/noticias-f1\/2013\/07\/31\/ecclestone-confirma-que-no-habra-gran-premio-en-la-india-en-2014\/\" data-text=\"Ecclestone confirma que no habr\u00e1  Gran Premio en la India en 2014\"  >Tweet<\/a><\/li><li class=\"share-email\"><a rel=\"nofollow noopener noreferrer\" data-shared=\"\" class=\"share-email sd-button\" href=\"http:\/\/www.michael-schumacher.es\/noticias-f1\/2013\/07\/31\/ecclestone-confirma-que-no-habra-gran-premio-en-la-india-en-2014\/?share=email\" target=\"_blank\" title=\"Haz clic para enviar por correo electr\u00f3nico a un amigo\"><span>Correo electr\u00f3nico<\/span><\/a><\/li><li class=\"share-end\"><\/li><\/ul><\/div><\/div><\/div>","protected":false},"excerpt":{"rendered":"<p>Ayer inform\u00e1bamos de la posibilidad de que el Gran Premio de la India se cayera del calendario de la F1 en 2014, hoy el propio Bernie Ecclestone ha confirmado la noticia. Aunque esta desaparici\u00f3n del calendario en principio ser\u00e1 solamente para el a\u00f1o 2014 y volver\u00eda a ser sede de la F1 a principios del [&hellip;]<\/p>\n<div class=\"sharedaddy sd-sharing-enabled\"><div class=\"robots-nocontent sd-block sd-social sd-social-official sd-sharing\"><h3 class=\"sd-title\">Opciones Sociales:<\/h3><div class=\"sd-content\"><ul><li class=\"share-facebook\"><div class=\"fb-share-button\" data-href=\"http:\/\/www.michael-schumacher.es\/noticias-f1\/2013\/07\/31\/ecclestone-confirma-que-no-habra-gran-premio-en-la-india-en-2014\/\" data-layout=\"button_count\"><\/div><\/li><li class=\"share-twitter\"><a href=\"https:\/\/twitter.com\/share\" class=\"twitter-share-button\" data-url=\"http:\/\/www.michael-schumacher.es\/noticias-f1\/2013\/07\/31\/ecclestone-confirma-que-no-habra-gran-premio-en-la-india-en-2014\/\" data-text=\"Ecclestone confirma que no habr\u00e1  Gran Premio en la India en 2014\"  >Tweet<\/a><\/li><li class=\"share-email\"><a rel=\"nofollow noopener noreferrer\" data-shared=\"\" class=\"share-email sd-button\" href=\"http:\/\/www.michael-schumacher.es\/noticias-f1\/2013\/07\/31\/ecclestone-confirma-que-no-habra-gran-premio-en-la-india-en-2014\/?share=email\" target=\"_blank\" title=\"Haz clic para enviar por correo electr\u00f3nico a un amigo\"><span>Correo electr\u00f3nico<\/span><\/a><\/li><li class=\"share-end\"><\/li><\/ul><\/div><\/div><\/div>","protected":false},"author":3,"featured_media":0,"comment_status":"open","ping_status":"open","sticky":false,"template":"","format":"standard","meta":{"_monsterinsights_skip_tracking":false,"_monsterinsights_sitenote_active":false,"_monsterinsights_sitenote_note":"","_monsterinsights_sitenote_category":0,"spay_email":"","jetpack_publicize_message":"","jetpack_is_tweetstorm":false,"jetpack_publicize_feature_enabled":true},"categories":[3],"tags":[373,758,487,432,431,17,15,6,8,1103,1207,2039,1177,238],"jetpack_featured_media_url":"","jetpack_publicize_connections":[],"jetpack_sharing_enabled":true,"jetpack_shortlink":"https:\/\/wp.me\/p27q3P-33G","_links":{"self":[{"href":"http:\/\/www.michael-schumacher.es\/noticias-f1\/wp-json\/wp\/v2\/posts\/11760"}],"collection":[{"href":"http:\/\/www.michael-schumacher.es\/noticias-f1\/wp-json\/wp\/v2\/posts"}],"about":[{"href":"http:\/\/www.michael-schumacher.es\/noticias-f1\/wp-json\/wp\/v2\/types\/post"}],"author":[{"embeddable":true,"href":"http:\/\/www.michael-schumacher.es\/noticias-f1\/wp-json\/wp\/v2\/users\/3"}],"replies":[{"embeddable":true,"href":"http:\/\/www.michael-schumacher.es\/noticias-f1\/wp-json\/wp\/v2\/comments?post=11760"}],"version-history":[{"count":0,"href":"http:\/\/www.michael-schumacher.es\/noticias-f1\/wp-json\/wp\/v2\/posts\/11760\/revisions"}],"wp:attachment":[{"href":"http:\/\/www.michael-schumacher.es\/noticias-f1\/wp-json\/wp\/v2\/media?parent=11760"}],"wp:term":[{"taxonomy":"category","embeddable":true,"href":"http:\/\/www.michael-schumacher.es\/noticias-f1\/wp-json\/wp\/v2\/categories?post=11760"},{"taxonomy":"post_tag","embeddable":true,"href":"http:\/\/www.michael-schumacher.es\/noticias-f1\/wp-json\/wp\/v2\/tags?post=11760"}],"curies":[{"name":"wp","href":"https:\/\/api.w.org\/{rel}","templated":true}]}}