{"id":11762,"date":"2013-07-31T03:39:45","date_gmt":"2013-07-31T01:39:45","guid":{"rendered":"http:\/\/www.michael-schumacher.es\/noticias-f1\/?p=11762"},"modified":"2013-07-31T03:39:45","modified_gmt":"2013-07-31T01:39:45","slug":"boullier-todavia-confia-en-las-posibilidades-de-raikkonen-por-el-titulo","status":"publish","type":"post","link":"http:\/\/www.michael-schumacher.es\/noticias-f1\/2013\/07\/31\/boullier-todavia-confia-en-las-posibilidades-de-raikkonen-por-el-titulo\/","title":{"rendered":"Boullier todav\u00eda conf\u00eda en las posibilidades de Raikkonen por el t\u00edtulo"},"content":{"rendered":"<p><a href=\"http:\/\/www.michael-schumacher.es\/noticias-f1\/wp-content\/uploads\/2012\/09\/eric-boullier-kimi-raikkonen-romain-grosjean.jpg\"><img loading=\"lazy\" class=\"alignleft\" alt=\"Eric Boullier - Kimi Raikkonen - Romain Grosjean \" src=\"http:\/\/www.michael-schumacher.es\/noticias-f1\/wp-content\/uploads\/2012\/09\/eric-boullier-kimi-raikkonen-romain-grosjean.jpg\" width=\"200\" height=\"146\" \/><\/a>El equipo Lotus conf\u00eda en seguir estando en el podido con regularidad en la segunda parte de la temporada, lo que dar\u00e1 a Kimi Raikkonen la oportunidad de seguir recortando distancias con el l\u00edder del campeonato, Sebastian Vettel y poder luchar por ganarlo. Kimi Raikkonen tras su podio en Hungr\u00eda se sit\u00faa de nuevo el segundo en la clasificaci\u00f3n del Campeonato a 38 puntos de Vettel.<\/p>\n<p><!--more--> <!--noteaser--><\/p>\n<p><a href=\"http:\/\/www.michael-schumacher.es\/noticias-f1\/wp-content\/uploads\/2012\/09\/eric-boullier-kimi-raikkonen-romain-grosjean.jpg\"><img loading=\"lazy\" class=\"aligncenter size-full wp-image-3676\" alt=\"Eric Boullier - Kimi Raikkonen - Romain Grosjean \" src=\"http:\/\/www.michael-schumacher.es\/noticias-f1\/wp-content\/uploads\/2012\/09\/eric-boullier-kimi-raikkonen-romain-grosjean.jpg\" width=\"600\" height=\"440\" srcset=\"http:\/\/www.michael-schumacher.es\/noticias-f1\/wp-content\/uploads\/2012\/09\/eric-boullier-kimi-raikkonen-romain-grosjean.jpg 600w, http:\/\/www.michael-schumacher.es\/noticias-f1\/wp-content\/uploads\/2012\/09\/eric-boullier-kimi-raikkonen-romain-grosjean-300x220.jpg 300w\" sizes=\"(max-width: 600px) 100vw, 600px\" \/><\/a><\/p>\n<p>&nbsp;<\/p>\n<p>El equipo Lotus conf\u00eda en seguir estando en el podido con regularidad en la segunda parte de la temporada, lo que dar\u00e1 a Kimi Raikkonen la oportunidad de seguir recortando distancias con el l\u00edder del campeonato, Sebastian Vettel y poder luchar por ganarlo. Kimi Raikkonen tras su podio en Hungr\u00eda se sit\u00faa de nuevo el segundo en la clasificaci\u00f3n del Campeonato a 38 puntos de Vettel.<\/p>\n<p>&nbsp;<\/p>\n<p>Eric Boullier, jefe del equipo Lotus considera que a falta de 9 carreras por disputarse todav\u00eda es posible conseguir el campeonato con Kimi y para eso van a trabajar:<strong> \u201cEs bueno para el campeonato de constructores y tambi\u00e9n es bueno para Kimi. Si podemos empezar a ayudar a Kimi a batir Red Bull cada fin de semana. Lo m\u00e1s importante es tener un buen ritmo de carrera. Habr\u00e1 pistas en las que podamos tener m\u00e1s problemas que otros y estoy seguro que con la consistencia podemos tener \u00e9xito en el podio cada carrera. As\u00ed que&#8230; tal vez estoy so\u00f1ando un poco, pero en Hungr\u00eda lo hicimos.\u201d<\/strong><\/p>\n<p>&nbsp;<\/p>\n<p>Tambien Boullier centra parte de su optimismo en las pr\u00f3ximas carreras por venir Spa-Francorchamps y Monza, y la buena gesti\u00f3n de los neum\u00e1ticos del Lotus: <strong>\u201cEn Spa debe ser bueno. Monza siempre es especial porque es un circuito en el que hay poca carga aerodin\u00e1mica. Podr\u00edamos hacer una buena carrera porque hay menos carga aerodin\u00e1mica, es m\u00e1s dif\u00edcil es para los neum\u00e1ticos por lo que debemos aprovechar los puntos fuertes de nuestro coche. \u00ab<\/strong><\/p>\n<p>&nbsp;<\/p>\n<p>&nbsp;<\/p>\n<div class=\"sharedaddy sd-sharing-enabled\"><div class=\"robots-nocontent sd-block sd-social sd-social-official sd-sharing\"><h3 class=\"sd-title\">Opciones Sociales:<\/h3><div class=\"sd-content\"><ul><li class=\"share-facebook\"><div class=\"fb-share-button\" data-href=\"http:\/\/www.michael-schumacher.es\/noticias-f1\/2013\/07\/31\/boullier-todavia-confia-en-las-posibilidades-de-raikkonen-por-el-titulo\/\" data-layout=\"button_count\"><\/div><\/li><li class=\"share-twitter\"><a href=\"https:\/\/twitter.com\/share\" class=\"twitter-share-button\" data-url=\"http:\/\/www.michael-schumacher.es\/noticias-f1\/2013\/07\/31\/boullier-todavia-confia-en-las-posibilidades-de-raikkonen-por-el-titulo\/\" data-text=\"Boullier todav\u00eda conf\u00eda en las posibilidades de Raikkonen por el t\u00edtulo\"  >Tweet<\/a><\/li><li class=\"share-email\"><a rel=\"nofollow noopener noreferrer\" data-shared=\"\" class=\"share-email sd-button\" href=\"http:\/\/www.michael-schumacher.es\/noticias-f1\/2013\/07\/31\/boullier-todavia-confia-en-las-posibilidades-de-raikkonen-por-el-titulo\/?share=email\" target=\"_blank\" title=\"Haz clic para enviar por correo electr\u00f3nico a un amigo\"><span>Correo electr\u00f3nico<\/span><\/a><\/li><li class=\"share-end\"><\/li><\/ul><\/div><\/div><\/div>","protected":false},"excerpt":{"rendered":"<p>El equipo Lotus conf\u00eda en seguir estando en el podido con regularidad en la segunda parte de la temporada, lo que dar\u00e1 a Kimi Raikkonen la oportunidad de seguir recortando distancias con el l\u00edder del campeonato, Sebastian Vettel y poder luchar por ganarlo. Kimi Raikkonen tras su podio en Hungr\u00eda se sit\u00faa de nuevo el [&hellip;]<\/p>\n<div class=\"sharedaddy sd-sharing-enabled\"><div class=\"robots-nocontent sd-block sd-social sd-social-official sd-sharing\"><h3 class=\"sd-title\">Opciones Sociales:<\/h3><div class=\"sd-content\"><ul><li class=\"share-facebook\"><div class=\"fb-share-button\" data-href=\"http:\/\/www.michael-schumacher.es\/noticias-f1\/2013\/07\/31\/boullier-todavia-confia-en-las-posibilidades-de-raikkonen-por-el-titulo\/\" data-layout=\"button_count\"><\/div><\/li><li class=\"share-twitter\"><a href=\"https:\/\/twitter.com\/share\" class=\"twitter-share-button\" data-url=\"http:\/\/www.michael-schumacher.es\/noticias-f1\/2013\/07\/31\/boullier-todavia-confia-en-las-posibilidades-de-raikkonen-por-el-titulo\/\" data-text=\"Boullier todav\u00eda conf\u00eda en las posibilidades de Raikkonen por el t\u00edtulo\"  >Tweet<\/a><\/li><li class=\"share-email\"><a rel=\"nofollow noopener noreferrer\" data-shared=\"\" class=\"share-email sd-button\" href=\"http:\/\/www.michael-schumacher.es\/noticias-f1\/2013\/07\/31\/boullier-todavia-confia-en-las-posibilidades-de-raikkonen-por-el-titulo\/?share=email\" target=\"_blank\" title=\"Haz clic para enviar por correo electr\u00f3nico a un amigo\"><span>Correo electr\u00f3nico<\/span><\/a><\/li><li class=\"share-end\"><\/li><\/ul><\/div><\/div><\/div>","protected":false},"author":3,"featured_media":0,"comment_status":"open","ping_status":"open","sticky":false,"template":"","format":"standard","meta":{"_monsterinsights_skip_tracking":false,"_monsterinsights_sitenote_active":false,"_monsterinsights_sitenote_note":"","_monsterinsights_sitenote_category":0,"spay_email":"","jetpack_publicize_message":"","jetpack_is_tweetstorm":false,"jetpack_publicize_feature_enabled":true},"categories":[3],"tags":[373,443,232,2999,17,15,81,2322,24,71,238,269,30],"jetpack_featured_media_url":"","jetpack_publicize_connections":[],"jetpack_sharing_enabled":true,"jetpack_shortlink":"https:\/\/wp.me\/p27q3P-33I","_links":{"self":[{"href":"http:\/\/www.michael-schumacher.es\/noticias-f1\/wp-json\/wp\/v2\/posts\/11762"}],"collection":[{"href":"http:\/\/www.michael-schumacher.es\/noticias-f1\/wp-json\/wp\/v2\/posts"}],"about":[{"href":"http:\/\/www.michael-schumacher.es\/noticias-f1\/wp-json\/wp\/v2\/types\/post"}],"author":[{"embeddable":true,"href":"http:\/\/www.michael-schumacher.es\/noticias-f1\/wp-json\/wp\/v2\/users\/3"}],"replies":[{"embeddable":true,"href":"http:\/\/www.michael-schumacher.es\/noticias-f1\/wp-json\/wp\/v2\/comments?post=11762"}],"version-history":[{"count":0,"href":"http:\/\/www.michael-schumacher.es\/noticias-f1\/wp-json\/wp\/v2\/posts\/11762\/revisions"}],"wp:attachment":[{"href":"http:\/\/www.michael-schumacher.es\/noticias-f1\/wp-json\/wp\/v2\/media?parent=11762"}],"wp:term":[{"taxonomy":"category","embeddable":true,"href":"http:\/\/www.michael-schumacher.es\/noticias-f1\/wp-json\/wp\/v2\/categories?post=11762"},{"taxonomy":"post_tag","embeddable":true,"href":"http:\/\/www.michael-schumacher.es\/noticias-f1\/wp-json\/wp\/v2\/tags?post=11762"}],"curies":[{"name":"wp","href":"https:\/\/api.w.org\/{rel}","templated":true}]}}