{"id":11767,"date":"2013-07-31T04:04:28","date_gmt":"2013-07-31T02:04:28","guid":{"rendered":"http:\/\/www.michael-schumacher.es\/noticias-f1\/?p=11767"},"modified":"2013-07-31T04:04:28","modified_gmt":"2013-07-31T02:04:28","slug":"jenson-button-opina-que-en-una-mala-temporada-se-aprende-como-equipo","status":"publish","type":"post","link":"http:\/\/www.michael-schumacher.es\/noticias-f1\/2013\/07\/31\/jenson-button-opina-que-en-una-mala-temporada-se-aprende-como-equipo\/","title":{"rendered":"Jenson Button opina que en una mala temporada se aprende como equipo"},"content":{"rendered":"<p><a href=\"http:\/\/www.michael-schumacher.es\/noticias-f1\/wp-content\/uploads\/2013\/02\/test-1-jerez-2013-jenson-button.jpg\"><img loading=\"lazy\" class=\"alignleft\" alt=\"Test 1 Jerez - Jenson Button\" src=\"http:\/\/www.michael-schumacher.es\/noticias-f1\/wp-content\/uploads\/2013\/02\/test-1-jerez-2013-jenson-button.jpg\" width=\"201\" height=\"113\" \/><\/a>Sin duda esta est\u00e1 siendo una temporada terrible para un equipo acostumbrado a ser competitivos, como McLaren. Pero sin duda poco a poco y paso a paso est\u00e1n mejorando y tambi\u00e9n les est\u00e1 ense\u00f1ando a estar unidos en las dificultades y crecer como equipo, esta es la opini\u00f3n de Jenson Button, que siempre ha mostrado su apoyo a su equipo en estos momentos dif\u00edciles y que sigue haci\u00e9ndolo.<\/p>\n<p><!--more--> <!--noteaser--><\/p>\n<p><a href=\"http:\/\/www.michael-schumacher.es\/noticias-f1\/wp-content\/uploads\/2013\/02\/test-1-jerez-2013-jenson-button.jpg\"><img loading=\"lazy\" class=\"aligncenter size-full wp-image-7841\" alt=\"Test 1 Jerez - Jenson Button\" src=\"http:\/\/www.michael-schumacher.es\/noticias-f1\/wp-content\/uploads\/2013\/02\/test-1-jerez-2013-jenson-button.jpg\" width=\"650\" height=\"366\" srcset=\"http:\/\/www.michael-schumacher.es\/noticias-f1\/wp-content\/uploads\/2013\/02\/test-1-jerez-2013-jenson-button.jpg 650w, http:\/\/www.michael-schumacher.es\/noticias-f1\/wp-content\/uploads\/2013\/02\/test-1-jerez-2013-jenson-button-300x168.jpg 300w\" sizes=\"(max-width: 650px) 100vw, 650px\" \/><\/a><br \/>\n&nbsp;<\/p>\n<p>Sin duda esta est\u00e1 siendo una temporada terrible para un equipo acostumbrado a ser competitivos, como McLaren. Pero sin duda poco a poco y paso a paso est\u00e1n mejorando y tambi\u00e9n les est\u00e1 ense\u00f1ando a estar unidos en las dificultades y crecer como equipo, esta es la opini\u00f3n de Jenson Button, que siempre ha mostrado su apoyo a su equipo en estos momentos dif\u00edciles y que sigue haci\u00e9ndolo.<\/p>\n<p>&nbsp;<\/p>\n<p>Button explica c\u00f3mo ha resultado dif\u00edcil esta temporada pero es positivo por una parte como equipo: <strong>\u00abCreo que la temporada es dif\u00edcil para nosotros, pero realmente creo que aprendemos como equipo y hemos mejorado en los \u00faltimos meses. Creo que realmente nos ha ayudado como equipo, y tambi\u00e9n ayuda que tengamos que observar cada detalle cuando estamos en esta posici\u00f3n. Intentas sacar cada cent\u00e9sima de segundo posibles de cada parte del coche porque sabes que tienes que hacerlo, puede que eso te de el lujo de entrar en la Q3 por ejemplo. Creo que nosotros como equipo para el futuro nos ayuda tambi\u00e9n, cuando el coche sea competitivo estaremos listos.\u201d<\/strong><\/p>\n<p>&nbsp;<\/p>\n<p>Aunque es positivo y sabe que McLaren pronto volver\u00e1 a ser competitivo, tambi\u00e9n reconoce que es duro vivir una temporada tan floja:<strong> \u00abEst\u00e1 bien, pero era muy dif\u00edcil conseguir un buen ritmo este a\u00f1o. McLaren se conoce por combatir en el frente, para ganar o al menos por el podio en casi cada Gran Premio, as\u00ed que cuando no est\u00e1s all\u00ed es muy duro mentalmente. He estado temporadas malas en el pasado, s\u00e9 lo dif\u00edcil que puede ser, pero en McLaren no sucede a menudo.\u201d<\/strong><\/p>\n<p>&nbsp;<\/p>\n<p>Sergio P\u00e9rez, en su primer a\u00f1o en McLaren tiene la misma opini\u00f3n que su compa\u00f1ero Button, para \u00e9l tambi\u00e9n ha sido muy duro: <strong>\u00abFue muy duro. Esta es mi primera temporada con McLaren y luch\u00e9, sobre todo, en conocer el coche. He conducido por primera vez en Jerez, todo ha cambiado totalmente. Cada fin de semana, los viernes, intentamos cosas nuevas y cada s\u00e1bado empezamos con un coche nuevo\u201d.<\/strong><\/p>\n<p>&nbsp;<\/p>\n<p>&nbsp;<\/p>\n<div class=\"sharedaddy sd-sharing-enabled\"><div class=\"robots-nocontent sd-block sd-social sd-social-official sd-sharing\"><h3 class=\"sd-title\">Opciones Sociales:<\/h3><div class=\"sd-content\"><ul><li class=\"share-facebook\"><div class=\"fb-share-button\" data-href=\"http:\/\/www.michael-schumacher.es\/noticias-f1\/2013\/07\/31\/jenson-button-opina-que-en-una-mala-temporada-se-aprende-como-equipo\/\" data-layout=\"button_count\"><\/div><\/li><li class=\"share-twitter\"><a href=\"https:\/\/twitter.com\/share\" class=\"twitter-share-button\" data-url=\"http:\/\/www.michael-schumacher.es\/noticias-f1\/2013\/07\/31\/jenson-button-opina-que-en-una-mala-temporada-se-aprende-como-equipo\/\" data-text=\"Jenson Button opina que en una mala temporada se aprende como equipo \"  >Tweet<\/a><\/li><li class=\"share-email\"><a rel=\"nofollow noopener noreferrer\" data-shared=\"\" class=\"share-email sd-button\" href=\"http:\/\/www.michael-schumacher.es\/noticias-f1\/2013\/07\/31\/jenson-button-opina-que-en-una-mala-temporada-se-aprende-como-equipo\/?share=email\" target=\"_blank\" title=\"Haz clic para enviar por correo electr\u00f3nico a un amigo\"><span>Correo electr\u00f3nico<\/span><\/a><\/li><li class=\"share-end\"><\/li><\/ul><\/div><\/div><\/div>","protected":false},"excerpt":{"rendered":"<p>Sin duda esta est\u00e1 siendo una temporada terrible para un equipo acostumbrado a ser competitivos, como McLaren. Pero sin duda poco a poco y paso a paso est\u00e1n mejorando y tambi\u00e9n les est\u00e1 ense\u00f1ando a estar unidos en las dificultades y crecer como equipo, esta es la opini\u00f3n de Jenson Button, que siempre ha mostrado [&hellip;]<\/p>\n<div class=\"sharedaddy sd-sharing-enabled\"><div class=\"robots-nocontent sd-block sd-social sd-social-official sd-sharing\"><h3 class=\"sd-title\">Opciones Sociales:<\/h3><div class=\"sd-content\"><ul><li class=\"share-facebook\"><div class=\"fb-share-button\" data-href=\"http:\/\/www.michael-schumacher.es\/noticias-f1\/2013\/07\/31\/jenson-button-opina-que-en-una-mala-temporada-se-aprende-como-equipo\/\" data-layout=\"button_count\"><\/div><\/li><li class=\"share-twitter\"><a href=\"https:\/\/twitter.com\/share\" class=\"twitter-share-button\" data-url=\"http:\/\/www.michael-schumacher.es\/noticias-f1\/2013\/07\/31\/jenson-button-opina-que-en-una-mala-temporada-se-aprende-como-equipo\/\" data-text=\"Jenson Button opina que en una mala temporada se aprende como equipo \"  >Tweet<\/a><\/li><li class=\"share-email\"><a rel=\"nofollow noopener noreferrer\" data-shared=\"\" class=\"share-email sd-button\" href=\"http:\/\/www.michael-schumacher.es\/noticias-f1\/2013\/07\/31\/jenson-button-opina-que-en-una-mala-temporada-se-aprende-como-equipo\/?share=email\" target=\"_blank\" title=\"Haz clic para enviar por correo electr\u00f3nico a un amigo\"><span>Correo electr\u00f3nico<\/span><\/a><\/li><li class=\"share-end\"><\/li><\/ul><\/div><\/div><\/div>","protected":false},"author":3,"featured_media":0,"comment_status":"open","ping_status":"open","sticky":false,"template":"","format":"standard","meta":{"_monsterinsights_skip_tracking":false,"_monsterinsights_sitenote_active":false,"_monsterinsights_sitenote_note":"","_monsterinsights_sitenote_category":0,"spay_email":"","jetpack_publicize_message":"","jetpack_is_tweetstorm":false,"jetpack_publicize_feature_enabled":true},"categories":[3],"tags":[373,758,3849,13,196,591,381,17,15,557,12,3848,90,89,238],"jetpack_featured_media_url":"","jetpack_publicize_connections":[],"jetpack_sharing_enabled":true,"jetpack_shortlink":"https:\/\/wp.me\/p27q3P-33N","_links":{"self":[{"href":"http:\/\/www.michael-schumacher.es\/noticias-f1\/wp-json\/wp\/v2\/posts\/11767"}],"collection":[{"href":"http:\/\/www.michael-schumacher.es\/noticias-f1\/wp-json\/wp\/v2\/posts"}],"about":[{"href":"http:\/\/www.michael-schumacher.es\/noticias-f1\/wp-json\/wp\/v2\/types\/post"}],"author":[{"embeddable":true,"href":"http:\/\/www.michael-schumacher.es\/noticias-f1\/wp-json\/wp\/v2\/users\/3"}],"replies":[{"embeddable":true,"href":"http:\/\/www.michael-schumacher.es\/noticias-f1\/wp-json\/wp\/v2\/comments?post=11767"}],"version-history":[{"count":0,"href":"http:\/\/www.michael-schumacher.es\/noticias-f1\/wp-json\/wp\/v2\/posts\/11767\/revisions"}],"wp:attachment":[{"href":"http:\/\/www.michael-schumacher.es\/noticias-f1\/wp-json\/wp\/v2\/media?parent=11767"}],"wp:term":[{"taxonomy":"category","embeddable":true,"href":"http:\/\/www.michael-schumacher.es\/noticias-f1\/wp-json\/wp\/v2\/categories?post=11767"},{"taxonomy":"post_tag","embeddable":true,"href":"http:\/\/www.michael-schumacher.es\/noticias-f1\/wp-json\/wp\/v2\/tags?post=11767"}],"curies":[{"name":"wp","href":"https:\/\/api.w.org\/{rel}","templated":true}]}}