{"id":11794,"date":"2013-08-02T02:29:44","date_gmt":"2013-08-02T00:29:44","guid":{"rendered":"http:\/\/www.michael-schumacher.es\/noticias-f1\/?p=11794"},"modified":"2013-08-02T02:29:44","modified_gmt":"2013-08-02T00:29:44","slug":"ferrari-niega-el-fichaje-de-kimi-raikkonen","status":"publish","type":"post","link":"http:\/\/www.michael-schumacher.es\/noticias-f1\/2013\/08\/02\/ferrari-niega-el-fichaje-de-kimi-raikkonen\/","title":{"rendered":"Ferrari niega el fichaje de Kimi Raikkonen"},"content":{"rendered":"<p><a href=\"http:\/\/www.michael-schumacher.es\/noticias-f1\/wp-content\/uploads\/2013\/04\/kimi_raikkonen_2_test-bcn-2013_david-sarro.jpg\"><img loading=\"lazy\" class=\"alignleft\" alt=\"Kimi Raikkonen 2 - Test Barcelona 2013 - David Sarr\u00f3\" src=\"http:\/\/www.michael-schumacher.es\/noticias-f1\/wp-content\/uploads\/2013\/04\/kimi_raikkonen_2_test-bcn-2013_david-sarro.jpg\" width=\"200\" height=\"133\" \/><\/a>Kimi Raikkonen, en un principio parec\u00eda estar en el punto de mira de Red Bull para sustituir a Webber en Red Bull, pero ayer el Bild informaba de que el jueves del Gran Premio de Hungr\u00eda Ferrari hizo una oferta muy suculenta para el piloto, tanto en t\u00e9rminos econ\u00f3micos, como de libertad de acci\u00f3n del piloto finland\u00e9s.<\/p>\n<p><!--more--> <!--noteaser--><\/p>\n<p><a href=\"http:\/\/www.michael-schumacher.es\/noticias-f1\/wp-content\/uploads\/2013\/04\/kimi_raikkonen_2_test-bcn-2013_david-sarro.jpg\"><img loading=\"lazy\" class=\"aligncenter size-full wp-image-9350\" alt=\"Kimi Raikkonen 2 - Test Barcelona 2013 - David Sarr\u00f3\" src=\"http:\/\/www.michael-schumacher.es\/noticias-f1\/wp-content\/uploads\/2013\/04\/kimi_raikkonen_2_test-bcn-2013_david-sarro.jpg\" width=\"650\" height=\"433\" srcset=\"http:\/\/www.michael-schumacher.es\/noticias-f1\/wp-content\/uploads\/2013\/04\/kimi_raikkonen_2_test-bcn-2013_david-sarro.jpg 650w, http:\/\/www.michael-schumacher.es\/noticias-f1\/wp-content\/uploads\/2013\/04\/kimi_raikkonen_2_test-bcn-2013_david-sarro-300x199.jpg 300w\" sizes=\"(max-width: 650px) 100vw, 650px\" \/><\/a><\/p>\n<p>&nbsp;<\/p>\n<p>Kimi Raikkonen, en un principio parec\u00eda estar en el punto de mira de Red Bull para sustituir a Webber en Red Bull, pero ayer el Bild informaba de que el jueves del Gran Premio de Hungr\u00eda Ferrari hizo una oferta muy suculenta para el piloto, tanto en t\u00e9rminos econ\u00f3micos, como de libertad de acci\u00f3n del piloto finland\u00e9s.<\/p>\n<p>&nbsp;<\/p>\n<p>Hoy un portavoz de Ferrari, lo negaba, aunque sin mucha rotundidad, simplemente alegaban que no ten\u00edan inter\u00e9s en el mercado de pilotos: <strong>\u201cNo tiene ning\u00fan inter\u00e9s en el mercado de pilotos en este momento\u00bb.<\/strong><\/p>\n<p>&nbsp;<\/p>\n<p>Y llevando el rumor del supuesto fichaje de Raikkonen hacia la sustituci\u00f3n de Massa alegaban, que tambi\u00e9n hab\u00eda muchos rumores el a\u00f1o pasado: <strong>\u00abPara todos aquellos que pueden tener una memoria corta: apenas hace un a\u00f1o todos vinieron con una lista de pilotos que podr\u00edan sustituir a Felipe\u00bb.<\/strong><\/p>\n<p>&nbsp;<\/p>\n<p>Pero este a\u00f1o hay alg\u00fan factor extra que no hab\u00eda el pasado a\u00f1o, como la primera vez que p\u00fablicamente el presidente de Ferrari Luca de Montezemolo, da un tir\u00f3n de orejas a su primer piloto. Adem\u00e1s tambi\u00e9n est\u00e1 el hecho de que el viernes el m\u00e1nager de\u00a0 Fernando Alonso,\u00a0 Luis Garc\u00eda Abad se reun\u00eda en el Motor home de Red Bull con su jefe de equipo Christian Horner.<\/p>\n<p>&nbsp;<\/p>\n<p>Renato Bisignani responsable de comunicaci\u00f3n del equipo Ferrari tambi\u00e9n neg\u00f3 sutilmente estos rumores, denomin\u00e1ndolos como la <strong>\u201ct\u00edpica fantas\u00eda\u201d<\/strong> de verano, y\u00a0 apoy\u00e1ndose en que est\u00e1n centrados en mejorar su rendimiento, seg\u00fan declar\u00f3, al diario brasile\u00f1o O Estado de Sao Paulo:\u00a0 <strong>\u00abSon la t\u00edpica fantas\u00eda en este per\u00edodo de rumores. No existe el m\u00e1s m\u00ednimo fundamento. Estamos unidos en este momento de p\u00e9rdida de competitividad y estamos confiados en que regresaremos a mejores formas\u00bb.<\/strong><\/p>\n<p>&nbsp;<\/p>\n<p>Por lo que, el equipo Ferrari ha rodado en el\u00a0 circuito franc\u00e9s de Magny-Cours durante dos d\u00edas, con Pedro de la Rosa a los mandos del F150, 2011. Un test completamente legal y con los requerimientos de la FIA, seg\u00fan declara Bisgnani:<strong> \u201cHemos estado entrenando durante dos d\u00edas con nuestro monoplaza de 2011 y los neum\u00e1ticos Pirelli de exhibici\u00f3n. La FIA estaba informada con antelaci\u00f3n de todos los detalles y reunimos los requerimientos para poder hacerlo\u00bb. <\/strong><\/p>\n<p>&nbsp;<\/p>\n<p>Sin duda habr\u00e1 que seguir esperando ya que como bien sabemos en los rumores de la F1 y las negaciones de los equipo, nada es verdad y nada es mentira, hasta que llega el momento de la confirmaci\u00f3n oficial, pero para seguir con los rumores, el diario Sportbild, se preguntaba esta tarde si el acuerdo de Ferrari y Kimi Raikkonen podr\u00eda haberse alcanzado ya.<\/p>\n<p>&nbsp;<\/p>\n<p><strong>Imagen:<\/strong> David Sarr\u00f3<\/p>\n<div class=\"sharedaddy sd-sharing-enabled\"><div class=\"robots-nocontent sd-block sd-social sd-social-official sd-sharing\"><h3 class=\"sd-title\">Opciones Sociales:<\/h3><div class=\"sd-content\"><ul><li class=\"share-facebook\"><div class=\"fb-share-button\" data-href=\"http:\/\/www.michael-schumacher.es\/noticias-f1\/2013\/08\/02\/ferrari-niega-el-fichaje-de-kimi-raikkonen\/\" data-layout=\"button_count\"><\/div><\/li><li class=\"share-twitter\"><a href=\"https:\/\/twitter.com\/share\" class=\"twitter-share-button\" data-url=\"http:\/\/www.michael-schumacher.es\/noticias-f1\/2013\/08\/02\/ferrari-niega-el-fichaje-de-kimi-raikkonen\/\" data-text=\"Ferrari niega el fichaje de Kimi Raikkonen\"  >Tweet<\/a><\/li><li class=\"share-email\"><a rel=\"nofollow noopener noreferrer\" data-shared=\"\" class=\"share-email sd-button\" href=\"http:\/\/www.michael-schumacher.es\/noticias-f1\/2013\/08\/02\/ferrari-niega-el-fichaje-de-kimi-raikkonen\/?share=email\" target=\"_blank\" title=\"Haz clic para enviar por correo electr\u00f3nico a un amigo\"><span>Correo electr\u00f3nico<\/span><\/a><\/li><li class=\"share-end\"><\/li><\/ul><\/div><\/div><\/div>","protected":false},"excerpt":{"rendered":"<p>Kimi Raikkonen, en un principio parec\u00eda estar en el punto de mira de Red Bull para sustituir a Webber en Red Bull, pero ayer el Bild informaba de que el jueves del Gran Premio de Hungr\u00eda Ferrari hizo una oferta muy suculenta para el piloto, tanto en t\u00e9rminos econ\u00f3micos, como de libertad de acci\u00f3n del [&hellip;]<\/p>\n<div class=\"sharedaddy sd-sharing-enabled\"><div class=\"robots-nocontent sd-block sd-social sd-social-official sd-sharing\"><h3 class=\"sd-title\">Opciones Sociales:<\/h3><div class=\"sd-content\"><ul><li class=\"share-facebook\"><div class=\"fb-share-button\" data-href=\"http:\/\/www.michael-schumacher.es\/noticias-f1\/2013\/08\/02\/ferrari-niega-el-fichaje-de-kimi-raikkonen\/\" data-layout=\"button_count\"><\/div><\/li><li class=\"share-twitter\"><a href=\"https:\/\/twitter.com\/share\" class=\"twitter-share-button\" data-url=\"http:\/\/www.michael-schumacher.es\/noticias-f1\/2013\/08\/02\/ferrari-niega-el-fichaje-de-kimi-raikkonen\/\" data-text=\"Ferrari niega el fichaje de Kimi Raikkonen\"  >Tweet<\/a><\/li><li class=\"share-email\"><a rel=\"nofollow noopener noreferrer\" data-shared=\"\" class=\"share-email sd-button\" href=\"http:\/\/www.michael-schumacher.es\/noticias-f1\/2013\/08\/02\/ferrari-niega-el-fichaje-de-kimi-raikkonen\/?share=email\" target=\"_blank\" title=\"Haz clic para enviar por correo electr\u00f3nico a un amigo\"><span>Correo electr\u00f3nico<\/span><\/a><\/li><li class=\"share-end\"><\/li><\/ul><\/div><\/div><\/div>","protected":false},"author":3,"featured_media":0,"comment_status":"open","ping_status":"open","sticky":false,"template":"","format":"standard","meta":{"_monsterinsights_skip_tracking":false,"_monsterinsights_sitenote_active":false,"_monsterinsights_sitenote_note":"","_monsterinsights_sitenote_category":0,"spay_email":"","jetpack_publicize_message":"","jetpack_is_tweetstorm":false,"jetpack_publicize_feature_enabled":true},"categories":[3],"tags":[373,758,2076,500,381,17,106,104,141,387,15,81,108,680,24,372,238],"jetpack_featured_media_url":"","jetpack_publicize_connections":[],"jetpack_sharing_enabled":true,"jetpack_shortlink":"https:\/\/wp.me\/p27q3P-34e","_links":{"self":[{"href":"http:\/\/www.michael-schumacher.es\/noticias-f1\/wp-json\/wp\/v2\/posts\/11794"}],"collection":[{"href":"http:\/\/www.michael-schumacher.es\/noticias-f1\/wp-json\/wp\/v2\/posts"}],"about":[{"href":"http:\/\/www.michael-schumacher.es\/noticias-f1\/wp-json\/wp\/v2\/types\/post"}],"author":[{"embeddable":true,"href":"http:\/\/www.michael-schumacher.es\/noticias-f1\/wp-json\/wp\/v2\/users\/3"}],"replies":[{"embeddable":true,"href":"http:\/\/www.michael-schumacher.es\/noticias-f1\/wp-json\/wp\/v2\/comments?post=11794"}],"version-history":[{"count":0,"href":"http:\/\/www.michael-schumacher.es\/noticias-f1\/wp-json\/wp\/v2\/posts\/11794\/revisions"}],"wp:attachment":[{"href":"http:\/\/www.michael-schumacher.es\/noticias-f1\/wp-json\/wp\/v2\/media?parent=11794"}],"wp:term":[{"taxonomy":"category","embeddable":true,"href":"http:\/\/www.michael-schumacher.es\/noticias-f1\/wp-json\/wp\/v2\/categories?post=11794"},{"taxonomy":"post_tag","embeddable":true,"href":"http:\/\/www.michael-schumacher.es\/noticias-f1\/wp-json\/wp\/v2\/tags?post=11794"}],"curies":[{"name":"wp","href":"https:\/\/api.w.org\/{rel}","templated":true}]}}