{"id":11823,"date":"2013-08-05T03:49:37","date_gmt":"2013-08-05T01:49:37","guid":{"rendered":"http:\/\/www.michael-schumacher.es\/noticias-f1\/?p=11823"},"modified":"2013-08-05T03:49:37","modified_gmt":"2013-08-05T01:49:37","slug":"fernando-alonso-en-una-exhibicion-benefica-para-almudena-en-gijon","status":"publish","type":"post","link":"http:\/\/www.michael-schumacher.es\/noticias-f1\/2013\/08\/05\/fernando-alonso-en-una-exhibicion-benefica-para-almudena-en-gijon\/","title":{"rendered":"Fernando Alonso, en una exhibici\u00f3n ben\u00e9fica para Almudena, en Gij\u00f3n"},"content":{"rendered":"<p><a href=\"http:\/\/www.michael-schumacher.es\/noticias-f1\/wp-content\/uploads\/2013\/03\/fernando_alonso_test-bcn-2013_david-sarro.jpg\"><img loading=\"lazy\" class=\"alignleft\" alt=\"Fernando Alonso - Test BCN 2013 - David Sarr\u00f3 \" src=\"http:\/\/www.michael-schumacher.es\/noticias-f1\/wp-content\/uploads\/2013\/03\/fernando_alonso_test-bcn-2013_david-sarro.jpg\" width=\"200\" height=\"133\" \/><\/a>Almudena, es una ni\u00f1a asturiana de tan solo 12 a\u00f1os, enferma de leucemia, que necesita viajar a Filadelfia\u00a0 para someterse a un tratamiento experimental, con el fin de intentar curar su enfermedad, por lo que con el fin de intentar recaudar fondos para poder costear y realizar ese viaje a Filadelfia (Estados Unidos). La Hermandad de los Estudiantes de Oviedo y la Federaci\u00f3n de Automovilismo del Principado de Asturias han organizado este evento.<\/p>\n<p><!--more--> <!--noteaser--><\/p>\n<p><a href=\"http:\/\/www.michael-schumacher.es\/noticias-f1\/wp-content\/uploads\/2013\/03\/fernando_alonso_test-bcn-2013_david-sarro.jpg\"><img loading=\"lazy\" class=\"aligncenter size-full wp-image-8145\" alt=\"Fernando Alonso - Test BCN 2013 - David Sarr\u00f3 \" src=\"http:\/\/www.michael-schumacher.es\/noticias-f1\/wp-content\/uploads\/2013\/03\/fernando_alonso_test-bcn-2013_david-sarro.jpg\" width=\"660\" height=\"440\" srcset=\"http:\/\/www.michael-schumacher.es\/noticias-f1\/wp-content\/uploads\/2013\/03\/fernando_alonso_test-bcn-2013_david-sarro.jpg 660w, http:\/\/www.michael-schumacher.es\/noticias-f1\/wp-content\/uploads\/2013\/03\/fernando_alonso_test-bcn-2013_david-sarro-300x200.jpg 300w\" sizes=\"(max-width: 660px) 100vw, 660px\" \/><\/a><\/p>\n<p>&nbsp;<\/p>\n<p>Almudena, es una ni\u00f1a asturiana de tan solo 12 a\u00f1os, enferma de leucemia, que necesita viajar a Filadelfia\u00a0 para someterse a un tratamiento experimental, con el fin de intentar curar su enfermedad, por lo que con el fin de intentar recaudar fondos para poder costear y realizar ese viaje a Filadelfia (Estados Unidos). La Hermandad de los Estudiantes de Oviedo y la Federaci\u00f3n de Automovilismo del Principado de Asturias han organizado este evento.<\/p>\n<p>&nbsp;<\/p>\n<p>Fernando Alonso, como muestra de su solidaridad ha estado en la exhibici\u00f3n de coches en Las Mestas, Gij\u00f3n, para apoyar la recaudaci\u00f3n de fondos en ayuda de Almudena Torres. En dicha exhibici\u00f3n han participado diecinueve pilotos, en el circuito habilitado para la ocasi\u00f3n, en el hip\u00f3dromo de Las Mestas, por suerte al evento han acudido varios centenares de espectadores, que han colaborado pagando los diez euros que costaba la entrada para adultos y cinco para los ni\u00f1os.<\/p>\n<p>&nbsp;<\/p>\n<p>La Hermandad de los Estudiantes de Oviedo a la que los padres de Almudena pertenecen, desde que conocieron los problemas que hab\u00eda para recibir un tratamiento que pudiera ayudarla, se han puesto en movimiento, en este evento y otras iniciativas, como un partido de f\u00fatbol entre veteranos del Real Oviedo y del Sporting de Gij\u00f3n que tendr\u00e1 lugar hoy domingo d\u00eda 4 de Agosto, con el \u00fanico objetivo de poder ayudarla, tal como explica Manuel \u00c1lvarez: <strong>\u201cNos enteramos en abril de que las cosas no iban como ten\u00edan que ir, as\u00ed que empezamos a organizar cosas\u201d<\/strong><\/p>\n<p>&nbsp;<\/p>\n<p>Seg\u00fan explica Manuel \u00c1lvarez, el dinero que necesitan para poder hacer frente a los gastos de este tratamiento, rondar\u00eda los 60.000 euros:<strong> \u201cEl tratamiento no es, en realidad, demasiado caro. Los problemas vienen por los traslados, la hospitalizaci\u00f3n, la estancia. Todo ello suma, y all\u00ed hay que pagar por todo. Se necesita mucho &#8216;cash&#8217;\u201d.<\/strong><\/p>\n<p>&nbsp;<\/p>\n<p>Fernando Alonso saludo a la ni\u00f1a y particip\u00f3 en apoyo a la causa,\u00a0 con una firma de aut\u00f3grafos a los asistentes a dicho evento. Con su presencia aporto su colaboraci\u00f3n prestando su imagen de forma desinteresada. Lo que una vez m\u00e1s da muestras de la gran solidaridad y apoyo que ofrecen algunos deportistas, en este caso pilotos de F1 y en este caso la gran calidad humana de Fernando Alonso. As\u00ed como otros pilotos que tambi\u00e9n han hecho importantes aportaciones ben\u00e9ficas.<\/p>\n<p>&nbsp;<\/p>\n<p>Michael Schumacher, siete veces campe\u00f3n de F1, recientemente, en junio de este mismo a\u00f1o,\u00a0 don\u00f3 500.000 \u20ac en beneficio de las v\u00edctimas de las inundaciones sur de Alemania. En 2002 don\u00f3 un mill\u00f3n de euros para las v\u00edctimas de las inundaciones similares a las de este a\u00f1o y en 2004 don\u00f3 \u20ac 7,5 millones para las v\u00edctimas del devastador tsunami en Asia. Estas son donaciones que se han hecho p\u00fablicas pero son muchas m\u00e1s las donaciones que hace an\u00f3nimas, adem\u00e1s de mostrar su apoyo a diferentes causas solidarias. Jenson Button tambi\u00e9n cada a\u00f1o, participa y organiza\u00a0 su triatl\u00f3n ben\u00e9fico<\/p>\n<p>&nbsp;<\/p>\n<p><strong>Imagen:<\/strong> David Sarr\u00f3<\/p>\n<div class=\"sharedaddy sd-sharing-enabled\"><div class=\"robots-nocontent sd-block sd-social sd-social-official sd-sharing\"><h3 class=\"sd-title\">Opciones Sociales:<\/h3><div class=\"sd-content\"><ul><li class=\"share-facebook\"><div class=\"fb-share-button\" data-href=\"http:\/\/www.michael-schumacher.es\/noticias-f1\/2013\/08\/05\/fernando-alonso-en-una-exhibicion-benefica-para-almudena-en-gijon\/\" data-layout=\"button_count\"><\/div><\/li><li class=\"share-twitter\"><a href=\"https:\/\/twitter.com\/share\" class=\"twitter-share-button\" data-url=\"http:\/\/www.michael-schumacher.es\/noticias-f1\/2013\/08\/05\/fernando-alonso-en-una-exhibicion-benefica-para-almudena-en-gijon\/\" data-text=\"Fernando Alonso, en una exhibici\u00f3n ben\u00e9fica para Almudena, en Gij\u00f3n\"  >Tweet<\/a><\/li><li class=\"share-email\"><a rel=\"nofollow noopener noreferrer\" data-shared=\"\" class=\"share-email sd-button\" href=\"http:\/\/www.michael-schumacher.es\/noticias-f1\/2013\/08\/05\/fernando-alonso-en-una-exhibicion-benefica-para-almudena-en-gijon\/?share=email\" target=\"_blank\" title=\"Haz clic para enviar por correo electr\u00f3nico a un amigo\"><span>Correo electr\u00f3nico<\/span><\/a><\/li><li class=\"share-end\"><\/li><\/ul><\/div><\/div><\/div>","protected":false},"excerpt":{"rendered":"<p>Almudena, es una ni\u00f1a asturiana de tan solo 12 a\u00f1os, enferma de leucemia, que necesita viajar a Filadelfia\u00a0 para someterse a un tratamiento experimental, con el fin de intentar curar su enfermedad, por lo que con el fin de intentar recaudar fondos para poder costear y realizar ese viaje a Filadelfia (Estados Unidos). La Hermandad [&hellip;]<\/p>\n<div class=\"sharedaddy sd-sharing-enabled\"><div class=\"robots-nocontent sd-block sd-social sd-social-official sd-sharing\"><h3 class=\"sd-title\">Opciones Sociales:<\/h3><div class=\"sd-content\"><ul><li class=\"share-facebook\"><div class=\"fb-share-button\" data-href=\"http:\/\/www.michael-schumacher.es\/noticias-f1\/2013\/08\/05\/fernando-alonso-en-una-exhibicion-benefica-para-almudena-en-gijon\/\" data-layout=\"button_count\"><\/div><\/li><li class=\"share-twitter\"><a href=\"https:\/\/twitter.com\/share\" class=\"twitter-share-button\" data-url=\"http:\/\/www.michael-schumacher.es\/noticias-f1\/2013\/08\/05\/fernando-alonso-en-una-exhibicion-benefica-para-almudena-en-gijon\/\" data-text=\"Fernando Alonso, en una exhibici\u00f3n ben\u00e9fica para Almudena, en Gij\u00f3n\"  >Tweet<\/a><\/li><li class=\"share-email\"><a rel=\"nofollow noopener noreferrer\" data-shared=\"\" class=\"share-email sd-button\" href=\"http:\/\/www.michael-schumacher.es\/noticias-f1\/2013\/08\/05\/fernando-alonso-en-una-exhibicion-benefica-para-almudena-en-gijon\/?share=email\" target=\"_blank\" title=\"Haz clic para enviar por correo electr\u00f3nico a un amigo\"><span>Correo electr\u00f3nico<\/span><\/a><\/li><li class=\"share-end\"><\/li><\/ul><\/div><\/div><\/div>","protected":false},"author":3,"featured_media":0,"comment_status":"open","ping_status":"open","sticky":false,"template":"","format":"standard","meta":{"_monsterinsights_skip_tracking":false,"_monsterinsights_sitenote_active":false,"_monsterinsights_sitenote_note":"","_monsterinsights_sitenote_category":0,"spay_email":"","jetpack_publicize_message":"","jetpack_is_tweetstorm":false,"jetpack_publicize_feature_enabled":true},"categories":[3],"tags":[3876,3873,105,2195,3874,17,104,141,1736,15,3878,12,229,354,3875,31,3877],"jetpack_featured_media_url":"","jetpack_publicize_connections":[],"jetpack_sharing_enabled":true,"jetpack_shortlink":"https:\/\/wp.me\/p27q3P-34H","_links":{"self":[{"href":"http:\/\/www.michael-schumacher.es\/noticias-f1\/wp-json\/wp\/v2\/posts\/11823"}],"collection":[{"href":"http:\/\/www.michael-schumacher.es\/noticias-f1\/wp-json\/wp\/v2\/posts"}],"about":[{"href":"http:\/\/www.michael-schumacher.es\/noticias-f1\/wp-json\/wp\/v2\/types\/post"}],"author":[{"embeddable":true,"href":"http:\/\/www.michael-schumacher.es\/noticias-f1\/wp-json\/wp\/v2\/users\/3"}],"replies":[{"embeddable":true,"href":"http:\/\/www.michael-schumacher.es\/noticias-f1\/wp-json\/wp\/v2\/comments?post=11823"}],"version-history":[{"count":0,"href":"http:\/\/www.michael-schumacher.es\/noticias-f1\/wp-json\/wp\/v2\/posts\/11823\/revisions"}],"wp:attachment":[{"href":"http:\/\/www.michael-schumacher.es\/noticias-f1\/wp-json\/wp\/v2\/media?parent=11823"}],"wp:term":[{"taxonomy":"category","embeddable":true,"href":"http:\/\/www.michael-schumacher.es\/noticias-f1\/wp-json\/wp\/v2\/categories?post=11823"},{"taxonomy":"post_tag","embeddable":true,"href":"http:\/\/www.michael-schumacher.es\/noticias-f1\/wp-json\/wp\/v2\/tags?post=11823"}],"curies":[{"name":"wp","href":"https:\/\/api.w.org\/{rel}","templated":true}]}}