{"id":11833,"date":"2013-08-06T02:46:59","date_gmt":"2013-08-06T00:46:59","guid":{"rendered":"http:\/\/www.michael-schumacher.es\/noticias-f1\/?p=11833"},"modified":"2013-08-06T02:46:59","modified_gmt":"2013-08-06T00:46:59","slug":"la-f1-cierra-por-vacaciones","status":"publish","type":"post","link":"http:\/\/www.michael-schumacher.es\/noticias-f1\/2013\/08\/06\/la-f1-cierra-por-vacaciones\/","title":{"rendered":"La F1 cierra por vacaciones"},"content":{"rendered":"<p><a href=\"http:\/\/www.michael-schumacher.es\/noticias-f1\/wp-content\/uploads\/2012\/08\/david_sarro.formula-1-1.jpg\"><img loading=\"lazy\" class=\"alignleft\" alt=\"Formula 1\" src=\"http:\/\/www.michael-schumacher.es\/noticias-f1\/wp-content\/uploads\/2012\/08\/david_sarro.formula-1-1.jpg\" width=\"200\" height=\"99\" \/><\/a>Aunque no hay carrera de F1 durante cuatro semanas, desde el Gran Premio de Hungr\u00eda hasta el Gran Premio de B\u00e9lgica el 25 de agosto. Tampoco las fabricas van a trabajar durante dos de esas semanas, desde el s\u00e1bado 3 de agosto, permanecer\u00e1n cerradas de forma obligatoria, incluso tienen prohibido mandarse correos electr\u00f3nicos, ya que la desconexi\u00f3n debe ser total, bueno casi total, ya que pensar en el trabajo no es posible de corroborar.<\/p>\n<p><!--more--> <!--noteaser--><\/p>\n<p><a href=\"http:\/\/www.michael-schumacher.es\/noticias-f1\/wp-content\/uploads\/2012\/08\/david_sarro.formula-1-1.jpg\"><img loading=\"lazy\" class=\"aligncenter size-full wp-image-2446\" alt=\"Formula 1\" src=\"http:\/\/www.michael-schumacher.es\/noticias-f1\/wp-content\/uploads\/2012\/08\/david_sarro.formula-1-1.jpg\" width=\"605\" height=\"300\" srcset=\"http:\/\/www.michael-schumacher.es\/noticias-f1\/wp-content\/uploads\/2012\/08\/david_sarro.formula-1-1.jpg 605w, http:\/\/www.michael-schumacher.es\/noticias-f1\/wp-content\/uploads\/2012\/08\/david_sarro.formula-1-1-300x148.jpg 300w\" sizes=\"(max-width: 605px) 100vw, 605px\" \/><\/a><\/p>\n<p>&nbsp;<\/p>\n<p>Aunque no hay carrera de F1 durante cuatro semanas, desde el Gran Premio de Hungr\u00eda hasta el Gran Premio de B\u00e9lgica el 25 de agosto. Tampoco las fabricas van a trabajar durante dos de esas semanas, desde el s\u00e1bado 3 de agosto, permanecer\u00e1n cerradas de forma obligatoria, incluso tienen prohibido mandarse correos electr\u00f3nicos, ya que la desconexi\u00f3n debe ser total, bueno casi total, ya que pensar en el trabajo no es posible de corroborar.<\/p>\n<p>&nbsp;<\/p>\n<p>Probablemente como casi siempre sucede, puede que alguno no est\u00e9 de acuerdo con este acuerdo que obliga a todos a cerrar, pero la gran mayor\u00eda consideran que es bueno y que sirve para que todos descansen carguen bater\u00edas y se tomen un bien merecido descanso<\/p>\n<p>&nbsp;<\/p>\n<p>Entre los que consideran que esto es una buena medida, este Steve Nielsen, director deportivo de Toro Rosso, que considera que es: <strong>\u00abUna victoria para todos\u00bb <\/strong><\/p>\n<p>&nbsp;<\/p>\n<p>Aunque claro, la mente no tiene porque necesariamente irse de vacaciones y pensar no puede prohibirse, esa tambi\u00e9n es la opini\u00f3n de Helmut Marko, asesor de Red Bull: <strong>\u00abPor supuesto, no se puede desconectar el cerebro\u00bb.<\/strong><\/p>\n<p>&nbsp;<\/p>\n<p>Tambien Christian Horner, jefe del equipo Red Bull, considera que hay que cargar las bater\u00edas:<strong> \u00abTodo el mundo ha ganado la oportunidad de recargar sus bater\u00edas\u00bb.<\/strong><\/p>\n<p>&nbsp;<\/p>\n<p><strong>Imagen:<\/strong> David Sarr\u00f3<\/p>\n<div class=\"sharedaddy sd-sharing-enabled\"><div class=\"robots-nocontent sd-block sd-social sd-social-official sd-sharing\"><h3 class=\"sd-title\">Opciones Sociales:<\/h3><div class=\"sd-content\"><ul><li class=\"share-facebook\"><div class=\"fb-share-button\" data-href=\"http:\/\/www.michael-schumacher.es\/noticias-f1\/2013\/08\/06\/la-f1-cierra-por-vacaciones\/\" data-layout=\"button_count\"><\/div><\/li><li class=\"share-twitter\"><a href=\"https:\/\/twitter.com\/share\" class=\"twitter-share-button\" data-url=\"http:\/\/www.michael-schumacher.es\/noticias-f1\/2013\/08\/06\/la-f1-cierra-por-vacaciones\/\" data-text=\"La F1 cierra por vacaciones\"  >Tweet<\/a><\/li><li class=\"share-email\"><a rel=\"nofollow noopener noreferrer\" data-shared=\"\" class=\"share-email sd-button\" href=\"http:\/\/www.michael-schumacher.es\/noticias-f1\/2013\/08\/06\/la-f1-cierra-por-vacaciones\/?share=email\" target=\"_blank\" title=\"Haz clic para enviar por correo electr\u00f3nico a un amigo\"><span>Correo electr\u00f3nico<\/span><\/a><\/li><li class=\"share-end\"><\/li><\/ul><\/div><\/div><\/div>","protected":false},"excerpt":{"rendered":"<p>Aunque no hay carrera de F1 durante cuatro semanas, desde el Gran Premio de Hungr\u00eda hasta el Gran Premio de B\u00e9lgica el 25 de agosto. Tampoco las fabricas van a trabajar durante dos de esas semanas, desde el s\u00e1bado 3 de agosto, permanecer\u00e1n cerradas de forma obligatoria, incluso tienen prohibido mandarse correos electr\u00f3nicos, ya que [&hellip;]<\/p>\n<div class=\"sharedaddy sd-sharing-enabled\"><div class=\"robots-nocontent sd-block sd-social sd-social-official sd-sharing\"><h3 class=\"sd-title\">Opciones Sociales:<\/h3><div class=\"sd-content\"><ul><li class=\"share-facebook\"><div class=\"fb-share-button\" data-href=\"http:\/\/www.michael-schumacher.es\/noticias-f1\/2013\/08\/06\/la-f1-cierra-por-vacaciones\/\" data-layout=\"button_count\"><\/div><\/li><li class=\"share-twitter\"><a href=\"https:\/\/twitter.com\/share\" class=\"twitter-share-button\" data-url=\"http:\/\/www.michael-schumacher.es\/noticias-f1\/2013\/08\/06\/la-f1-cierra-por-vacaciones\/\" data-text=\"La F1 cierra por vacaciones\"  >Tweet<\/a><\/li><li class=\"share-email\"><a rel=\"nofollow noopener noreferrer\" data-shared=\"\" class=\"share-email sd-button\" href=\"http:\/\/www.michael-schumacher.es\/noticias-f1\/2013\/08\/06\/la-f1-cierra-por-vacaciones\/?share=email\" target=\"_blank\" title=\"Haz clic para enviar por correo electr\u00f3nico a un amigo\"><span>Correo electr\u00f3nico<\/span><\/a><\/li><li class=\"share-end\"><\/li><\/ul><\/div><\/div><\/div>","protected":false},"author":3,"featured_media":0,"comment_status":"open","ping_status":"open","sticky":false,"template":"","format":"standard","meta":{"_monsterinsights_skip_tracking":false,"_monsterinsights_sitenote_active":false,"_monsterinsights_sitenote_note":"","_monsterinsights_sitenote_category":0,"spay_email":"","jetpack_publicize_message":"","jetpack_is_tweetstorm":false,"jetpack_publicize_feature_enabled":true},"categories":[3],"tags":[373,698,3881,1373,256,17,699,15,3880,3882,976,238,558],"jetpack_featured_media_url":"","jetpack_publicize_connections":[],"jetpack_sharing_enabled":true,"jetpack_shortlink":"https:\/\/wp.me\/p27q3P-34R","_links":{"self":[{"href":"http:\/\/www.michael-schumacher.es\/noticias-f1\/wp-json\/wp\/v2\/posts\/11833"}],"collection":[{"href":"http:\/\/www.michael-schumacher.es\/noticias-f1\/wp-json\/wp\/v2\/posts"}],"about":[{"href":"http:\/\/www.michael-schumacher.es\/noticias-f1\/wp-json\/wp\/v2\/types\/post"}],"author":[{"embeddable":true,"href":"http:\/\/www.michael-schumacher.es\/noticias-f1\/wp-json\/wp\/v2\/users\/3"}],"replies":[{"embeddable":true,"href":"http:\/\/www.michael-schumacher.es\/noticias-f1\/wp-json\/wp\/v2\/comments?post=11833"}],"version-history":[{"count":0,"href":"http:\/\/www.michael-schumacher.es\/noticias-f1\/wp-json\/wp\/v2\/posts\/11833\/revisions"}],"wp:attachment":[{"href":"http:\/\/www.michael-schumacher.es\/noticias-f1\/wp-json\/wp\/v2\/media?parent=11833"}],"wp:term":[{"taxonomy":"category","embeddable":true,"href":"http:\/\/www.michael-schumacher.es\/noticias-f1\/wp-json\/wp\/v2\/categories?post=11833"},{"taxonomy":"post_tag","embeddable":true,"href":"http:\/\/www.michael-schumacher.es\/noticias-f1\/wp-json\/wp\/v2\/tags?post=11833"}],"curies":[{"name":"wp","href":"https:\/\/api.w.org\/{rel}","templated":true}]}}