{"id":11872,"date":"2013-08-09T02:29:17","date_gmt":"2013-08-09T00:29:17","guid":{"rendered":"http:\/\/www.michael-schumacher.es\/noticias-f1\/?p=11872"},"modified":"2013-08-11T01:52:20","modified_gmt":"2013-08-10T23:52:20","slug":"kaltenborn-admite-que-hay-retrasos-en-el-acuerdo-con-las-companias-rusas","status":"publish","type":"post","link":"http:\/\/www.michael-schumacher.es\/noticias-f1\/2013\/08\/09\/kaltenborn-admite-que-hay-retrasos-en-el-acuerdo-con-las-companias-rusas\/","title":{"rendered":"Kaltenborn admite que hay retrasos en el acuerdo con las compa\u00f1\u00edas rusas"},"content":{"rendered":"<p><a href=\"http:\/\/www.michael-schumacher.es\/noticias-f1\/wp-content\/uploads\/2013\/04\/esteban_gutierrez_test-bcn-2013_david-sarro.jpg\"><img loading=\"lazy\" class=\"alignleft\" alt=\"esteban_gutierrez_test-bcn-2013_david-sarro\" src=\"http:\/\/www.michael-schumacher.es\/noticias-f1\/wp-content\/uploads\/2013\/04\/esteban_gutierrez_test-bcn-2013_david-sarro.jpg\" width=\"202\" height=\"134\" \/><\/a>Como todos sabemos ya Sauber atraviesa una seria crisis financiera que se resolver\u00e1 satisfactoriamente con una fuerte asociaci\u00f3n con tres empresas rusas, pero todav\u00eda no se ha podido formalizar seg\u00fan confirma la jefa del equipo Monisha Kaltenborn, por problemas burocr\u00e1ticos. Por lo que todav\u00eda no han recibido el aporte econ\u00f3mico necesario para salir de la crisis.<\/p>\n<p><!--more--> <!--noteaser--><\/p>\n<p><a href=\"http:\/\/www.michael-schumacher.es\/noticias-f1\/wp-content\/uploads\/2013\/04\/esteban_gutierrez_test-bcn-2013_david-sarro.jpg\"><img loading=\"lazy\" class=\"aligncenter size-full wp-image-9045\" alt=\"esteban_gutierrez_test-bcn-2013_david-sarro\" src=\"http:\/\/www.michael-schumacher.es\/noticias-f1\/wp-content\/uploads\/2013\/04\/esteban_gutierrez_test-bcn-2013_david-sarro.jpg\" width=\"650\" height=\"433\" srcset=\"http:\/\/www.michael-schumacher.es\/noticias-f1\/wp-content\/uploads\/2013\/04\/esteban_gutierrez_test-bcn-2013_david-sarro.jpg 650w, http:\/\/www.michael-schumacher.es\/noticias-f1\/wp-content\/uploads\/2013\/04\/esteban_gutierrez_test-bcn-2013_david-sarro-300x199.jpg 300w\" sizes=\"(max-width: 650px) 100vw, 650px\" \/><\/a><\/p>\n<p>&nbsp;<\/p>\n<p>Como todos sabemos ya Sauber atraviesa una seria crisis financiera que se resolver\u00e1 satisfactoriamente con una fuerte asociaci\u00f3n con tres empresas rusas, pero todav\u00eda no se ha podido formalizar seg\u00fan confirma la jefa del equipo Monisha Kaltenborn, por problemas burocr\u00e1ticos. Por lo que todav\u00eda no han recibido el aporte econ\u00f3mico necesario para salir de la crisis.<\/p>\n<p>&nbsp;<\/p>\n<p>Seg\u00fan las informaciones del diario alem\u00e1n Welt, Kaltenborn ha confirmado estos retrasos pero el diario llega m\u00e1s lejos en sus informaciones e indican que dicho acuerdo con las tres importantes empresas rusas podr\u00edan requerir la firma del presidente de Rusia, Vladimir Putin. Algo que de momento no ha hecho.<\/p>\n<p>&nbsp;<\/p>\n<p>Monisha Kaltenborn \u00fanicamente ha confirmado que existe ese retraso, por cuestiones complejas: <strong>\u00abEs por obst\u00e1culos burocr\u00e1ticos y cuestiones complejas de detallar\u00bb.<\/strong><\/p>\n<p>&nbsp;<\/p>\n<p><strong>Imagen:<\/strong> David Sarr\u00f3<\/p>\n<div class=\"sharedaddy sd-sharing-enabled\"><div class=\"robots-nocontent sd-block sd-social sd-social-official sd-sharing\"><h3 class=\"sd-title\">Opciones Sociales:<\/h3><div class=\"sd-content\"><ul><li class=\"share-facebook\"><div class=\"fb-share-button\" data-href=\"http:\/\/www.michael-schumacher.es\/noticias-f1\/2013\/08\/09\/kaltenborn-admite-que-hay-retrasos-en-el-acuerdo-con-las-companias-rusas\/\" data-layout=\"button_count\"><\/div><\/li><li class=\"share-twitter\"><a href=\"https:\/\/twitter.com\/share\" class=\"twitter-share-button\" data-url=\"http:\/\/www.michael-schumacher.es\/noticias-f1\/2013\/08\/09\/kaltenborn-admite-que-hay-retrasos-en-el-acuerdo-con-las-companias-rusas\/\" data-text=\"Kaltenborn admite que hay retrasos en el acuerdo con las compa\u00f1\u00edas rusas\"  >Tweet<\/a><\/li><li class=\"share-email\"><a rel=\"nofollow noopener noreferrer\" data-shared=\"\" class=\"share-email sd-button\" href=\"http:\/\/www.michael-schumacher.es\/noticias-f1\/2013\/08\/09\/kaltenborn-admite-que-hay-retrasos-en-el-acuerdo-con-las-companias-rusas\/?share=email\" target=\"_blank\" title=\"Haz clic para enviar por correo electr\u00f3nico a un amigo\"><span>Correo electr\u00f3nico<\/span><\/a><\/li><li class=\"share-end\"><\/li><\/ul><\/div><\/div><\/div>","protected":false},"excerpt":{"rendered":"<p>Como todos sabemos ya Sauber atraviesa una seria crisis financiera que se resolver\u00e1 satisfactoriamente con una fuerte asociaci\u00f3n con tres empresas rusas, pero todav\u00eda no se ha podido formalizar seg\u00fan confirma la jefa del equipo Monisha Kaltenborn, por problemas burocr\u00e1ticos. Por lo que todav\u00eda no han recibido el aporte econ\u00f3mico necesario para salir de la [&hellip;]<\/p>\n<div class=\"sharedaddy sd-sharing-enabled\"><div class=\"robots-nocontent sd-block sd-social sd-social-official sd-sharing\"><h3 class=\"sd-title\">Opciones Sociales:<\/h3><div class=\"sd-content\"><ul><li class=\"share-facebook\"><div class=\"fb-share-button\" data-href=\"http:\/\/www.michael-schumacher.es\/noticias-f1\/2013\/08\/09\/kaltenborn-admite-que-hay-retrasos-en-el-acuerdo-con-las-companias-rusas\/\" data-layout=\"button_count\"><\/div><\/li><li class=\"share-twitter\"><a href=\"https:\/\/twitter.com\/share\" class=\"twitter-share-button\" data-url=\"http:\/\/www.michael-schumacher.es\/noticias-f1\/2013\/08\/09\/kaltenborn-admite-que-hay-retrasos-en-el-acuerdo-con-las-companias-rusas\/\" data-text=\"Kaltenborn admite que hay retrasos en el acuerdo con las compa\u00f1\u00edas rusas\"  >Tweet<\/a><\/li><li class=\"share-email\"><a rel=\"nofollow noopener noreferrer\" data-shared=\"\" class=\"share-email sd-button\" href=\"http:\/\/www.michael-schumacher.es\/noticias-f1\/2013\/08\/09\/kaltenborn-admite-que-hay-retrasos-en-el-acuerdo-con-las-companias-rusas\/?share=email\" target=\"_blank\" title=\"Haz clic para enviar por correo electr\u00f3nico a un amigo\"><span>Correo electr\u00f3nico<\/span><\/a><\/li><li class=\"share-end\"><\/li><\/ul><\/div><\/div><\/div>","protected":false},"author":3,"featured_media":0,"comment_status":"open","ping_status":"open","sticky":false,"template":"","format":"standard","meta":{"_monsterinsights_skip_tracking":false,"_monsterinsights_sitenote_active":false,"_monsterinsights_sitenote_note":"","_monsterinsights_sitenote_category":0,"spay_email":"","jetpack_publicize_message":"","jetpack_is_tweetstorm":false,"jetpack_publicize_feature_enabled":true},"categories":[3],"tags":[373,366,3905,3906,317,381,17,15,3903,2264,2263,3904,3778,86,238],"jetpack_featured_media_url":"","jetpack_publicize_connections":[],"jetpack_sharing_enabled":true,"jetpack_shortlink":"https:\/\/wp.me\/p27q3P-35u","_links":{"self":[{"href":"http:\/\/www.michael-schumacher.es\/noticias-f1\/wp-json\/wp\/v2\/posts\/11872"}],"collection":[{"href":"http:\/\/www.michael-schumacher.es\/noticias-f1\/wp-json\/wp\/v2\/posts"}],"about":[{"href":"http:\/\/www.michael-schumacher.es\/noticias-f1\/wp-json\/wp\/v2\/types\/post"}],"author":[{"embeddable":true,"href":"http:\/\/www.michael-schumacher.es\/noticias-f1\/wp-json\/wp\/v2\/users\/3"}],"replies":[{"embeddable":true,"href":"http:\/\/www.michael-schumacher.es\/noticias-f1\/wp-json\/wp\/v2\/comments?post=11872"}],"version-history":[{"count":0,"href":"http:\/\/www.michael-schumacher.es\/noticias-f1\/wp-json\/wp\/v2\/posts\/11872\/revisions"}],"wp:attachment":[{"href":"http:\/\/www.michael-schumacher.es\/noticias-f1\/wp-json\/wp\/v2\/media?parent=11872"}],"wp:term":[{"taxonomy":"category","embeddable":true,"href":"http:\/\/www.michael-schumacher.es\/noticias-f1\/wp-json\/wp\/v2\/categories?post=11872"},{"taxonomy":"post_tag","embeddable":true,"href":"http:\/\/www.michael-schumacher.es\/noticias-f1\/wp-json\/wp\/v2\/tags?post=11872"}],"curies":[{"name":"wp","href":"https:\/\/api.w.org\/{rel}","templated":true}]}}