{"id":11975,"date":"2013-08-19T02:22:23","date_gmt":"2013-08-19T00:22:23","guid":{"rendered":"http:\/\/www.michael-schumacher.es\/noticias-f1\/?p=11975"},"modified":"2013-08-19T02:22:23","modified_gmt":"2013-08-19T00:22:23","slug":"red-bull-se-ha-decidido-por-ricciardo","status":"publish","type":"post","link":"http:\/\/www.michael-schumacher.es\/noticias-f1\/2013\/08\/19\/red-bull-se-ha-decidido-por-ricciardo\/","title":{"rendered":"\u00bfRed Bull se ha decidido por Ricciardo?"},"content":{"rendered":"<p><a href=\"http:\/\/www.michael-schumacher.es\/noticias-f1\/wp-content\/uploads\/2013\/03\/logo-equipo-redbull-2013.jpg\"><img loading=\"lazy\" class=\"alignleft\" alt=\"Logo Equipo Red Bull 2013\" src=\"http:\/\/www.michael-schumacher.es\/noticias-f1\/wp-content\/uploads\/2013\/03\/logo-equipo-redbull-2013.jpg\" width=\"200\" height=\"133\" \/><\/a>El equipo Red Bull tiene disponible el asiento probablemente m\u00e1s goloso de la parrilla y aunque todav\u00eda se desconoce qui\u00e9n ser\u00e1 el elegido para ocuparlo, sin duda es un generador incansable de todo tipo de rumores, que adem\u00e1s necesariamente no se quedan en Red Bull, sino que de paso detonan en otros equipos, por lo que estas vacaciones de verano hemos paseando a la mayor\u00eda de pilotos punteros de equipo en equipo.<\/p>\n<p><!--more--> <!--noteaser--><\/p>\n<p><a href=\"http:\/\/www.michael-schumacher.es\/noticias-f1\/wp-content\/uploads\/2013\/03\/logo-equipo-redbull-2013.jpg\"><img loading=\"lazy\" class=\"aligncenter size-full wp-image-8655\" alt=\"Logo Equipo Red Bull 2013\" src=\"http:\/\/www.michael-schumacher.es\/noticias-f1\/wp-content\/uploads\/2013\/03\/logo-equipo-redbull-2013.jpg\" width=\"650\" height=\"433\" srcset=\"http:\/\/www.michael-schumacher.es\/noticias-f1\/wp-content\/uploads\/2013\/03\/logo-equipo-redbull-2013.jpg 650w, http:\/\/www.michael-schumacher.es\/noticias-f1\/wp-content\/uploads\/2013\/03\/logo-equipo-redbull-2013-300x199.jpg 300w\" sizes=\"(max-width: 650px) 100vw, 650px\" \/><\/a><\/p>\n<p>&nbsp;<\/p>\n<p>&nbsp;<\/p>\n<p>El equipo Red Bull tiene disponible el asiento probablemente m\u00e1s goloso de la parrilla y aunque todav\u00eda se desconoce qui\u00e9n ser\u00e1 el elegido para ocuparlo, sin duda es un generador incansable de todo tipo de rumores, que adem\u00e1s necesariamente no se quedan en Red Bull, sino que de paso detonan en otros equipos, por lo que estas vacaciones de verano hemos paseando a la mayor\u00eda de pilotos punteros de equipo en equipo.<\/p>\n<p>&nbsp;<\/p>\n<p>Esta vez le toca el turno a Daniel Ricciardo, aunque no es un rumor sin sentido, ya que el propio Christian Horner reconoci\u00f3 que sus m\u00e1s importantes opciones estaban entre Kimi Raikkonen y Daniel Ricciardo, seg\u00fan la prensa alemana y concretamente Sport Bild, el equipo Red Bull ya habr\u00eda desojado la margarita y el elegido para el segundo asiento en el equipo seria Ricciardo.<\/p>\n<p>&nbsp;<\/p>\n<p>Seg\u00fan las fuentes del diario alem\u00e1n, tanto Fernando Alonso como Kimi Raikkonen estar\u00edan descartados por Red Bull y quedar\u00eda como elegido el piloto de Toro Rosso Daniel Ricciardo, pero no hay ninguna confirmaci\u00f3n por ninguna de las partes y el asesor del equipo Helmut Marko solamente ha dicho que se confirmar\u00e1 al piloto que ocupe el asiento vac\u00edo en su equipo la pr\u00f3xima semana en Spa.<\/p>\n<p>&nbsp;<\/p>\n<p>Cabe destacar que el asesor de Red Bull Helmut Marko no ha confirmado tales informaciones: <strong>\u00abNo haremos ning\u00fan anuncio hasta Spa. M\u00e1s no puedo decir sobre el tema\u00bb<\/strong><\/p>\n<p>&nbsp;<\/p>\n<p>Daniel Ricciardo, piloto de Toro Rosso, de 24 a\u00f1os, es piloto oficial de F1 desde el 30 Junio 2011 compiti\u00f3 con HRT, equipo con el que particip\u00f3 en 11 carreras, en 2012 paso a Toro Rosso y consigui\u00f3 un total de 10 puntos, en la temporada 2013 sigue en el equipo Toro Rosso y hasta el momento ha conseguido 11 puntos, por lo que ha conseguido un total de 21 en su carrera en F1 y su mejor posici\u00f3n ha sido finalizando s\u00e9ptimo en el Gran Premio de China de este mismo a\u00f1o. Seg\u00fan publica\u00a0 la web de la revista \u00abSport Bild\u00bb Ricciardo ser\u00e1 presentado el pr\u00f3ximo fin de semana de forma oficial para sustituir a su compatriota Mark Webber.<\/p>\n<p>&nbsp;<\/p>\n<p>Franz Tost, jefe de Toro Rosso, sin embargo, hace pocos d\u00edas declar\u00f3 que no consideraba todav\u00eda preparado a Daniel Ricciardo para pasar a Red Bul, ya que necesitaba m\u00e1s experiencia, al menos un a\u00f1o m\u00e1s:\u00a0 <strong>\u201cPersonalmente, me gustar\u00eda que contin\u00faa su proceso de maduraci\u00f3n de un a\u00f1o m\u00e1s en Toro Rosso. Despu\u00e9s de todo, estamos hablando de Red Bull, el equipo gan\u00f3 el t\u00edtulo mundial en los \u00faltimos tres a\u00f1os. Daniel nunca se ha montado sobre un podio de F1, nunca gan\u00f3 una carrera, pero es sobre todo porque nuestro coche no es lo suficientemente bueno. Esto es lo \u00fanico negativo que veo para \u00e9l. Aparte de eso, a \u00e9l le veo un gran futuro en la F1\u2033.<\/strong><\/p>\n<p>&nbsp;<\/p>\n<p>Pero esta pasada semana el mismo Franz Tost declaraba que si Red Bull se lleva a Ricciardo, el joven Antonio F\u00e9lix da Costa es un candidato a sustituirlo:<strong> \u00abAntonio F\u00e9lix da Costa es uno de los candidatos, pero vamos a esperar a la decisi\u00f3n de Red Bull. Si se llevan a Daniel, entonces evaluaremos quien ser\u00e1 el elegido para nuestro segundo cockpit\u00bb.<\/strong><\/p>\n<p>&nbsp;<\/p>\n<p>Pronto se desvelar\u00e1 el misterio, si como ha declarado Helmut Marko har\u00e1n el anuncio en Spa. Pero sin duda es un piloto de la cantera de Red Bull y era uno de los nombres que m\u00e1s sonaban, por lo este rumor podr\u00eda tener posibilidades de ser cierto, sin embargo tambi\u00e9n Horner declar\u00f3, que el equipo Red Bull tiene la necesidad de tener dos pilotos fuertes para conseguir puntos para el mundial de constructores, y que quer\u00edan los dos pilotos m\u00e1s fuertes posibles, por lo que en ese caso podr\u00edan elegir un piloto m\u00e1s experimentado y fuerte y todav\u00eda podr\u00edamos tener alguna sorpresa, gentileza de Red Bull.<\/p>\n<p>&nbsp;<\/p>\n<p><strong>Imagen:<\/strong> David Sarr\u00f3<\/p>\n<div class=\"sharedaddy sd-sharing-enabled\"><div class=\"robots-nocontent sd-block sd-social sd-social-official sd-sharing\"><h3 class=\"sd-title\">Opciones Sociales:<\/h3><div class=\"sd-content\"><ul><li class=\"share-facebook\"><div class=\"fb-share-button\" data-href=\"http:\/\/www.michael-schumacher.es\/noticias-f1\/2013\/08\/19\/red-bull-se-ha-decidido-por-ricciardo\/\" data-layout=\"button_count\"><\/div><\/li><li class=\"share-twitter\"><a href=\"https:\/\/twitter.com\/share\" class=\"twitter-share-button\" data-url=\"http:\/\/www.michael-schumacher.es\/noticias-f1\/2013\/08\/19\/red-bull-se-ha-decidido-por-ricciardo\/\" data-text=\"\u00bfRed Bull se ha decidido por Ricciardo?\"  >Tweet<\/a><\/li><li class=\"share-email\"><a rel=\"nofollow noopener noreferrer\" data-shared=\"\" class=\"share-email sd-button\" href=\"http:\/\/www.michael-schumacher.es\/noticias-f1\/2013\/08\/19\/red-bull-se-ha-decidido-por-ricciardo\/?share=email\" target=\"_blank\" title=\"Haz clic para enviar por correo electr\u00f3nico a un amigo\"><span>Correo electr\u00f3nico<\/span><\/a><\/li><li class=\"share-end\"><\/li><\/ul><\/div><\/div><\/div>","protected":false},"excerpt":{"rendered":"<p>El equipo Red Bull tiene disponible el asiento probablemente m\u00e1s goloso de la parrilla y aunque todav\u00eda se desconoce qui\u00e9n ser\u00e1 el elegido para ocuparlo, sin duda es un generador incansable de todo tipo de rumores, que adem\u00e1s necesariamente no se quedan en Red Bull, sino que de paso detonan en otros equipos, por lo [&hellip;]<\/p>\n<div class=\"sharedaddy sd-sharing-enabled\"><div class=\"robots-nocontent sd-block sd-social sd-social-official sd-sharing\"><h3 class=\"sd-title\">Opciones Sociales:<\/h3><div class=\"sd-content\"><ul><li class=\"share-facebook\"><div class=\"fb-share-button\" data-href=\"http:\/\/www.michael-schumacher.es\/noticias-f1\/2013\/08\/19\/red-bull-se-ha-decidido-por-ricciardo\/\" data-layout=\"button_count\"><\/div><\/li><li class=\"share-twitter\"><a href=\"https:\/\/twitter.com\/share\" class=\"twitter-share-button\" data-url=\"http:\/\/www.michael-schumacher.es\/noticias-f1\/2013\/08\/19\/red-bull-se-ha-decidido-por-ricciardo\/\" data-text=\"\u00bfRed Bull se ha decidido por Ricciardo?\"  >Tweet<\/a><\/li><li class=\"share-email\"><a rel=\"nofollow noopener noreferrer\" data-shared=\"\" class=\"share-email sd-button\" href=\"http:\/\/www.michael-schumacher.es\/noticias-f1\/2013\/08\/19\/red-bull-se-ha-decidido-por-ricciardo\/?share=email\" target=\"_blank\" title=\"Haz clic para enviar por correo electr\u00f3nico a un amigo\"><span>Correo electr\u00f3nico<\/span><\/a><\/li><li class=\"share-end\"><\/li><\/ul><\/div><\/div><\/div>","protected":false},"author":3,"featured_media":0,"comment_status":"open","ping_status":"open","sticky":false,"template":"","format":"standard","meta":{"_monsterinsights_skip_tracking":false,"_monsterinsights_sitenote_active":false,"_monsterinsights_sitenote_note":"","_monsterinsights_sitenote_category":0,"spay_email":"","jetpack_publicize_message":"","jetpack_is_tweetstorm":false,"jetpack_publicize_feature_enabled":true},"categories":[3],"tags":[105,490,2076,101,3943,17,104,141,15,6,81,26,72,24,51,102,71,103,30,73],"jetpack_featured_media_url":"","jetpack_publicize_connections":[],"jetpack_sharing_enabled":true,"jetpack_shortlink":"https:\/\/wp.me\/p27q3P-379","_links":{"self":[{"href":"http:\/\/www.michael-schumacher.es\/noticias-f1\/wp-json\/wp\/v2\/posts\/11975"}],"collection":[{"href":"http:\/\/www.michael-schumacher.es\/noticias-f1\/wp-json\/wp\/v2\/posts"}],"about":[{"href":"http:\/\/www.michael-schumacher.es\/noticias-f1\/wp-json\/wp\/v2\/types\/post"}],"author":[{"embeddable":true,"href":"http:\/\/www.michael-schumacher.es\/noticias-f1\/wp-json\/wp\/v2\/users\/3"}],"replies":[{"embeddable":true,"href":"http:\/\/www.michael-schumacher.es\/noticias-f1\/wp-json\/wp\/v2\/comments?post=11975"}],"version-history":[{"count":0,"href":"http:\/\/www.michael-schumacher.es\/noticias-f1\/wp-json\/wp\/v2\/posts\/11975\/revisions"}],"wp:attachment":[{"href":"http:\/\/www.michael-schumacher.es\/noticias-f1\/wp-json\/wp\/v2\/media?parent=11975"}],"wp:term":[{"taxonomy":"category","embeddable":true,"href":"http:\/\/www.michael-schumacher.es\/noticias-f1\/wp-json\/wp\/v2\/categories?post=11975"},{"taxonomy":"post_tag","embeddable":true,"href":"http:\/\/www.michael-schumacher.es\/noticias-f1\/wp-json\/wp\/v2\/tags?post=11975"}],"curies":[{"name":"wp","href":"https:\/\/api.w.org\/{rel}","templated":true}]}}