{"id":12002,"date":"2013-08-22T02:56:35","date_gmt":"2013-08-22T00:56:35","guid":{"rendered":"http:\/\/www.michael-schumacher.es\/noticias-f1\/?p=12002"},"modified":"2013-08-22T02:56:35","modified_gmt":"2013-08-22T00:56:35","slug":"previo-gp-de-belgica-spa-francorchamps-2013-force-india","status":"publish","type":"post","link":"http:\/\/www.michael-schumacher.es\/noticias-f1\/2013\/08\/22\/previo-gp-de-belgica-spa-francorchamps-2013-force-india\/","title":{"rendered":"Previo GP de Belgica, Spa-Francorchamps 2013. Force India"},"content":{"rendered":"<p><a href=\"http:\/\/www.michael-schumacher.es\/noticias-f1\/wp-content\/uploads\/2013\/03\/adrian_sutil_test-bcn-2013_david-sarro.jpg\"><img loading=\"lazy\" class=\"alignleft\" alt=\"Adrian Sutil - Test Bcn 2013 - David Sarr\u00f3\" src=\"http:\/\/www.michael-schumacher.es\/noticias-f1\/wp-content\/uploads\/2013\/03\/adrian_sutil_test-bcn-2013_david-sarro.jpg\" width=\"202\" height=\"134\" \/><\/a>El equipo Force India es optimista al enfrentarse al circuito de Spa, llegan con un coche en buenas condiciones y con el que los pilotos est\u00e1n contentos, adem\u00e1s esperan ser competitivos en todas las carreras restantes. Y teniendo en cuenta que tanto Spa como Monza son tradicionalmente pistas fuertes para el equipo, conf\u00edan en ser competitivos y estar en una fuerte posici\u00f3n.<\/p>\n<p><!--more--> <!--noteaser--><\/p>\n<p><a href=\"http:\/\/www.michael-schumacher.es\/noticias-f1\/wp-content\/uploads\/2013\/03\/adrian_sutil_test-bcn-2013_david-sarro.jpg\"><img loading=\"lazy\" class=\"aligncenter size-full wp-image-8278\" alt=\"Adrian Sutil - Test Bcn 2013 - David Sarr\u00f3\" src=\"http:\/\/www.michael-schumacher.es\/noticias-f1\/wp-content\/uploads\/2013\/03\/adrian_sutil_test-bcn-2013_david-sarro.jpg\" width=\"650\" height=\"433\" srcset=\"http:\/\/www.michael-schumacher.es\/noticias-f1\/wp-content\/uploads\/2013\/03\/adrian_sutil_test-bcn-2013_david-sarro.jpg 650w, http:\/\/www.michael-schumacher.es\/noticias-f1\/wp-content\/uploads\/2013\/03\/adrian_sutil_test-bcn-2013_david-sarro-300x199.jpg 300w\" sizes=\"(max-width: 650px) 100vw, 650px\" \/><\/a><\/p>\n<p>&nbsp;<\/p>\n<p>El equipo Force India es optimista al enfrentarse al circuito de Spa, llegan con un coche en buenas condiciones y con el que los pilotos est\u00e1n contentos, adem\u00e1s esperan ser competitivos en todas las carreras restantes. Y teniendo en cuenta que tanto Spa como Monza son tradicionalmente pistas fuertes para el equipo, conf\u00edan en ser competitivos y estar en una fuerte posici\u00f3n.<\/p>\n<p>&nbsp;<\/p>\n<p>Adrian Sutil despu\u00e9s de las vacaciones y el descanso vuelve con ganas y listo para el reto, adem\u00e1s en una pista de la que disfruta de pilotar y tiene buenos recuerdos, que espera aumentar este fin de semana. Paul Di Resta tras unas buenas vacaciones tambi\u00e9n regresa fuerte para la segunda parte de la temporada, de la que espera, un nuevo y mejor comienzo desde este fin de semana en Spa.<\/p>\n<p>&nbsp;<\/p>\n<p><strong>Adrian Sutil:<\/strong> <em>\u201cViajamos mucho durante el a\u00f1o, as\u00ed que es bueno tener un per\u00edodo tranquilo para quedarse en casa y relajarse. Pas\u00e9 la mayor parte del tiempo en Suiza e hice un mont\u00f3n de entrenamiento. Vuelvo con una sensaci\u00f3n fresca y lista para el gran desaf\u00edo que tenemos en la segunda mitad de la temporada. Creo que Spa, es el favorito para la mayor\u00eda de los conductores. Es un verdadero placer conducir all\u00ed y he tenido algunos buenos resultados. Las curvas de alta velocidad son un muy buen reto y hay un mont\u00f3n de oportunidades de adelantamiento. Adem\u00e1s, siempre existe la inc\u00f3gnita del tiempo y una buena probabilidad de lluvia. Es importante que recuperemos la velocidad que mostramos a principios de a\u00f1o. Vamos hacia algunas pistas que deber\u00edan adaptarse mejor a nuestro coche y es importante que volvamos a sumar puntos en todas las carreras. Estoy listo para hacer mi parte por aprovechar las oportunidades cuando se presentan y ayudar al equipo a seguir adelante. Tengo buenos recuerdos de Spa y me gustar\u00eda a\u00f1adir algo m\u00e1s\u201d.<\/em><\/p>\n<p>&nbsp;<\/p>\n<p><strong>Paul Di Resta:<\/strong> <em>\u201cFue muy bueno! Tuve la oportunidad de poner en un poco de entrenamiento, relajarme y pasar tiempo con mi familia y amigos en casa. Es importante asegurarse de que vuelves m\u00e1s fuerte para esta segunda parte de la temporada. Va a ser un per\u00edodo muy importante y yo quer\u00eda asegurarme de que puedo hacerle frente en las mejores condiciones y con las pilas totalmente cargadas. Yo no quiero que este campeonato se nos escape. Empezamos muy bien y no hay raz\u00f3n por la que no podemos seguir haciendo eso. Hemos perdido algunas oportunidades \u00faltimamente, que permite a nuestros rivales se acerquen m\u00e1s, pero tengo fe en el equipo y s\u00e9 que todo el mundo est\u00e1 trabajando duro para las carreras por delante. Tenemos que tener el coche listo para trabajar para nosotros como antes. En Budapest, era dif\u00edcil de manejar, pero a veces te dan esos fines de semana dif\u00edciles. Desde entonces, nos hemos reagrupado y analizado las carreras anteriores correctamente y espero que este fin de semana ser\u00e1 un nuevo comienzo. Por lo general, lo hacemos bien en B\u00e9lgica y todo el mundo est\u00e1 decidido a volver a la situaci\u00f3n que tuvimos en el comienzo del a\u00f1o en el que parec\u00eda que pod\u00edamos golpear por encima de nuestro peso\u201d.<\/em><\/p>\n<p>&nbsp;<\/p>\n<p><strong>Dr. Vijay Mallya, director del equipo:<\/strong> <em>\u201cNos acercamos a la segunda parte del a\u00f1o, de la misma manera nos acercamos a la primera mitad. Sabemos que el coche est\u00e1 en buenas condiciones mec\u00e1nicas y los pilotos han estado muy contentos con \u00e9l, as\u00ed que tenemos que dar rienda suelta a su potencial. Obtener la parte superior de los neum\u00e1ticos nuevos es sin duda un reto y un \u00e1rea en que centrarse, pero es lo mismo para todos. Con nueve carreras para una batalla cerca en el campeonato que es vital que seamos competitivos en todas las pistas. Los Neum\u00e1ticos han jugado un papel muy importante este a\u00f1o en\u00a0 la carrera. Est\u00e1bamos en la parte superior del juego de neum\u00e1ticos hasta Silverstone y luego en Alemania y Hungr\u00eda, que han luchado con los nuevos neum\u00e1ticos. Tenemos que llegar a la cima de eso y no hay raz\u00f3n por la que no deber\u00edamos ser capaces de hacerlo. S\u00f3lo necesitamos tiempo y estoy muy optimista de que vamos a volver fuertes. Spa es un circuito que nos encanta! Como ya he dicho, el coche tiene que ser competitivo en todas las pistas, pero si admito que Hungr\u00eda no era ideal para nosotros, por la misma raz\u00f3n Spa y Monza han sido tradicionalmente nuestras pistas m\u00e1s fuertes. As\u00ed que eso me da un poco de una inyecci\u00f3n de moral al decir que una vez que estamos en la parte superior del juego, debemos restaurar nuestra posici\u00f3n competitiva\u201d.<\/em><\/p>\n<p>&nbsp;<\/p>\n<p><strong>Imagen:<\/strong> David Sarr\u00f3<\/p>\n<div class=\"sharedaddy sd-sharing-enabled\"><div class=\"robots-nocontent sd-block sd-social sd-social-official sd-sharing\"><h3 class=\"sd-title\">Opciones Sociales:<\/h3><div class=\"sd-content\"><ul><li class=\"share-facebook\"><div class=\"fb-share-button\" data-href=\"http:\/\/www.michael-schumacher.es\/noticias-f1\/2013\/08\/22\/previo-gp-de-belgica-spa-francorchamps-2013-force-india\/\" data-layout=\"button_count\"><\/div><\/li><li class=\"share-twitter\"><a href=\"https:\/\/twitter.com\/share\" class=\"twitter-share-button\" data-url=\"http:\/\/www.michael-schumacher.es\/noticias-f1\/2013\/08\/22\/previo-gp-de-belgica-spa-francorchamps-2013-force-india\/\" data-text=\"Previo GP de Belgica, Spa-Francorchamps 2013. Force India\"  >Tweet<\/a><\/li><li class=\"share-email\"><a rel=\"nofollow noopener noreferrer\" data-shared=\"\" class=\"share-email sd-button\" href=\"http:\/\/www.michael-schumacher.es\/noticias-f1\/2013\/08\/22\/previo-gp-de-belgica-spa-francorchamps-2013-force-india\/?share=email\" target=\"_blank\" title=\"Haz clic para enviar por correo electr\u00f3nico a un amigo\"><span>Correo electr\u00f3nico<\/span><\/a><\/li><li class=\"share-end\"><\/li><\/ul><\/div><\/div><\/div>","protected":false},"excerpt":{"rendered":"<p>El equipo Force India es optimista al enfrentarse al circuito de Spa, llegan con un coche en buenas condiciones y con el que los pilotos est\u00e1n contentos, adem\u00e1s esperan ser competitivos en todas las carreras restantes. Y teniendo en cuenta que tanto Spa como Monza son tradicionalmente pistas fuertes para el equipo, conf\u00edan en ser [&hellip;]<\/p>\n<div class=\"sharedaddy sd-sharing-enabled\"><div class=\"robots-nocontent sd-block sd-social sd-social-official sd-sharing\"><h3 class=\"sd-title\">Opciones Sociales:<\/h3><div class=\"sd-content\"><ul><li class=\"share-facebook\"><div class=\"fb-share-button\" data-href=\"http:\/\/www.michael-schumacher.es\/noticias-f1\/2013\/08\/22\/previo-gp-de-belgica-spa-francorchamps-2013-force-india\/\" data-layout=\"button_count\"><\/div><\/li><li class=\"share-twitter\"><a href=\"https:\/\/twitter.com\/share\" class=\"twitter-share-button\" data-url=\"http:\/\/www.michael-schumacher.es\/noticias-f1\/2013\/08\/22\/previo-gp-de-belgica-spa-francorchamps-2013-force-india\/\" data-text=\"Previo GP de Belgica, Spa-Francorchamps 2013. Force India\"  >Tweet<\/a><\/li><li class=\"share-email\"><a rel=\"nofollow noopener noreferrer\" data-shared=\"\" class=\"share-email sd-button\" href=\"http:\/\/www.michael-schumacher.es\/noticias-f1\/2013\/08\/22\/previo-gp-de-belgica-spa-francorchamps-2013-force-india\/?share=email\" target=\"_blank\" title=\"Haz clic para enviar por correo electr\u00f3nico a un amigo\"><span>Correo electr\u00f3nico<\/span><\/a><\/li><li class=\"share-end\"><\/li><\/ul><\/div><\/div><\/div>","protected":false},"author":3,"featured_media":0,"comment_status":"open","ping_status":"open","sticky":false,"template":"","format":"standard","meta":{"_monsterinsights_skip_tracking":false,"_monsterinsights_sitenote_active":false,"_monsterinsights_sitenote_note":"","_monsterinsights_sitenote_category":0,"spay_email":"","jetpack_publicize_message":"","jetpack_is_tweetstorm":false,"jetpack_publicize_feature_enabled":true},"categories":[3,22],"tags":[373,732,490,110,17,126,15,6,8,109,5,831,733,113],"jetpack_featured_media_url":"","jetpack_publicize_connections":[],"jetpack_sharing_enabled":true,"jetpack_shortlink":"https:\/\/wp.me\/p27q3P-37A","_links":{"self":[{"href":"http:\/\/www.michael-schumacher.es\/noticias-f1\/wp-json\/wp\/v2\/posts\/12002"}],"collection":[{"href":"http:\/\/www.michael-schumacher.es\/noticias-f1\/wp-json\/wp\/v2\/posts"}],"about":[{"href":"http:\/\/www.michael-schumacher.es\/noticias-f1\/wp-json\/wp\/v2\/types\/post"}],"author":[{"embeddable":true,"href":"http:\/\/www.michael-schumacher.es\/noticias-f1\/wp-json\/wp\/v2\/users\/3"}],"replies":[{"embeddable":true,"href":"http:\/\/www.michael-schumacher.es\/noticias-f1\/wp-json\/wp\/v2\/comments?post=12002"}],"version-history":[{"count":0,"href":"http:\/\/www.michael-schumacher.es\/noticias-f1\/wp-json\/wp\/v2\/posts\/12002\/revisions"}],"wp:attachment":[{"href":"http:\/\/www.michael-schumacher.es\/noticias-f1\/wp-json\/wp\/v2\/media?parent=12002"}],"wp:term":[{"taxonomy":"category","embeddable":true,"href":"http:\/\/www.michael-schumacher.es\/noticias-f1\/wp-json\/wp\/v2\/categories?post=12002"},{"taxonomy":"post_tag","embeddable":true,"href":"http:\/\/www.michael-schumacher.es\/noticias-f1\/wp-json\/wp\/v2\/tags?post=12002"}],"curies":[{"name":"wp","href":"https:\/\/api.w.org\/{rel}","templated":true}]}}