{"id":12009,"date":"2013-08-22T03:48:09","date_gmt":"2013-08-22T01:48:09","guid":{"rendered":"http:\/\/www.michael-schumacher.es\/noticias-f1\/?p=12009"},"modified":"2013-08-22T03:48:09","modified_gmt":"2013-08-22T01:48:09","slug":"previo-gp-de-belgica-spa-francorchamps-2013-mercedes","status":"publish","type":"post","link":"http:\/\/www.michael-schumacher.es\/noticias-f1\/2013\/08\/22\/previo-gp-de-belgica-spa-francorchamps-2013-mercedes\/","title":{"rendered":"Previo GP de B\u00e9lgica, Spa-Francorchamps 2013. Mercedes"},"content":{"rendered":"<p><a href=\"http:\/\/www.michael-schumacher.es\/noticias-f1\/wp-content\/uploads\/2013\/02\/W04-5.jpg\"><img loading=\"lazy\" class=\"alignleft\" alt=\"W04-5\" src=\"http:\/\/www.michael-schumacher.es\/noticias-f1\/wp-content\/uploads\/2013\/02\/W04-5.jpg\" width=\"197\" height=\"131\" \/><\/a>El equipo Mercedes ha dado un gran paso adelante desde el Gran Premio de Espa\u00f1a, lo que anima al equipo a seguir consiguiendo buenos resultados y conf\u00edan que en la segunda parte de la temporada que se inicia en el Gran Premio de B\u00e9lgica, puedan ser tan fuertes como al final de la primera parte y ese es el objetivo que se han marcado.<\/p>\n<p><!--more--> <!--noteaser--><\/p>\n<p><a href=\"http:\/\/www.michael-schumacher.es\/noticias-f1\/wp-content\/uploads\/2013\/02\/W04-5.jpg\"><img loading=\"lazy\" class=\"aligncenter size-full wp-image-7784\" alt=\"W04-5\" src=\"http:\/\/www.michael-schumacher.es\/noticias-f1\/wp-content\/uploads\/2013\/02\/W04-5.jpg\" width=\"650\" height=\"434\" srcset=\"http:\/\/www.michael-schumacher.es\/noticias-f1\/wp-content\/uploads\/2013\/02\/W04-5.jpg 650w, http:\/\/www.michael-schumacher.es\/noticias-f1\/wp-content\/uploads\/2013\/02\/W04-5-300x200.jpg 300w\" sizes=\"(max-width: 650px) 100vw, 650px\" \/><\/a><\/p>\n<p>&nbsp;<\/p>\n<p>&nbsp;<\/p>\n<p>El equipo Mercedes ha dado un gran paso adelante desde el Gran Premio de Espa\u00f1a, lo que anima al equipo a seguir consiguiendo buenos resultados y conf\u00edan que en la segunda parte de la temporada que se inicia en el Gran Premio de B\u00e9lgica, puedan ser tan fuertes como al final de la primera parte y ese es el objetivo que se han marcado.<\/p>\n<p>&nbsp;<\/p>\n<p>Nico Rosberg, est\u00e1 deseando pilotar en Spa, una pista que le gusta y cercana\u00a0 a Alemania, por lo que tendr\u00e1 el apoyo de aficionados y amigos. Espera que el circuito se adapte a su coche y tengan un fin de semana positivo. Lewis Hamilton tambi\u00e9n siente que ha sido una larga pausa y est\u00e1 deseando volver a pilotar en un circuito que considera divertido y espera tener buen resultado.<\/p>\n<p>&nbsp;<\/p>\n<p><strong>Nico Rosberg:<\/strong> <em>\u201cUno de los mejores circuitos del a\u00f1o y a todos los pilotos les encanta competir all\u00ed. Es una gran sensaci\u00f3n pilotar a trav\u00e9s de las curvas r\u00e1pidas, y sobre todo en Eau Rouge a todo gas. El Gran Premio de B\u00e9lgica, siempre es especial, ya que est\u00e1 muy cerca de Alemania y as\u00ed muchos de nuestros aficionados locales estar\u00e1n all\u00ed para el fin de semana, junto con algunos de mis amigos. El dise\u00f1o y la naturaleza de la pista deben adaptarse a nuestro coche, aunque requiere muy baja carga aerodin\u00e1mica, as\u00ed que tendremos una especificaci\u00f3n aerodin\u00e1mica diferente a la \u00faltima carrera. No puedo esperar para estar de vuelta en mi flecha de plata y espero que sea un fin de semana exitoso para nosotros\u201d.<\/em><\/p>\n<p>&nbsp;<\/p>\n<p><strong>Lewis Hamilton:<\/strong> <em>\u201cSe siente como si hubiera estado fuera del coche durante mucho tiempo y de\u00a0 la victoria en Hungr\u00eda y no puedo esperar para ir all\u00ed de nuevo. Yo estuve en la f\u00e1brica ayer para reunirme con mis ingenieros y tener un poco de pr\u00e1ctica en el simulador, as\u00ed que fue agradable ver a todo el mundo y sentir el entusiasmo en torno a la f\u00e1brica despu\u00e9s de las vacaciones de verano. Spa es un circuito fant\u00e1stico y es muy divertido de pilotar. Todos estamos deseando que llegue la segunda mitad de la temporada y la oportunidad de traer a casa algunos m\u00e1s buenos resultados\u201d.<\/em><\/p>\n<p>&nbsp;<\/p>\n<p><strong>Ross Brawn jefe de equipo:<\/strong> <em>\u201cDespu\u00e9s de unas vacaciones de verano bien merecidas, la f\u00e1brica ha sido un hervidero de actividad esta semana, mientras nos preparamos para el Gran Premio de B\u00e9lgica y el inicio de la segunda mitad de la temporada de F\u00f3rmula Uno. Ha habido una gran cantidad de trabajo para lograr en muy poco tiempo asegurarnos de que estamos listos para el fin de semana y todo el mundo ha estado trabajando duro. Tanto Nico como Lewis han estado en la f\u00e1brica con nosotros esta semana para iniciar los preparativos en el simulador y ambos est\u00e1n con muchas ganas de volver al coche otra vez. Spa es uno de los circuitos con m\u00e1s historia de la F\u00f3rmula Uno, con sus caracter\u00edsticas que les gustan a los pilotos, a los seguidores y a los equipos por igual, y que a menudo se pueden ver algunas emocionante y dram\u00e1tica carreras all\u00ed. Como siempre, tendremos un paquete aerodin\u00e1mico \u00fanico adaptado a la distribuci\u00f3n de Spa. Terminamos la primera mitad de la temporada en lo m\u00e1s alto y ser\u00e1 el objetivo igualmente fuerte segunda mitad\u201d.<\/em><\/p>\n<p>&nbsp;<\/p>\n<p><strong>Toto Wolff director ejecutivo:<\/strong><em> \u201cLa primera mitad de la temporada super\u00f3 las expectativas, pero vamos a seguir trabajando duro y mejorar el rendimiento a\u00fan m\u00e1s en la segunda mitad. Sobre el papel, Spa es un circuito que debe adaptarse a nuestro coche, y Nico y Lewis estar\u00e1n en su mejor momento en el circuito de pilotos reales. Tenemos un paquete integral fuerte en este momento y un buen impulso despu\u00e9s de nuestra victoria en Hungr\u00eda. Sin embargo, todo el mundo va a traer un paquete de baja carga especial para este circuito, as\u00ed que no se sabr\u00e1 quien ha encontrado el mejor compromiso antes de empezar a correr el viernes. No podemos dar nada por hecho en t\u00e9rminos de rendimiento y Spa siempre es un circuito exigente para la fiabilidad. La clave estar\u00e1 en hacer los deberes bien en la pr\u00e1ctica con el fin de lograr un fuerte resultado de la carrera para el equipo\u201d.<\/em><\/p>\n<p>&nbsp;<\/p>\n<p>&nbsp;<\/p>\n<div class=\"sharedaddy sd-sharing-enabled\"><div class=\"robots-nocontent sd-block sd-social sd-social-official sd-sharing\"><h3 class=\"sd-title\">Opciones Sociales:<\/h3><div class=\"sd-content\"><ul><li class=\"share-facebook\"><div class=\"fb-share-button\" data-href=\"http:\/\/www.michael-schumacher.es\/noticias-f1\/2013\/08\/22\/previo-gp-de-belgica-spa-francorchamps-2013-mercedes\/\" data-layout=\"button_count\"><\/div><\/li><li class=\"share-twitter\"><a href=\"https:\/\/twitter.com\/share\" class=\"twitter-share-button\" data-url=\"http:\/\/www.michael-schumacher.es\/noticias-f1\/2013\/08\/22\/previo-gp-de-belgica-spa-francorchamps-2013-mercedes\/\" data-text=\"Previo GP de B\u00e9lgica, Spa-Francorchamps 2013. Mercedes \"  >Tweet<\/a><\/li><li class=\"share-email\"><a rel=\"nofollow noopener noreferrer\" data-shared=\"\" class=\"share-email sd-button\" href=\"http:\/\/www.michael-schumacher.es\/noticias-f1\/2013\/08\/22\/previo-gp-de-belgica-spa-francorchamps-2013-mercedes\/?share=email\" target=\"_blank\" title=\"Haz clic para enviar por correo electr\u00f3nico a un amigo\"><span>Correo electr\u00f3nico<\/span><\/a><\/li><li class=\"share-end\"><\/li><\/ul><\/div><\/div><\/div>","protected":false},"excerpt":{"rendered":"<p>El equipo Mercedes ha dado un gran paso adelante desde el Gran Premio de Espa\u00f1a, lo que anima al equipo a seguir consiguiendo buenos resultados y conf\u00edan que en la segunda parte de la temporada que se inicia en el Gran Premio de B\u00e9lgica, puedan ser tan fuertes como al final de la primera parte [&hellip;]<\/p>\n<div class=\"sharedaddy sd-sharing-enabled\"><div class=\"robots-nocontent sd-block sd-social sd-social-official sd-sharing\"><h3 class=\"sd-title\">Opciones Sociales:<\/h3><div class=\"sd-content\"><ul><li class=\"share-facebook\"><div class=\"fb-share-button\" data-href=\"http:\/\/www.michael-schumacher.es\/noticias-f1\/2013\/08\/22\/previo-gp-de-belgica-spa-francorchamps-2013-mercedes\/\" data-layout=\"button_count\"><\/div><\/li><li class=\"share-twitter\"><a href=\"https:\/\/twitter.com\/share\" class=\"twitter-share-button\" data-url=\"http:\/\/www.michael-schumacher.es\/noticias-f1\/2013\/08\/22\/previo-gp-de-belgica-spa-francorchamps-2013-mercedes\/\" data-text=\"Previo GP de B\u00e9lgica, Spa-Francorchamps 2013. Mercedes \"  >Tweet<\/a><\/li><li class=\"share-email\"><a rel=\"nofollow noopener noreferrer\" data-shared=\"\" class=\"share-email sd-button\" href=\"http:\/\/www.michael-schumacher.es\/noticias-f1\/2013\/08\/22\/previo-gp-de-belgica-spa-francorchamps-2013-mercedes\/?share=email\" target=\"_blank\" title=\"Haz clic para enviar por correo electr\u00f3nico a un amigo\"><span>Correo electr\u00f3nico<\/span><\/a><\/li><li class=\"share-end\"><\/li><\/ul><\/div><\/div><\/div>","protected":false},"author":3,"featured_media":0,"comment_status":"open","ping_status":"open","sticky":false,"template":"","format":"standard","meta":{"_monsterinsights_skip_tracking":false,"_monsterinsights_sitenote_active":false,"_monsterinsights_sitenote_note":"","_monsterinsights_sitenote_category":0,"spay_email":"","jetpack_publicize_message":"","jetpack_is_tweetstorm":false,"jetpack_publicize_feature_enabled":true},"categories":[3,22],"tags":[373,490,1381,17,15,6,8,11,10,304,1400,5,259,1380,831,616,617],"jetpack_featured_media_url":"","jetpack_publicize_connections":[],"jetpack_sharing_enabled":true,"jetpack_shortlink":"https:\/\/wp.me\/p27q3P-37H","_links":{"self":[{"href":"http:\/\/www.michael-schumacher.es\/noticias-f1\/wp-json\/wp\/v2\/posts\/12009"}],"collection":[{"href":"http:\/\/www.michael-schumacher.es\/noticias-f1\/wp-json\/wp\/v2\/posts"}],"about":[{"href":"http:\/\/www.michael-schumacher.es\/noticias-f1\/wp-json\/wp\/v2\/types\/post"}],"author":[{"embeddable":true,"href":"http:\/\/www.michael-schumacher.es\/noticias-f1\/wp-json\/wp\/v2\/users\/3"}],"replies":[{"embeddable":true,"href":"http:\/\/www.michael-schumacher.es\/noticias-f1\/wp-json\/wp\/v2\/comments?post=12009"}],"version-history":[{"count":0,"href":"http:\/\/www.michael-schumacher.es\/noticias-f1\/wp-json\/wp\/v2\/posts\/12009\/revisions"}],"wp:attachment":[{"href":"http:\/\/www.michael-schumacher.es\/noticias-f1\/wp-json\/wp\/v2\/media?parent=12009"}],"wp:term":[{"taxonomy":"category","embeddable":true,"href":"http:\/\/www.michael-schumacher.es\/noticias-f1\/wp-json\/wp\/v2\/categories?post=12009"},{"taxonomy":"post_tag","embeddable":true,"href":"http:\/\/www.michael-schumacher.es\/noticias-f1\/wp-json\/wp\/v2\/tags?post=12009"}],"curies":[{"name":"wp","href":"https:\/\/api.w.org\/{rel}","templated":true}]}}