{"id":12024,"date":"2013-08-23T02:24:59","date_gmt":"2013-08-23T00:24:59","guid":{"rendered":"http:\/\/www.michael-schumacher.es\/noticias-f1\/?p=12024"},"modified":"2013-08-23T02:24:59","modified_gmt":"2013-08-23T00:24:59","slug":"previo-gp-de-belgica-spa-francorchamps-2013-mclaren","status":"publish","type":"post","link":"http:\/\/www.michael-schumacher.es\/noticias-f1\/2013\/08\/23\/previo-gp-de-belgica-spa-francorchamps-2013-mclaren\/","title":{"rendered":"Previo GP de B\u00e9lgica, Spa-Francorchamps 2013. McLaren"},"content":{"rendered":"<p><a href=\"http:\/\/www.michael-schumacher.es\/noticias-f1\/wp-content\/uploads\/2013\/02\/Sergio-Perez-McLaren.jpg\"><img loading=\"lazy\" class=\"alignleft\" alt=\"Sergio Perez McLaren Test Barcelona dia 2\" src=\"http:\/\/www.michael-schumacher.es\/noticias-f1\/wp-content\/uploads\/2013\/02\/Sergio-Perez-McLaren.jpg\" width=\"200\" height=\"106\" \/><\/a>El equipo McLaren llega al circuito de Spa conocedores de la dureza y exigencia de un circuito en el que han obtenido muchos \u00e9xitos y al que consideran una de las mejores pistas del mundo, pero son conscientes de que este a\u00f1o no est\u00e1n en condiciones de ser favoritos a la victoria, contrariamente al pasado a\u00f1o en el que Button fue el ganador de la carrera. Aunque el equipo seguir\u00e1 trabajando fuerte en la mejora de su monoplaza.<\/p>\n<p><!--more--> <!--noteaser--><\/p>\n<p><a href=\"http:\/\/www.michael-schumacher.es\/noticias-f1\/wp-content\/uploads\/2013\/02\/Sergio-Perez-McLaren.jpg\"><img loading=\"lazy\" class=\"aligncenter size-full wp-image-8015\" alt=\"Sergio Perez McLaren Test Barcelona dia 2\" src=\"http:\/\/www.michael-schumacher.es\/noticias-f1\/wp-content\/uploads\/2013\/02\/Sergio-Perez-McLaren.jpg\" width=\"660\" height=\"350\" srcset=\"http:\/\/www.michael-schumacher.es\/noticias-f1\/wp-content\/uploads\/2013\/02\/Sergio-Perez-McLaren.jpg 660w, http:\/\/www.michael-schumacher.es\/noticias-f1\/wp-content\/uploads\/2013\/02\/Sergio-Perez-McLaren-300x159.jpg 300w\" sizes=\"(max-width: 660px) 100vw, 660px\" \/><\/a><\/p>\n<p>&nbsp;<\/p>\n<p>El equipo McLaren llega al circuito de Spa conocedores de la dureza y exigencia de un circuito en el que han obtenido muchos \u00e9xitos y al que consideran una de las mejores pistas del mundo, pero son conscientes de que este a\u00f1o no est\u00e1n en condiciones de ser favoritos a la victoria, contrariamente al pasado a\u00f1o en el que Button fue el ganador de la carrera. Aunque el equipo seguir\u00e1 trabajando fuerte en la mejora de su monoplaza.<\/p>\n<p>&nbsp;<\/p>\n<p>Jenson Button reconoce que Spa es uno de sus circuitos favoritos y que le trae buenos recuerdos antiguos y recientes como la victoria del pasado campeonato. Y aunque tampoco espera lograr la victoria por la todav\u00eda baja competitividad de su coche, va a disfrutar de cada vuelta. Sergio P\u00e9rez llega a Spa con la motivaci\u00f3n de una buena carrera en Hungr\u00eda por lo que se siente fuerte,\u00a0 renovado y con muchas ganar de volver a pilotar, adem\u00e1s en Spa una pista que le gusta mucho, por lo que conf\u00eda en hacerlo bien y espera un fin de semana emocionante.<\/p>\n<p>&nbsp;<\/p>\n<p><strong>Jenson Button:<\/strong> <em>\u201cSpa siempre ha estado en mi corta lista de circuitos favoritos en F\u00f3rmula 1. A\u00fan recuerdo mi primer Gran Premio all\u00ed, en la Temporada 2000, cuando super\u00e9 en clasificaci\u00f3n a Michael Schumacher en un Ferrari. Eso fue muy especial. Considero que luego viene la victoria del a\u00f1o pasado: tuve un fin de semana perfecto, mi coche era fant\u00e1stico, logr\u00e9 la pole y lider\u00e9 toda la carrera. Fue una de las victorias m\u00e1s satisfactorias de mi carrera, porque me sent\u00ed fuerte y con confianza en los tres d\u00edas. Lo fant\u00e1stico de Spa es registrar una vuelta r\u00e1pida, y para esto se necesita un coche perfectamente sincronizado al piloto, porque es una vuelta larga, y hay grandes curvas, en las que se necesita un equilibrio perfecto. Lograr la puesta a punto ideal y correr con el acelerador a fondo durante casi dos minutos, se siente incre\u00edble. No iremos a Spa con un paquete para ganar, pero aprovechar\u00e9 cada vuelta en este lugar.\u201d<\/em><\/p>\n<p>&nbsp;<\/p>\n<p><strong>Sergio P\u00e9rez:<\/strong> <em>\u201cTuvimos una carrera positiva en Hungr\u00eda, lo cual fue una forma agradable de terminar la primera mitad de la temporada. Afortunadamente, eso dio a todos en el equipo la motivaci\u00f3n de regresar a trabajar tras el receso de verano, con el objetivo renovado. Me siento incre\u00edblemente fuerte y renovado, as\u00ed que tengo muchos deseos de regresar al habit\u00e1culo y volver al trabajo. No hay un mejor lugar para iniciar la segunda mitad de la temporada que en Spa y luego Monza. Son las dos pistas m\u00e1s ic\u00f3nicas y evocadoras de la F\u00f3rmula 1, y son los dos mayores retos para cualquier piloto. Me encanta Spa, pero el a\u00f1o pasado no la pude disfrutar, luego de clasificar cuarto y de ser una de las v\u00edctimas del accidente en la primera curva, as\u00ed que pudimos ver lo que nuestro auto pod\u00eda hacer. Voy a Spa este a\u00f1o con una gran motivaci\u00f3n para hacerlo bien. Es un gran lugar, me encantan las curvas r\u00e1pidas y la sensaci\u00f3n de llevar el auto al l\u00edmite, en un circuito grande e incre\u00edble. Competir en Spa, especialmente con el KERS H\u00edbrido y DRS, es muy intenso, as\u00ed que tengo muchos deseos que sea otro fin de semana emocionante.\u201d<\/em><\/p>\n<p>&nbsp;<\/p>\n<p><strong>Martin Whitmarsh, Jefe del equipo:<\/strong> <em>\u201cNo se puede negar que Spa-Francorchamps es una de las mejores pistas del mundo. Ocupa un lugar privilegiado junto a circuitos como M\u00f3naco, Silverstone, Monza y Suzuka. Escenarios que cuentan con una gran historia y una naturaleza exigente, que los ubica en un lugar privilegiado del calendario. Para todos en la F\u00f3rmula 1, un fin de semana en Spa puede ser duro y exigente. El clima impredecible supone un riesgo para nuestros pilotos e ingenieros. El fr\u00edo y la lluvia tambi\u00e9n pueden hacer las cosas dif\u00edciles, al igual que para los aficionados, pero lo recompensa con el mejor espect\u00e1culo del mundo, debido a que los autos van al l\u00edmite. Esta ha sido escenario de muchas victorias para McLaren a trav\u00e9s de los a\u00f1os, no s\u00f3lo por haber logrado all\u00ed el primer triunfo, obtenido por Bruce McLaren en 1968. Aunque en esta ocasi\u00f3n no somos contendores para la victoria, todo el equipo espera tener la oportunidad de seguir comprendiendo y fortaleciendo nuestro MP4-28.\u201d<\/em><\/p>\n<p>&nbsp;<\/p>\n<p>&nbsp;<\/p>\n<div class=\"sharedaddy sd-sharing-enabled\"><div class=\"robots-nocontent sd-block sd-social sd-social-official sd-sharing\"><h3 class=\"sd-title\">Opciones Sociales:<\/h3><div class=\"sd-content\"><ul><li class=\"share-facebook\"><div class=\"fb-share-button\" data-href=\"http:\/\/www.michael-schumacher.es\/noticias-f1\/2013\/08\/23\/previo-gp-de-belgica-spa-francorchamps-2013-mclaren\/\" data-layout=\"button_count\"><\/div><\/li><li class=\"share-twitter\"><a href=\"https:\/\/twitter.com\/share\" class=\"twitter-share-button\" data-url=\"http:\/\/www.michael-schumacher.es\/noticias-f1\/2013\/08\/23\/previo-gp-de-belgica-spa-francorchamps-2013-mclaren\/\" data-text=\"Previo GP de B\u00e9lgica, Spa-Francorchamps 2013. McLaren\"  >Tweet<\/a><\/li><li class=\"share-email\"><a rel=\"nofollow noopener noreferrer\" data-shared=\"\" class=\"share-email sd-button\" href=\"http:\/\/www.michael-schumacher.es\/noticias-f1\/2013\/08\/23\/previo-gp-de-belgica-spa-francorchamps-2013-mclaren\/?share=email\" target=\"_blank\" title=\"Haz clic para enviar por correo electr\u00f3nico a un amigo\"><span>Correo electr\u00f3nico<\/span><\/a><\/li><li class=\"share-end\"><\/li><\/ul><\/div><\/div><\/div>","protected":false},"excerpt":{"rendered":"<p>El equipo McLaren llega al circuito de Spa conocedores de la dureza y exigencia de un circuito en el que han obtenido muchos \u00e9xitos y al que consideran una de las mejores pistas del mundo, pero son conscientes de que este a\u00f1o no est\u00e1n en condiciones de ser favoritos a la victoria, contrariamente al pasado [&hellip;]<\/p>\n<div class=\"sharedaddy sd-sharing-enabled\"><div class=\"robots-nocontent sd-block sd-social sd-social-official sd-sharing\"><h3 class=\"sd-title\">Opciones Sociales:<\/h3><div class=\"sd-content\"><ul><li class=\"share-facebook\"><div class=\"fb-share-button\" data-href=\"http:\/\/www.michael-schumacher.es\/noticias-f1\/2013\/08\/23\/previo-gp-de-belgica-spa-francorchamps-2013-mclaren\/\" data-layout=\"button_count\"><\/div><\/li><li class=\"share-twitter\"><a href=\"https:\/\/twitter.com\/share\" class=\"twitter-share-button\" data-url=\"http:\/\/www.michael-schumacher.es\/noticias-f1\/2013\/08\/23\/previo-gp-de-belgica-spa-francorchamps-2013-mclaren\/\" data-text=\"Previo GP de B\u00e9lgica, Spa-Francorchamps 2013. McLaren\"  >Tweet<\/a><\/li><li class=\"share-email\"><a rel=\"nofollow noopener noreferrer\" data-shared=\"\" class=\"share-email sd-button\" href=\"http:\/\/www.michael-schumacher.es\/noticias-f1\/2013\/08\/23\/previo-gp-de-belgica-spa-francorchamps-2013-mclaren\/?share=email\" target=\"_blank\" title=\"Haz clic para enviar por correo electr\u00f3nico a un amigo\"><span>Correo electr\u00f3nico<\/span><\/a><\/li><li class=\"share-end\"><\/li><\/ul><\/div><\/div><\/div>","protected":false},"author":3,"featured_media":0,"comment_status":"open","ping_status":"open","sticky":false,"template":"","format":"standard","meta":{"_monsterinsights_skip_tracking":false,"_monsterinsights_sitenote_active":false,"_monsterinsights_sitenote_note":"","_monsterinsights_sitenote_category":0,"spay_email":"","jetpack_publicize_message":"","jetpack_is_tweetstorm":false,"jetpack_publicize_feature_enabled":true},"categories":[3,22],"tags":[373,490,13,17,15,6,8,12,115,138,90,5,89,831],"jetpack_featured_media_url":"","jetpack_publicize_connections":[],"jetpack_sharing_enabled":true,"jetpack_shortlink":"https:\/\/wp.me\/p27q3P-37W","_links":{"self":[{"href":"http:\/\/www.michael-schumacher.es\/noticias-f1\/wp-json\/wp\/v2\/posts\/12024"}],"collection":[{"href":"http:\/\/www.michael-schumacher.es\/noticias-f1\/wp-json\/wp\/v2\/posts"}],"about":[{"href":"http:\/\/www.michael-schumacher.es\/noticias-f1\/wp-json\/wp\/v2\/types\/post"}],"author":[{"embeddable":true,"href":"http:\/\/www.michael-schumacher.es\/noticias-f1\/wp-json\/wp\/v2\/users\/3"}],"replies":[{"embeddable":true,"href":"http:\/\/www.michael-schumacher.es\/noticias-f1\/wp-json\/wp\/v2\/comments?post=12024"}],"version-history":[{"count":0,"href":"http:\/\/www.michael-schumacher.es\/noticias-f1\/wp-json\/wp\/v2\/posts\/12024\/revisions"}],"wp:attachment":[{"href":"http:\/\/www.michael-schumacher.es\/noticias-f1\/wp-json\/wp\/v2\/media?parent=12024"}],"wp:term":[{"taxonomy":"category","embeddable":true,"href":"http:\/\/www.michael-schumacher.es\/noticias-f1\/wp-json\/wp\/v2\/categories?post=12024"},{"taxonomy":"post_tag","embeddable":true,"href":"http:\/\/www.michael-schumacher.es\/noticias-f1\/wp-json\/wp\/v2\/tags?post=12024"}],"curies":[{"name":"wp","href":"https:\/\/api.w.org\/{rel}","templated":true}]}}