{"id":12072,"date":"2013-08-24T04:46:56","date_gmt":"2013-08-24T02:46:56","guid":{"rendered":"http:\/\/www.michael-schumacher.es\/noticias-f1\/?p=12072"},"modified":"2013-08-24T04:46:56","modified_gmt":"2013-08-24T02:46:56","slug":"entrenamientos-gp-de-belgica-spa-francorchamps-2013-lotus","status":"publish","type":"post","link":"http:\/\/www.michael-schumacher.es\/noticias-f1\/2013\/08\/24\/entrenamientos-gp-de-belgica-spa-francorchamps-2013-lotus\/","title":{"rendered":"Entrenamientos GP de B\u00e9lgica, Spa-Francorchamps 2013. Lotus"},"content":{"rendered":"<p><a href=\"http:\/\/www.michael-schumacher.es\/noticias-f1\/wp-content\/uploads\/2013\/06\/lotus-logo-equipo_www.noticias-f1.jpg\"><img loading=\"lazy\" class=\"alignleft\" alt=\"Logo - Equipo Lotus - www.noticias-f1.com\" src=\"http:\/\/www.michael-schumacher.es\/noticias-f1\/wp-content\/uploads\/2013\/06\/lotus-logo-equipo_www.noticias-f1.jpg\" width=\"200\" height=\"133\" \/><\/a>El equipo Lotus no ha podido finalizar todo su programa para hoy debido a las cambiantes condiciones del clima, pero aun as\u00ed han tenido una jornada bastante buena, dejando un poco las pruebas con su dispositivo y centr\u00e1ndose en la configuraci\u00f3n y la evaluaci\u00f3n de neum\u00e1ticos. Aunque los pilotos no se sent\u00edan del todo c\u00f3modos, parecen fuertes y con buen ritmo, as\u00ed que esperan un buen fin de semana.<\/p>\n<p><!--more--> <!--noteaser--><\/p>\n<p><a href=\"http:\/\/www.michael-schumacher.es\/noticias-f1\/wp-content\/uploads\/2013\/06\/lotus-logo-equipo_www.noticias-f1.jpg\"><img loading=\"lazy\" class=\"aligncenter size-full wp-image-10773\" alt=\"Logo - Equipo Lotus - www.noticias-f1.com\" src=\"http:\/\/www.michael-schumacher.es\/noticias-f1\/wp-content\/uploads\/2013\/06\/lotus-logo-equipo_www.noticias-f1.jpg\" width=\"650\" height=\"433\" srcset=\"http:\/\/www.michael-schumacher.es\/noticias-f1\/wp-content\/uploads\/2013\/06\/lotus-logo-equipo_www.noticias-f1.jpg 650w, http:\/\/www.michael-schumacher.es\/noticias-f1\/wp-content\/uploads\/2013\/06\/lotus-logo-equipo_www.noticias-f1-300x199.jpg 300w\" sizes=\"(max-width: 650px) 100vw, 650px\" \/><\/a><\/p>\n<p>&nbsp;<\/p>\n<p>El equipo Lotus no ha podido finalizar todo su programa para hoy debido a las cambiantes condiciones del clima, pero aun as\u00ed han tenido una jornada bastante buena, dejando un poco las pruebas con su dispositivo y centr\u00e1ndose en la configuraci\u00f3n y la evaluaci\u00f3n de neum\u00e1ticos. Aunque los pilotos no se sent\u00edan del todo c\u00f3modos, parecen fuertes y con buen ritmo, as\u00ed que esperan un buen fin de semana.<\/p>\n<p>&nbsp;<\/p>\n<p>Kimi Raikkonen considera que el coche estaba bien aunque se pude mejorar para ma\u00f1ana, la primera sesi\u00f3n con lluvia no fue demasiado buena y logr\u00f3 finalizar en posici\u00f3n 21\u00ba, pero reconoce que les funciona mejor con el clima seco y en la segunda sesi\u00f3n en seco ha finalizado en posici\u00f3n 6\u00ba, aun as\u00ed reconoce que ganar a Red Bull ser\u00e1 dif\u00edcil. Romain Grosjean ha terminado la primera sesi\u00f3n en posici\u00f3n 21\u00ba pero en la sesi\u00f3n de tarde en seco ha tenido muy buen resultado finalizando en posici\u00f3n 3\u00ba, aunque no han podido terminar el programa previsto con el dispositivo, se han centrado en las tandas largas y el resultado parece bueno, aunque tambi\u00e9n reconoce que los Red Bull se ven muy r\u00e1pidos, as\u00ed que seguir\u00e1n trabajando para lograr la mejor preparaci\u00f3n y un buen resultado.<\/p>\n<p>&nbsp;<\/p>\n<p><strong>Kimi Raikkonen:<\/strong> <em>\u201dEl coche estaba bien. Podr\u00eda haber sido un poco mejor, pero no fue un desastre, aunque hay que asegurarse de que podemos mejorar un poco m\u00e1s para ma\u00f1ana. El tiempo no era genial esta ma\u00f1ana y que es sin duda mejor para nosotros cuando est\u00e1 seco. Tuvimos un peque\u00f1o problema con la rueda delantera en la primera sesi\u00f3n que significaba que no corr\u00ed tanto como quisi\u00e9ramos. La tarde era bastante normal. Parece que va a ser un fin de semana dif\u00edcil para vencer a Red Bull, pero eso es lo que tenemos que tratar de hacer si queremos atraparlos en el Campeonato\u201d.<\/em><\/p>\n<p>&nbsp;<\/p>\n<p><strong>Romain Grosjean:<\/strong> <em>\u201cHemos sido bastante competitivos esta tarde y hemos hecho un buen trabajo en el programa que ten\u00edamos. No fue tan f\u00e1cil, se nos hizo muy dif\u00edcil hacer que los neum\u00e1ticos funcionan de la manera que nos gustar\u00eda que lo que significaba que en el coche la sensaci\u00f3n de no haber sido tan bueno, pero el tiempo-sabio era realmente bueno. El coche lo sentimos muy bien y vamos a trabajar en esta l\u00ednea de base para seguir mejorando. Vamos a esperar a ver lo que el tiempo va a tener en el almac\u00e9n para nosotros. Hab\u00edamos planeado centrarnos en la evaluaci\u00f3n de nuestro dispositivo esta ma\u00f1ana, pero las condiciones atmosf\u00e9ricas cambiantes no hicieron capaces de completar el 100% todas las pruebas por lo que con m\u00e1s previsi\u00f3n de lluvia, decidimos quitarlo de la tarde para concentrarnos en un normal programa con tandas largas. Porque ten\u00edamos un programa espec\u00edfico para ir a trav\u00e9s de los tiempos por vuelta no eran muy representativos de lo que podr\u00edamos lograr. Parece que no se prev\u00e9 lluvia, pero podr\u00eda ir en cualquier direcci\u00f3n. Nunca se sabe lo que va a ser aqu\u00ed. No hab\u00eda lluvia prevista para esta ma\u00f1ana, pero estaba de todos modos! Es dif\u00edcil en este momento para ver qui\u00e9n est\u00e1 haciendo qu\u00e9. Est\u00e1 claro que los Red Bulls se ven muy r\u00e1pido. Por nuestra parte seguimos decidiendo sobre las opciones de configuraci\u00f3n y analizando datos para estar preparados para todas las eventualidades clim\u00e1ticas\u201d.<\/em><\/p>\n<p>&nbsp;<\/p>\n<p><strong>Alan Permane, director de Operaciones:<\/strong> <em>\u201cPor desgracia las condiciones de humedad de esta ma\u00f1ana significaba que no pudimos conseguir realizar todo el trabajo, como quer\u00edamos con nuestro dispositivo as\u00ed que elegimos a volver a una conocida puesta a punto para la tarde. Ninguno de los pilotos estaba completamente c\u00f3modo de su coche, pero teniendo en cuenta las condiciones de hoy no creo que ning\u00fan equipo lo fue despu\u00e9s de que el clima mixto en la ma\u00f1ana. Nos concentramos un poco en el set-up y m\u00e1s en la evaluaci\u00f3n de neum\u00e1ticos preparados para el resto del fin de semana. A partir de los datos que hemos visto hasta ahora estamos razonablemente fuertes en ritmo y rendimiento de los neum\u00e1ticos, as\u00ed que estamos deseando que llegue el resto del fin de semana\u201d.<\/em><\/p>\n<p>&nbsp;<\/p>\n<div class=\"sharedaddy sd-sharing-enabled\"><div class=\"robots-nocontent sd-block sd-social sd-social-official sd-sharing\"><h3 class=\"sd-title\">Opciones Sociales:<\/h3><div class=\"sd-content\"><ul><li class=\"share-facebook\"><div class=\"fb-share-button\" data-href=\"http:\/\/www.michael-schumacher.es\/noticias-f1\/2013\/08\/24\/entrenamientos-gp-de-belgica-spa-francorchamps-2013-lotus\/\" data-layout=\"button_count\"><\/div><\/li><li class=\"share-twitter\"><a href=\"https:\/\/twitter.com\/share\" class=\"twitter-share-button\" data-url=\"http:\/\/www.michael-schumacher.es\/noticias-f1\/2013\/08\/24\/entrenamientos-gp-de-belgica-spa-francorchamps-2013-lotus\/\" data-text=\"Entrenamientos GP de B\u00e9lgica, Spa-Francorchamps 2013. Lotus\"  >Tweet<\/a><\/li><li class=\"share-email\"><a rel=\"nofollow noopener noreferrer\" data-shared=\"\" class=\"share-email sd-button\" href=\"http:\/\/www.michael-schumacher.es\/noticias-f1\/2013\/08\/24\/entrenamientos-gp-de-belgica-spa-francorchamps-2013-lotus\/?share=email\" target=\"_blank\" title=\"Haz clic para enviar por correo electr\u00f3nico a un amigo\"><span>Correo electr\u00f3nico<\/span><\/a><\/li><li class=\"share-end\"><\/li><\/ul><\/div><\/div><\/div>","protected":false},"excerpt":{"rendered":"<p>El equipo Lotus no ha podido finalizar todo su programa para hoy debido a las cambiantes condiciones del clima, pero aun as\u00ed han tenido una jornada bastante buena, dejando un poco las pruebas con su dispositivo y centr\u00e1ndose en la configuraci\u00f3n y la evaluaci\u00f3n de neum\u00e1ticos. Aunque los pilotos no se sent\u00edan del todo c\u00f3modos, [&hellip;]<\/p>\n<div class=\"sharedaddy sd-sharing-enabled\"><div class=\"robots-nocontent sd-block sd-social sd-social-official sd-sharing\"><h3 class=\"sd-title\">Opciones Sociales:<\/h3><div class=\"sd-content\"><ul><li class=\"share-facebook\"><div class=\"fb-share-button\" data-href=\"http:\/\/www.michael-schumacher.es\/noticias-f1\/2013\/08\/24\/entrenamientos-gp-de-belgica-spa-francorchamps-2013-lotus\/\" data-layout=\"button_count\"><\/div><\/li><li class=\"share-twitter\"><a href=\"https:\/\/twitter.com\/share\" class=\"twitter-share-button\" data-url=\"http:\/\/www.michael-schumacher.es\/noticias-f1\/2013\/08\/24\/entrenamientos-gp-de-belgica-spa-francorchamps-2013-lotus\/\" data-text=\"Entrenamientos GP de B\u00e9lgica, Spa-Francorchamps 2013. Lotus\"  >Tweet<\/a><\/li><li class=\"share-email\"><a rel=\"nofollow noopener noreferrer\" data-shared=\"\" class=\"share-email sd-button\" href=\"http:\/\/www.michael-schumacher.es\/noticias-f1\/2013\/08\/24\/entrenamientos-gp-de-belgica-spa-francorchamps-2013-lotus\/?share=email\" target=\"_blank\" title=\"Haz clic para enviar por correo electr\u00f3nico a un amigo\"><span>Correo electr\u00f3nico<\/span><\/a><\/li><li class=\"share-end\"><\/li><\/ul><\/div><\/div><\/div>","protected":false},"author":3,"featured_media":0,"comment_status":"open","ping_status":"open","sticky":false,"template":"","format":"standard","meta":{"_monsterinsights_skip_tracking":false,"_monsterinsights_sitenote_active":false,"_monsterinsights_sitenote_note":"","_monsterinsights_sitenote_category":0,"spay_email":"","jetpack_publicize_message":"","jetpack_is_tweetstorm":false,"jetpack_publicize_feature_enabled":true},"categories":[67,3],"tags":[373,3044,490,443,131,393,232,17,15,6,8,83,81,26,1245,24,82,831],"jetpack_featured_media_url":"","jetpack_publicize_connections":[],"jetpack_sharing_enabled":true,"jetpack_shortlink":"https:\/\/wp.me\/p27q3P-38I","_links":{"self":[{"href":"http:\/\/www.michael-schumacher.es\/noticias-f1\/wp-json\/wp\/v2\/posts\/12072"}],"collection":[{"href":"http:\/\/www.michael-schumacher.es\/noticias-f1\/wp-json\/wp\/v2\/posts"}],"about":[{"href":"http:\/\/www.michael-schumacher.es\/noticias-f1\/wp-json\/wp\/v2\/types\/post"}],"author":[{"embeddable":true,"href":"http:\/\/www.michael-schumacher.es\/noticias-f1\/wp-json\/wp\/v2\/users\/3"}],"replies":[{"embeddable":true,"href":"http:\/\/www.michael-schumacher.es\/noticias-f1\/wp-json\/wp\/v2\/comments?post=12072"}],"version-history":[{"count":0,"href":"http:\/\/www.michael-schumacher.es\/noticias-f1\/wp-json\/wp\/v2\/posts\/12072\/revisions"}],"wp:attachment":[{"href":"http:\/\/www.michael-schumacher.es\/noticias-f1\/wp-json\/wp\/v2\/media?parent=12072"}],"wp:term":[{"taxonomy":"category","embeddable":true,"href":"http:\/\/www.michael-schumacher.es\/noticias-f1\/wp-json\/wp\/v2\/categories?post=12072"},{"taxonomy":"post_tag","embeddable":true,"href":"http:\/\/www.michael-schumacher.es\/noticias-f1\/wp-json\/wp\/v2\/tags?post=12072"}],"curies":[{"name":"wp","href":"https:\/\/api.w.org\/{rel}","templated":true}]}}