{"id":12076,"date":"2013-08-24T05:16:36","date_gmt":"2013-08-24T03:16:36","guid":{"rendered":"http:\/\/www.michael-schumacher.es\/noticias-f1\/?p=12076"},"modified":"2013-08-24T05:16:36","modified_gmt":"2013-08-24T03:16:36","slug":"entrenamientos-gp-de-belgica-spa-francorchamps-2013-red-bull","status":"publish","type":"post","link":"http:\/\/www.michael-schumacher.es\/noticias-f1\/2013\/08\/24\/entrenamientos-gp-de-belgica-spa-francorchamps-2013-red-bull\/","title":{"rendered":"Entrenamientos GP de B\u00e9lgica, Spa-Francorchamps 2013. Red Bull"},"content":{"rendered":"<p><a href=\"http:\/\/www.michael-schumacher.es\/noticias-f1\/wp-content\/uploads\/2013\/03\/logo-equipo-redbull-2013.jpg\"><img loading=\"lazy\" class=\"alignleft\" alt=\"Logo Equipo Red Bull 2013\" src=\"http:\/\/www.michael-schumacher.es\/noticias-f1\/wp-content\/uploads\/2013\/03\/logo-equipo-redbull-2013.jpg\" width=\"200\" height=\"133\" \/><\/a>El equipo Red Bull ha conseguido una muy buena sesi\u00f3n de entrenamientos logrando el primer y segundo lugar en la segunda sesi\u00f3n de entrenamientos, por los que se perfilan como favoritos para el Gran Premio, la \u00fanica nota de preocupaci\u00f3n la ha puesto un pinchazo de Vettel del que todav\u00eda desconocen las causas.<\/p>\n<p><!--more--> <!--noteaser--><\/p>\n<p><a href=\"http:\/\/www.michael-schumacher.es\/noticias-f1\/wp-content\/uploads\/2013\/03\/logo-equipo-redbull-2013.jpg\"><img loading=\"lazy\" class=\"aligncenter size-full wp-image-8655\" alt=\"Logo Equipo Red Bull 2013\" src=\"http:\/\/www.michael-schumacher.es\/noticias-f1\/wp-content\/uploads\/2013\/03\/logo-equipo-redbull-2013.jpg\" width=\"650\" height=\"433\" srcset=\"http:\/\/www.michael-schumacher.es\/noticias-f1\/wp-content\/uploads\/2013\/03\/logo-equipo-redbull-2013.jpg 650w, http:\/\/www.michael-schumacher.es\/noticias-f1\/wp-content\/uploads\/2013\/03\/logo-equipo-redbull-2013-300x199.jpg 300w\" sizes=\"(max-width: 650px) 100vw, 650px\" \/><\/a><\/p>\n<p>&nbsp;<\/p>\n<p>El equipo Red Bull ha conseguido una muy buena sesi\u00f3n de entrenamientos logrando el primer y segundo lugar en la segunda sesi\u00f3n de entrenamientos, por los que se perfilan como favoritos para el Gran Premio, la \u00fanica nota de preocupaci\u00f3n la ha puesto un pinchazo de Vettel del que todav\u00eda desconocen las causas.<\/p>\n<p>&nbsp;<\/p>\n<p>Sebastian Vettel ha finalizado la primera sesi\u00f3n de entrenamientos en 6\u00ba posici\u00f3n, en una jornada muy positiva para el piloto que logr\u00f3 hacerse con el mejor tiempo en la segunda sesi\u00f3n de hoy. Por lo que sin duda es un gran candidato a la pole de ma\u00f1ana. Mark Webber tambi\u00e9n ha tenido una buena jornada hoy finalizando la primera sesi\u00f3n de entrenamientos en posici\u00f3n 19\u00ba, pero la segunda sesi\u00f3n en la segunda mejor posici\u00f3n por detr\u00e1s de su compa\u00f1ero.<\/p>\n<p>&nbsp;<\/p>\n<p><strong>Sebastian Vettel:<\/strong> <em>\u201cNo sabemos lo que pas\u00f3 cuando tuve el pinchazo en P2. Perdimos la parte trasera derecha, muy pronto, as\u00ed que tenemos que echar un vistazo. Pirelli est\u00e1 trabajando en averiguar por qu\u00e9 sucedi\u00f3. Aparte de eso, fue un d\u00eda positivo. Esta ma\u00f1ana ha sido complicada con unas gotas de lluvia y la pista estaba resbaladiza, est\u00e1 mucho m\u00e1s fr\u00edo aqu\u00ed que en Hungr\u00eda, pero esto es Spa y parte de este circuito. Esta tarde, tuvimos unas condiciones estables y ambos parec\u00edamos estar contentos con lo que tenemos.\u201d<\/em><\/p>\n<p>&nbsp;<\/p>\n<p><strong>Mark Webber:<\/strong> <em>\u00abSiempre es dif\u00edcil aqu\u00ed obtener la configuraci\u00f3n correcta establecida para toda la vuelta, as\u00ed que tome hoy la oportunidad de probar algunas cosas diferentes. Vamos a ir estudiarlo esta noche. Tuvimos una muy buena carrera hoy, pero todav\u00eda hay un poco de rendimiento por encontrar y tenemos que conseguir el coche un poco m\u00e1s equilibrado en ciertas condiciones. En general tenemos buena informaci\u00f3n y ha sido bueno tener unas condiciones estables de esta tarde\u201d.<\/em><\/p>\n<p>&nbsp;<\/p>\n<p><strong>Imagen:<\/strong> David Sarr\u00f3<\/p>\n<div class=\"sharedaddy sd-sharing-enabled\"><div class=\"robots-nocontent sd-block sd-social sd-social-official sd-sharing\"><h3 class=\"sd-title\">Opciones Sociales:<\/h3><div class=\"sd-content\"><ul><li class=\"share-facebook\"><div class=\"fb-share-button\" data-href=\"http:\/\/www.michael-schumacher.es\/noticias-f1\/2013\/08\/24\/entrenamientos-gp-de-belgica-spa-francorchamps-2013-red-bull\/\" data-layout=\"button_count\"><\/div><\/li><li class=\"share-twitter\"><a href=\"https:\/\/twitter.com\/share\" class=\"twitter-share-button\" data-url=\"http:\/\/www.michael-schumacher.es\/noticias-f1\/2013\/08\/24\/entrenamientos-gp-de-belgica-spa-francorchamps-2013-red-bull\/\" data-text=\"Entrenamientos GP de B\u00e9lgica, Spa-Francorchamps 2013. Red Bull\"  >Tweet<\/a><\/li><li class=\"share-email\"><a rel=\"nofollow noopener noreferrer\" data-shared=\"\" class=\"share-email sd-button\" href=\"http:\/\/www.michael-schumacher.es\/noticias-f1\/2013\/08\/24\/entrenamientos-gp-de-belgica-spa-francorchamps-2013-red-bull\/?share=email\" target=\"_blank\" title=\"Haz clic para enviar por correo electr\u00f3nico a un amigo\"><span>Correo electr\u00f3nico<\/span><\/a><\/li><li class=\"share-end\"><\/li><\/ul><\/div><\/div><\/div>","protected":false},"excerpt":{"rendered":"<p>El equipo Red Bull ha conseguido una muy buena sesi\u00f3n de entrenamientos logrando el primer y segundo lugar en la segunda sesi\u00f3n de entrenamientos, por los que se perfilan como favoritos para el Gran Premio, la \u00fanica nota de preocupaci\u00f3n la ha puesto un pinchazo de Vettel del que todav\u00eda desconocen las causas.<\/p>\n<div class=\"sharedaddy sd-sharing-enabled\"><div class=\"robots-nocontent sd-block sd-social sd-social-official sd-sharing\"><h3 class=\"sd-title\">Opciones Sociales:<\/h3><div class=\"sd-content\"><ul><li class=\"share-facebook\"><div class=\"fb-share-button\" data-href=\"http:\/\/www.michael-schumacher.es\/noticias-f1\/2013\/08\/24\/entrenamientos-gp-de-belgica-spa-francorchamps-2013-red-bull\/\" data-layout=\"button_count\"><\/div><\/li><li class=\"share-twitter\"><a href=\"https:\/\/twitter.com\/share\" class=\"twitter-share-button\" data-url=\"http:\/\/www.michael-schumacher.es\/noticias-f1\/2013\/08\/24\/entrenamientos-gp-de-belgica-spa-francorchamps-2013-red-bull\/\" data-text=\"Entrenamientos GP de B\u00e9lgica, Spa-Francorchamps 2013. Red Bull\"  >Tweet<\/a><\/li><li class=\"share-email\"><a rel=\"nofollow noopener noreferrer\" data-shared=\"\" class=\"share-email sd-button\" href=\"http:\/\/www.michael-schumacher.es\/noticias-f1\/2013\/08\/24\/entrenamientos-gp-de-belgica-spa-francorchamps-2013-red-bull\/?share=email\" target=\"_blank\" title=\"Haz clic para enviar por correo electr\u00f3nico a un amigo\"><span>Correo electr\u00f3nico<\/span><\/a><\/li><li class=\"share-end\"><\/li><\/ul><\/div><\/div><\/div>","protected":false},"author":3,"featured_media":0,"comment_status":"open","ping_status":"open","sticky":false,"template":"","format":"standard","meta":{"_monsterinsights_skip_tracking":false,"_monsterinsights_sitenote_active":false,"_monsterinsights_sitenote_note":"","_monsterinsights_sitenote_category":0,"spay_email":"","jetpack_publicize_message":"","jetpack_is_tweetstorm":false,"jetpack_publicize_feature_enabled":true},"categories":[67,3],"tags":[373,490,131,393,17,15,6,8,379,72,1245,51,71,831,30,73],"jetpack_featured_media_url":"","jetpack_publicize_connections":[],"jetpack_sharing_enabled":true,"jetpack_shortlink":"https:\/\/wp.me\/p27q3P-38M","_links":{"self":[{"href":"http:\/\/www.michael-schumacher.es\/noticias-f1\/wp-json\/wp\/v2\/posts\/12076"}],"collection":[{"href":"http:\/\/www.michael-schumacher.es\/noticias-f1\/wp-json\/wp\/v2\/posts"}],"about":[{"href":"http:\/\/www.michael-schumacher.es\/noticias-f1\/wp-json\/wp\/v2\/types\/post"}],"author":[{"embeddable":true,"href":"http:\/\/www.michael-schumacher.es\/noticias-f1\/wp-json\/wp\/v2\/users\/3"}],"replies":[{"embeddable":true,"href":"http:\/\/www.michael-schumacher.es\/noticias-f1\/wp-json\/wp\/v2\/comments?post=12076"}],"version-history":[{"count":0,"href":"http:\/\/www.michael-schumacher.es\/noticias-f1\/wp-json\/wp\/v2\/posts\/12076\/revisions"}],"wp:attachment":[{"href":"http:\/\/www.michael-schumacher.es\/noticias-f1\/wp-json\/wp\/v2\/media?parent=12076"}],"wp:term":[{"taxonomy":"category","embeddable":true,"href":"http:\/\/www.michael-schumacher.es\/noticias-f1\/wp-json\/wp\/v2\/categories?post=12076"},{"taxonomy":"post_tag","embeddable":true,"href":"http:\/\/www.michael-schumacher.es\/noticias-f1\/wp-json\/wp\/v2\/tags?post=12076"}],"curies":[{"name":"wp","href":"https:\/\/api.w.org\/{rel}","templated":true}]}}