{"id":12105,"date":"2013-08-25T03:45:00","date_gmt":"2013-08-25T01:45:00","guid":{"rendered":"http:\/\/www.michael-schumacher.es\/noticias-f1\/?p=12105"},"modified":"2013-08-25T03:45:00","modified_gmt":"2013-08-25T01:45:00","slug":"calificacion-gp-de-belgica-spa-francorchamps-2013-mclaren","status":"publish","type":"post","link":"http:\/\/www.michael-schumacher.es\/noticias-f1\/2013\/08\/25\/calificacion-gp-de-belgica-spa-francorchamps-2013-mclaren\/","title":{"rendered":"Calificaci\u00f3n GP de B\u00e9lgica, Spa-Francorchamps 2013. McLaren"},"content":{"rendered":"<p><a href=\"http:\/\/www.michael-schumacher.es\/noticias-f1\/wp-content\/uploads\/2013\/03\/jenson_button_test-bcn-2013_david-sarro.jpg\"><img loading=\"lazy\" class=\"alignleft\" alt=\"Jenson Button - Test  BCN 2013 - David sarro\" src=\"http:\/\/www.michael-schumacher.es\/noticias-f1\/wp-content\/uploads\/2013\/03\/jenson_button_test-bcn-2013_david-sarro.jpg\" width=\"200\" height=\"133\" \/><\/a>El equipo McLaren ha tenido un buen rendimiento con Button que era el segundo piloto m\u00e1s r\u00e1pido en mojado, por lo que consideran que de seguir mojado habr\u00eda podido calificar todav\u00eda m\u00e1s arriba, sin embargo con su segundo piloto no hubo suerte y no consigui\u00f3 llegar a\u00a0 Q3 por muy poco, por lo que ha sido frustrante, por esa parte para el equipo. Pero el rendimiento en mojado se ve bueno y as\u00ed se espera el d\u00eda de ma\u00f1ana as\u00ed que son optimistas para ma\u00f1ana de cara a la carrera.<\/p>\n<p><!--more--> <!--noteaser--><\/p>\n<p><a href=\"http:\/\/www.michael-schumacher.es\/noticias-f1\/wp-content\/uploads\/2013\/03\/jenson_button_test-bcn-2013_david-sarro.jpg\"><img loading=\"lazy\" class=\"aligncenter size-full wp-image-8191\" alt=\"Jenson Button - Test  BCN 2013 - David sarro\" src=\"http:\/\/www.michael-schumacher.es\/noticias-f1\/wp-content\/uploads\/2013\/03\/jenson_button_test-bcn-2013_david-sarro.jpg\" width=\"650\" height=\"433\" srcset=\"http:\/\/www.michael-schumacher.es\/noticias-f1\/wp-content\/uploads\/2013\/03\/jenson_button_test-bcn-2013_david-sarro.jpg 650w, http:\/\/www.michael-schumacher.es\/noticias-f1\/wp-content\/uploads\/2013\/03\/jenson_button_test-bcn-2013_david-sarro-300x199.jpg 300w\" sizes=\"(max-width: 650px) 100vw, 650px\" \/><\/a><\/p>\n<p>&nbsp;<\/p>\n<p>&nbsp;<\/p>\n<p>El equipo McLaren ha tenido un buen rendimiento con Button que era el segundo piloto m\u00e1s r\u00e1pido en mojado, por lo que consideran que de seguir mojado habr\u00eda podido calificar todav\u00eda m\u00e1s arriba, sin embargo con su segundo piloto no hubo suerte y no consigui\u00f3 llegar a\u00a0 Q3 por muy poco, por lo que ha sido frustrante, por esa parte para el equipo. Pero el rendimiento en mojado se ve bueno y as\u00ed se espera el d\u00eda de ma\u00f1ana as\u00ed que son optimistas para ma\u00f1ana de cara a la carrera.<\/p>\n<p>&nbsp;<\/p>\n<p>Jenson Button ha logrado calificar en sexta posici\u00f3n, pero ya que estaba contento en seco y todav\u00eda ten\u00edan mejor rendimiento en mojado, por lo que esperaba todav\u00eda un mejor resultado. Para ma\u00f1ana espera una carrera emocionante. Sergio P\u00e9rez ha finalizado en posici\u00f3n 13, por lo que est\u00e1 un poco decepcionado, ya que por\u00a0 poco tiempo perdi\u00f3 la ocasi\u00f3n de hacer una vuelta que lo habr\u00eda llevado a Q3, pero quiere compensar la decepci\u00f3n de hoy con un buen resultado en carrera.<\/p>\n<p>&nbsp;<\/p>\n<p><strong>Jenson Button: <\/strong><em>\u201dEn seco est\u00e1bamos relativamente contentos con nuestro ritmo, y en mojado pero reconozco que era un poco mejor a\u00fan. Creo P6 para nosotros fue un resultado aceptable, por lo tanto. Sin embargo, todav\u00eda nos falta, un poco en comparaci\u00f3n con lo que esper\u00e1bamos aqu\u00ed, sospechamos ese d\u00e9ficit es el resultado de una cuesti\u00f3n de eficiencia aerodin\u00e1mica. Tendremos para analizar a fondo antes de Monza. Pero, volviendo al Spa, nuestro tiempo estaba fuera al final de la Q3, lo que permiti\u00f3 a los tres pilotos de cabeza poner vueltas m\u00e1s r\u00e1pidas que las nuestras. Aun as\u00ed, el hecho de que hay tres brit\u00e1nicos entre los seis primeros es simplemente genial. Mirando hacia adelante a ma\u00f1ana, si el clima es h\u00famedo o variable, como esperamos que sea, entonces las cosas podr\u00edan ponerse dif\u00edciles para todos los pilotos de cabeza, porque creo que todos hemos utilizado nuestra juego de intermedios. De todos modos, vamos a ver qu\u00e9 pasa. Deber\u00eda ser una carrera emocionante.\u201d<\/em><\/p>\n<p>&nbsp;<\/p>\n<p><strong>Sergio Perez:<\/strong> <em>\u201cEn condiciones dif\u00edciles como la actual hay que estar en el lugar correcto en el momento adecuado, y es una l\u00e1stima que no pudimos optimizar nuestro potencial al hacer eso, porque en una pista mojada nuestro coche es muy fuerte, por lo que tuvimos una muy buena oportunidad para calificar bien aqu\u00ed esta tarde. As\u00ed que estoy un poco decepcionado, por supuesto, porque salimos un poco demasiado tarde y as\u00ed perdimos la ocasi\u00f3n de hacer una vuelta que nos hubiera movido a la Q3. Es una pena, porque la pista estaba mejorando r\u00e1pidamente en ese momento, y por lo tanto, habr\u00eda sido capaz de mejorar nuestro tiempo de vuelta de manera significativa. Pero as\u00ed son las carreras &#8211; y ma\u00f1ana ser\u00e1 otro d\u00eda &#8211; y el coche debe ser razonablemente competitivo si llueve. As\u00ed que voy a intentar mi mejor esfuerzo para compensar la decepci\u00f3n de hoy, al anotar algunos buenos puntos para el equipo ma\u00f1ana\u201d<\/em><\/p>\n<p>&nbsp;<\/p>\n<p><strong>Martin Whitmarsh &#8211; director del equipo:<\/strong> <em>\u201cEn la parte de la Q3 en la que la pista estaba mojada, Jenson fue el segundo piloto m\u00e1s r\u00e1pido ah\u00ed &#8211; que s\u00ed, aunque P6 es un buen lugar desde el que empezar, habr\u00eda sido a\u00fan m\u00e1s cerca de la primera fila de la parrilla, de seguir la lluvia hasta el final de la sesi\u00f3n. Habiendo dicho eso, hizo un gran trabajo y est\u00e1 en condiciones de conducir una carrera competitiva en la carrera de ma\u00f1ana, que se espera ser\u00e1 mojado. Checo tuvo un tiempo a\u00fan m\u00e1s frustrante esta tarde, perdiendo una vuelta al pasar la meta a falta de uno o dos segundos del final de la Q2, hecho que le impidi\u00f3 entrar en la Q3\u00a0 cosa que \u00e9l tambi\u00e9n habr\u00eda hecho de manera c\u00f3moda. A pesar de ello, al igual que Jenson, estoy seguro de que va a impulsar competitivamente ma\u00f1ana, con las condiciones que puedan ser h\u00famedas a su favor en un esfuerzo para moverse por el campo y anotar algunos valiosos puntos para el campeonato del mundo para nosotros. As\u00ed que, en general, hoy fue un poco frustrante para nosotros desde varias perspectivas, pero nuestro ritmo ha sido bueno en las condiciones de humedad que esperamos ma\u00f1ana, as\u00ed que tenemos razones para ser moderadamente optimistas acerca de la carrera.\u201d<\/em><\/p>\n<p>&nbsp;<\/p>\n<p><strong>Imagen:<\/strong> David Sarr\u00f3<\/p>\n<div class=\"sharedaddy sd-sharing-enabled\"><div class=\"robots-nocontent sd-block sd-social sd-social-official sd-sharing\"><h3 class=\"sd-title\">Opciones Sociales:<\/h3><div class=\"sd-content\"><ul><li class=\"share-facebook\"><div class=\"fb-share-button\" data-href=\"http:\/\/www.michael-schumacher.es\/noticias-f1\/2013\/08\/25\/calificacion-gp-de-belgica-spa-francorchamps-2013-mclaren\/\" data-layout=\"button_count\"><\/div><\/li><li class=\"share-twitter\"><a href=\"https:\/\/twitter.com\/share\" class=\"twitter-share-button\" data-url=\"http:\/\/www.michael-schumacher.es\/noticias-f1\/2013\/08\/25\/calificacion-gp-de-belgica-spa-francorchamps-2013-mclaren\/\" data-text=\"Calificaci\u00f3n GP de B\u00e9lgica, Spa-Francorchamps 2013. McLaren\"  >Tweet<\/a><\/li><li class=\"share-email\"><a rel=\"nofollow noopener noreferrer\" data-shared=\"\" class=\"share-email sd-button\" href=\"http:\/\/www.michael-schumacher.es\/noticias-f1\/2013\/08\/25\/calificacion-gp-de-belgica-spa-francorchamps-2013-mclaren\/?share=email\" target=\"_blank\" title=\"Haz clic para enviar por correo electr\u00f3nico a un amigo\"><span>Correo electr\u00f3nico<\/span><\/a><\/li><li class=\"share-end\"><\/li><\/ul><\/div><\/div><\/div>","protected":false},"excerpt":{"rendered":"<p>El equipo McLaren ha tenido un buen rendimiento con Button que era el segundo piloto m\u00e1s r\u00e1pido en mojado, por lo que consideran que de seguir mojado habr\u00eda podido calificar todav\u00eda m\u00e1s arriba, sin embargo con su segundo piloto no hubo suerte y no consigui\u00f3 llegar a\u00a0 Q3 por muy poco, por lo que ha [&hellip;]<\/p>\n<div class=\"sharedaddy sd-sharing-enabled\"><div class=\"robots-nocontent sd-block sd-social sd-social-official sd-sharing\"><h3 class=\"sd-title\">Opciones Sociales:<\/h3><div class=\"sd-content\"><ul><li class=\"share-facebook\"><div class=\"fb-share-button\" data-href=\"http:\/\/www.michael-schumacher.es\/noticias-f1\/2013\/08\/25\/calificacion-gp-de-belgica-spa-francorchamps-2013-mclaren\/\" data-layout=\"button_count\"><\/div><\/li><li class=\"share-twitter\"><a href=\"https:\/\/twitter.com\/share\" class=\"twitter-share-button\" data-url=\"http:\/\/www.michael-schumacher.es\/noticias-f1\/2013\/08\/25\/calificacion-gp-de-belgica-spa-francorchamps-2013-mclaren\/\" data-text=\"Calificaci\u00f3n GP de B\u00e9lgica, Spa-Francorchamps 2013. McLaren\"  >Tweet<\/a><\/li><li class=\"share-email\"><a rel=\"nofollow noopener noreferrer\" data-shared=\"\" class=\"share-email sd-button\" href=\"http:\/\/www.michael-schumacher.es\/noticias-f1\/2013\/08\/25\/calificacion-gp-de-belgica-spa-francorchamps-2013-mclaren\/?share=email\" target=\"_blank\" title=\"Haz clic para enviar por correo electr\u00f3nico a un amigo\"><span>Correo electr\u00f3nico<\/span><\/a><\/li><li class=\"share-end\"><\/li><\/ul><\/div><\/div><\/div>","protected":false},"author":3,"featured_media":0,"comment_status":"open","ping_status":"open","sticky":false,"template":"","format":"standard","meta":{"_monsterinsights_skip_tracking":false,"_monsterinsights_sitenote_active":false,"_monsterinsights_sitenote_note":"","_monsterinsights_sitenote_category":0,"spay_email":"","jetpack_publicize_message":"","jetpack_is_tweetstorm":false,"jetpack_publicize_feature_enabled":true},"categories":[68,3],"tags":[373,490,13,155,159,17,15,6,8,12,115,138,90,89,831],"jetpack_featured_media_url":"","jetpack_publicize_connections":[],"jetpack_sharing_enabled":true,"jetpack_shortlink":"https:\/\/wp.me\/p27q3P-39f","_links":{"self":[{"href":"http:\/\/www.michael-schumacher.es\/noticias-f1\/wp-json\/wp\/v2\/posts\/12105"}],"collection":[{"href":"http:\/\/www.michael-schumacher.es\/noticias-f1\/wp-json\/wp\/v2\/posts"}],"about":[{"href":"http:\/\/www.michael-schumacher.es\/noticias-f1\/wp-json\/wp\/v2\/types\/post"}],"author":[{"embeddable":true,"href":"http:\/\/www.michael-schumacher.es\/noticias-f1\/wp-json\/wp\/v2\/users\/3"}],"replies":[{"embeddable":true,"href":"http:\/\/www.michael-schumacher.es\/noticias-f1\/wp-json\/wp\/v2\/comments?post=12105"}],"version-history":[{"count":0,"href":"http:\/\/www.michael-schumacher.es\/noticias-f1\/wp-json\/wp\/v2\/posts\/12105\/revisions"}],"wp:attachment":[{"href":"http:\/\/www.michael-schumacher.es\/noticias-f1\/wp-json\/wp\/v2\/media?parent=12105"}],"wp:term":[{"taxonomy":"category","embeddable":true,"href":"http:\/\/www.michael-schumacher.es\/noticias-f1\/wp-json\/wp\/v2\/categories?post=12105"},{"taxonomy":"post_tag","embeddable":true,"href":"http:\/\/www.michael-schumacher.es\/noticias-f1\/wp-json\/wp\/v2\/tags?post=12105"}],"curies":[{"name":"wp","href":"https:\/\/api.w.org\/{rel}","templated":true}]}}