{"id":12225,"date":"2013-08-31T01:06:43","date_gmt":"2013-08-30T23:06:43","guid":{"rendered":"http:\/\/www.michael-schumacher.es\/noticias-f1\/?p=12225"},"modified":"2013-08-31T01:06:43","modified_gmt":"2013-08-30T23:06:43","slug":"maldonado-considera-que-williams-debe-hacer-un-impulso-adelante","status":"publish","type":"post","link":"http:\/\/www.michael-schumacher.es\/noticias-f1\/2013\/08\/31\/maldonado-considera-que-williams-debe-hacer-un-impulso-adelante\/","title":{"rendered":"Maldonado considera que Williams debe hacer un impulso adelante"},"content":{"rendered":"<p><a href=\"http:\/\/www.michael-schumacher.es\/noticias-f1\/wp-content\/uploads\/2013\/03\/pastor_maldonado_test-bcn-2013_david-sarro.jpg\"><img loading=\"lazy\" class=\"alignleft\" alt=\"pastor_maldonado_test-bcn-2013_david-sarro\" src=\"http:\/\/www.michael-schumacher.es\/noticias-f1\/wp-content\/uploads\/2013\/03\/pastor_maldonado_test-bcn-2013_david-sarro.jpg\" width=\"200\" height=\"133\" \/><\/a>Es evidente que Pastor Maldonado se enfrenta a una dura temporada con Williams, el equipo solo ha logrado sumar un punto en toda la temporada y esto gracias a la d\u00e9cima posici\u00f3n lograda por el propio Maldonado en el Gran Premio de Hungr\u00eda, por lo que el piloto pide una mejora, un esfuerzo para las \u00faltimas carreras que les permitiese\u00a0 mejorar las tres o cuatro d\u00e9cimas que requieren para poder estar entre los diez primeros.<\/p>\n<p><!--more--> <!--noteaser--><\/p>\n<p><a href=\"http:\/\/www.michael-schumacher.es\/noticias-f1\/wp-content\/uploads\/2013\/03\/pastor_maldonado_test-bcn-2013_david-sarro.jpg\"><img loading=\"lazy\" class=\"aligncenter size-full wp-image-8155\" alt=\"pastor_maldonado_test-bcn-2013_david-sarro\" src=\"http:\/\/www.michael-schumacher.es\/noticias-f1\/wp-content\/uploads\/2013\/03\/pastor_maldonado_test-bcn-2013_david-sarro.jpg\" width=\"650\" height=\"433\" srcset=\"http:\/\/www.michael-schumacher.es\/noticias-f1\/wp-content\/uploads\/2013\/03\/pastor_maldonado_test-bcn-2013_david-sarro.jpg 650w, http:\/\/www.michael-schumacher.es\/noticias-f1\/wp-content\/uploads\/2013\/03\/pastor_maldonado_test-bcn-2013_david-sarro-300x199.jpg 300w\" sizes=\"(max-width: 650px) 100vw, 650px\" \/><\/a><\/p>\n<p>&nbsp;<\/p>\n<p>Es evidente que Pastor Maldonado se enfrenta a una dura temporada con Williams, el equipo solo ha logrado sumar un punto en toda la temporada y esto gracias a la d\u00e9cima posici\u00f3n lograda por el propio Maldonado en el Gran Premio de Hungr\u00eda, por lo que el piloto pide una mejora, un esfuerzo para las \u00faltimas carreras que les permitiese\u00a0 mejorar las tres o cuatro d\u00e9cimas que requieren para poder estar entre los diez primeros.<\/p>\n<p>&nbsp;<\/p>\n<p>Pastor Maldonado tambi\u00e9n ha salido decepcionado del ritmo de su monoplaza en el Gran Premio de B\u00e9lgica donde le toco sufrir para no conseguir resultados:<strong> \u201cEl ritmo era realmente malo el fin de semana. Creo que tenemos que seguir mejorando el rendimiento. No \u00e9ramos competitivos durante la carrera, he estado haciendo muy bien en el \u00faltimo par de carreras y recuperamos bastante. Pero a veces no se puede esperar que el piloto pueda hacer todo. S\u00f3lo Necesitamos presionar muy duro para tener un coche r\u00e1pido, un coche s\u00f3lido que sea consistente En estos momentos estamos luchando con el ritmo en la calificaci\u00f3n y la carrera. Tenemos que presionar m\u00e1s que antes de cerrar la brecha con los diez primeros. Para ponernos en una buena posici\u00f3n para luchar por el top ten. Pero por el momento no es as\u00ed\u201d.<\/strong><\/p>\n<p>&nbsp;<\/p>\n<p>Aunque Maldonado a estas alturas ve dif\u00edcil incluso con la llegada de Pat Symonds una mejora inmediata como necesitan, aunque eso si el piloto est\u00e1 determinado a hacer el cien por cien e incluso m\u00e1s para lograrlo:<strong> \u201c\u00bfQui\u00e9n sabe? El coche no es competitivo y no hace magia. \u00c9l es un t\u00e9cnico con mucha experiencia y es un buen ingeniero, y estamos esperando que \u00e9l haga la reestructuraci\u00f3n de los departamentos y algunas cosas en el coche para empujar m\u00e1s en t\u00e9rminos de ingenier\u00eda, pero nunca sabemos si podemos mejorar o no. Por supuesto que vamos a hacer 100% e incluso m\u00e1s para mejorar antes de que termine la temporada\u201d.<\/strong><\/p>\n<p>&nbsp;<\/p>\n<p>&nbsp;<\/p>\n<div class=\"sharedaddy sd-sharing-enabled\"><div class=\"robots-nocontent sd-block sd-social sd-social-official sd-sharing\"><h3 class=\"sd-title\">Opciones Sociales:<\/h3><div class=\"sd-content\"><ul><li class=\"share-facebook\"><div class=\"fb-share-button\" data-href=\"http:\/\/www.michael-schumacher.es\/noticias-f1\/2013\/08\/31\/maldonado-considera-que-williams-debe-hacer-un-impulso-adelante\/\" data-layout=\"button_count\"><\/div><\/li><li class=\"share-twitter\"><a href=\"https:\/\/twitter.com\/share\" class=\"twitter-share-button\" data-url=\"http:\/\/www.michael-schumacher.es\/noticias-f1\/2013\/08\/31\/maldonado-considera-que-williams-debe-hacer-un-impulso-adelante\/\" data-text=\"Maldonado considera que Williams debe hacer un impulso adelante\"  >Tweet<\/a><\/li><li class=\"share-email\"><a rel=\"nofollow noopener noreferrer\" data-shared=\"\" class=\"share-email sd-button\" href=\"http:\/\/www.michael-schumacher.es\/noticias-f1\/2013\/08\/31\/maldonado-considera-que-williams-debe-hacer-un-impulso-adelante\/?share=email\" target=\"_blank\" title=\"Haz clic para enviar por correo electr\u00f3nico a un amigo\"><span>Correo electr\u00f3nico<\/span><\/a><\/li><li class=\"share-end\"><\/li><\/ul><\/div><\/div><\/div>","protected":false},"excerpt":{"rendered":"<p>Es evidente que Pastor Maldonado se enfrenta a una dura temporada con Williams, el equipo solo ha logrado sumar un punto en toda la temporada y esto gracias a la d\u00e9cima posici\u00f3n lograda por el propio Maldonado en el Gran Premio de Hungr\u00eda, por lo que el piloto pide una mejora, un esfuerzo para las [&hellip;]<\/p>\n<div class=\"sharedaddy sd-sharing-enabled\"><div class=\"robots-nocontent sd-block sd-social sd-social-official sd-sharing\"><h3 class=\"sd-title\">Opciones Sociales:<\/h3><div class=\"sd-content\"><ul><li class=\"share-facebook\"><div class=\"fb-share-button\" data-href=\"http:\/\/www.michael-schumacher.es\/noticias-f1\/2013\/08\/31\/maldonado-considera-que-williams-debe-hacer-un-impulso-adelante\/\" data-layout=\"button_count\"><\/div><\/li><li class=\"share-twitter\"><a href=\"https:\/\/twitter.com\/share\" class=\"twitter-share-button\" data-url=\"http:\/\/www.michael-schumacher.es\/noticias-f1\/2013\/08\/31\/maldonado-considera-que-williams-debe-hacer-un-impulso-adelante\/\" data-text=\"Maldonado considera que Williams debe hacer un impulso adelante\"  >Tweet<\/a><\/li><li class=\"share-email\"><a rel=\"nofollow noopener noreferrer\" data-shared=\"\" class=\"share-email sd-button\" href=\"http:\/\/www.michael-schumacher.es\/noticias-f1\/2013\/08\/31\/maldonado-considera-que-williams-debe-hacer-un-impulso-adelante\/?share=email\" target=\"_blank\" title=\"Haz clic para enviar por correo electr\u00f3nico a un amigo\"><span>Correo electr\u00f3nico<\/span><\/a><\/li><li class=\"share-end\"><\/li><\/ul><\/div><\/div><\/div>","protected":false},"author":3,"featured_media":0,"comment_status":"open","ping_status":"open","sticky":false,"template":"","format":"standard","meta":{"_monsterinsights_skip_tracking":false,"_monsterinsights_sitenote_active":false,"_monsterinsights_sitenote_note":"","_monsterinsights_sitenote_category":0,"spay_email":"","jetpack_publicize_message":"","jetpack_is_tweetstorm":false,"jetpack_publicize_feature_enabled":true},"categories":[3],"tags":[3493,373,3995,381,17,15,3992,270,97,3996,592,359,3994,2398,185,238,93],"jetpack_featured_media_url":"","jetpack_publicize_connections":[],"jetpack_sharing_enabled":true,"jetpack_shortlink":"https:\/\/wp.me\/p27q3P-3bb","_links":{"self":[{"href":"http:\/\/www.michael-schumacher.es\/noticias-f1\/wp-json\/wp\/v2\/posts\/12225"}],"collection":[{"href":"http:\/\/www.michael-schumacher.es\/noticias-f1\/wp-json\/wp\/v2\/posts"}],"about":[{"href":"http:\/\/www.michael-schumacher.es\/noticias-f1\/wp-json\/wp\/v2\/types\/post"}],"author":[{"embeddable":true,"href":"http:\/\/www.michael-schumacher.es\/noticias-f1\/wp-json\/wp\/v2\/users\/3"}],"replies":[{"embeddable":true,"href":"http:\/\/www.michael-schumacher.es\/noticias-f1\/wp-json\/wp\/v2\/comments?post=12225"}],"version-history":[{"count":0,"href":"http:\/\/www.michael-schumacher.es\/noticias-f1\/wp-json\/wp\/v2\/posts\/12225\/revisions"}],"wp:attachment":[{"href":"http:\/\/www.michael-schumacher.es\/noticias-f1\/wp-json\/wp\/v2\/media?parent=12225"}],"wp:term":[{"taxonomy":"category","embeddable":true,"href":"http:\/\/www.michael-schumacher.es\/noticias-f1\/wp-json\/wp\/v2\/categories?post=12225"},{"taxonomy":"post_tag","embeddable":true,"href":"http:\/\/www.michael-schumacher.es\/noticias-f1\/wp-json\/wp\/v2\/tags?post=12225"}],"curies":[{"name":"wp","href":"https:\/\/api.w.org\/{rel}","templated":true}]}}