{"id":12262,"date":"2013-09-02T03:08:08","date_gmt":"2013-09-02T01:08:08","guid":{"rendered":"http:\/\/www.michael-schumacher.es\/noticias-f1\/?p=12262"},"modified":"2013-09-02T03:08:08","modified_gmt":"2013-09-02T01:08:08","slug":"maldonado-cree-que-su-sancion-en-spa-fue-injusta","status":"publish","type":"post","link":"http:\/\/www.michael-schumacher.es\/noticias-f1\/2013\/09\/02\/maldonado-cree-que-su-sancion-en-spa-fue-injusta\/","title":{"rendered":"Maldonado cree que su sanci\u00f3n en Spa fue injusta"},"content":{"rendered":"<p><a href=\"http:\/\/www.michael-schumacher.es\/noticias-f1\/wp-content\/uploads\/2013\/03\/pastor_maldonado_test-bcn-2013_david-sarro.jpg\"><img loading=\"lazy\" class=\"alignleft\" alt=\"pastor_maldonado_test-bcn-2013_david-sarro\" src=\"http:\/\/www.michael-schumacher.es\/noticias-f1\/wp-content\/uploads\/2013\/03\/pastor_maldonado_test-bcn-2013_david-sarro.jpg\" width=\"200\" height=\"133\" \/><\/a>Pastor Maldonado es un piloto competitivo y con ganas de luchar en la pista por resultados, aunque este a\u00f1o para Williams no est\u00e1 resultando demasiado afortunado, Maldonado intentar dar el m\u00e1ximo en cada carrera y lograr resultados, lo que en ocasiones le ha llevado a arriesgar, lo que le\u00a0 ha causado algunos problemas y sanciones.<\/p>\n<p><!--more--> <!--noteaser--><\/p>\n<p><a href=\"http:\/\/www.michael-schumacher.es\/noticias-f1\/wp-content\/uploads\/2013\/03\/pastor_maldonado_test-bcn-2013_david-sarro.jpg\"><img loading=\"lazy\" class=\"aligncenter size-full wp-image-8155\" alt=\"pastor_maldonado_test-bcn-2013_david-sarro\" src=\"http:\/\/www.michael-schumacher.es\/noticias-f1\/wp-content\/uploads\/2013\/03\/pastor_maldonado_test-bcn-2013_david-sarro.jpg\" width=\"650\" height=\"433\" srcset=\"http:\/\/www.michael-schumacher.es\/noticias-f1\/wp-content\/uploads\/2013\/03\/pastor_maldonado_test-bcn-2013_david-sarro.jpg 650w, http:\/\/www.michael-schumacher.es\/noticias-f1\/wp-content\/uploads\/2013\/03\/pastor_maldonado_test-bcn-2013_david-sarro-300x199.jpg 300w\" sizes=\"(max-width: 650px) 100vw, 650px\" \/><\/a><\/p>\n<p>&nbsp;<\/p>\n<p>&nbsp;<\/p>\n<p>Pastor Maldonado es un piloto competitivo y con ganas de luchar en la pista por resultados, aunque este a\u00f1o para Williams no est\u00e1 resultando demasiado afortunado, Maldonado intentar dar el m\u00e1ximo en cada carrera y lograr resultados, lo que en ocasiones le ha llevado a arriesgar, lo que le\u00a0 ha causado algunos problemas y sanciones.<\/p>\n<p>&nbsp;<\/p>\n<p>Aunque el piloto ha reconocido en ocasiones su responsabilidad, considera que en el Gran Premio de B\u00e9lgica la sanci\u00f3n fue injusta, recordemos que fue penalizado con un stop &amp; go, por su toque con Paul di Resta.<\/p>\n<p>&nbsp;<\/p>\n<p>El domingo tras finalizar la carrera en B\u00e9lgica, Pastor Maldonado, ya declaro en su twitter su disconformidad con dicha sanci\u00f3n: <strong>\u201c1 era vez que veo una penalidad por ser chocado!!!\u201d<\/strong><\/p>\n<p>&nbsp;<\/p>\n<blockquote class=\"twitter-tweet\"><p>1 era vez que veo una penalidad por ser chocado!!!<\/p>\n<p>\u2014 Pastor Maldonado (@Pastormaldo) <a href=\"https:\/\/twitter.com\/Pastormaldo\/statuses\/371759108644700161\">August 25, 2013<\/a><\/p><\/blockquote>\n<p>&nbsp;<\/p>\n<p>&nbsp;<\/p>\n<p>Pastor Maldonado considera que a veces las sanciones son demasiado duras y que en Spa\u00a0 la sanci\u00f3n que le impusieron fue injusta: <strong>\u201cSi cometes un error, debes ser penalizado. Pero las decisiones que a veces toman pueden ser algo duras. Esa es mi opini\u00f3n. Todo depende del punto de vista de ellos. Es como el f\u00fatbol. Es siempre dif\u00edcil opinar desde afuera, e incluso es dif\u00edcil opinar desde adentro. Creo que lo que pas\u00f3 en Spa est\u00e1 claro; muy claro y obvio. Y creo que fue una sanci\u00f3n injusta\u201d.<\/strong><\/p>\n<p>&nbsp;<\/p>\n<p>La temporada 2012 Pastor Maldonado tambi\u00e9n recibi\u00f3 algunas sanciones as\u00ed como cr\u00edticas de algunos de sus rivales por su agresividad, pero Pastor asegura que no le preocupan las cr\u00edticas ya que\u00a0 lo que le preocupa es su carrera y seguir\u00e1 compitiendo como hasta el momento.<\/p>\n<p>&nbsp;<\/p>\n<p>Maldonado est\u00e1 centrado en las carreras y no se preocupa de su reputaci\u00f3n:<strong> \u201cEsto son carreras y yo estoy corriendo. Mi reputaci\u00f3n es otra cosa. Competir\u00e9 y si alguien piensa algo acerca de m\u00ed es libre de hacerlo. No puedo decir que no lo hagan\u201d.<\/strong><\/p>\n<p>&nbsp;<\/p>\n<p><strong>Imagen:<\/strong> David Sarr\u00f3<\/p>\n<div class=\"sharedaddy sd-sharing-enabled\"><div class=\"robots-nocontent sd-block sd-social sd-social-official sd-sharing\"><h3 class=\"sd-title\">Opciones Sociales:<\/h3><div class=\"sd-content\"><ul><li class=\"share-facebook\"><div class=\"fb-share-button\" data-href=\"http:\/\/www.michael-schumacher.es\/noticias-f1\/2013\/09\/02\/maldonado-cree-que-su-sancion-en-spa-fue-injusta\/\" data-layout=\"button_count\"><\/div><\/li><li class=\"share-twitter\"><a href=\"https:\/\/twitter.com\/share\" class=\"twitter-share-button\" data-url=\"http:\/\/www.michael-schumacher.es\/noticias-f1\/2013\/09\/02\/maldonado-cree-que-su-sancion-en-spa-fue-injusta\/\" data-text=\"Maldonado cree que su sanci\u00f3n en Spa fue injusta\"  >Tweet<\/a><\/li><li class=\"share-email\"><a rel=\"nofollow noopener noreferrer\" data-shared=\"\" class=\"share-email sd-button\" href=\"http:\/\/www.michael-schumacher.es\/noticias-f1\/2013\/09\/02\/maldonado-cree-que-su-sancion-en-spa-fue-injusta\/?share=email\" target=\"_blank\" title=\"Haz clic para enviar por correo electr\u00f3nico a un amigo\"><span>Correo electr\u00f3nico<\/span><\/a><\/li><li class=\"share-end\"><\/li><\/ul><\/div><\/div><\/div>","protected":false},"excerpt":{"rendered":"<p>Pastor Maldonado es un piloto competitivo y con ganas de luchar en la pista por resultados, aunque este a\u00f1o para Williams no est\u00e1 resultando demasiado afortunado, Maldonado intentar dar el m\u00e1ximo en cada carrera y lograr resultados, lo que en ocasiones le ha llevado a arriesgar, lo que le\u00a0 ha causado algunos problemas y sanciones.<\/p>\n<div class=\"sharedaddy sd-sharing-enabled\"><div class=\"robots-nocontent sd-block sd-social sd-social-official sd-sharing\"><h3 class=\"sd-title\">Opciones Sociales:<\/h3><div class=\"sd-content\"><ul><li class=\"share-facebook\"><div class=\"fb-share-button\" data-href=\"http:\/\/www.michael-schumacher.es\/noticias-f1\/2013\/09\/02\/maldonado-cree-que-su-sancion-en-spa-fue-injusta\/\" data-layout=\"button_count\"><\/div><\/li><li class=\"share-twitter\"><a href=\"https:\/\/twitter.com\/share\" class=\"twitter-share-button\" data-url=\"http:\/\/www.michael-schumacher.es\/noticias-f1\/2013\/09\/02\/maldonado-cree-que-su-sancion-en-spa-fue-injusta\/\" data-text=\"Maldonado cree que su sanci\u00f3n en Spa fue injusta\"  >Tweet<\/a><\/li><li class=\"share-email\"><a rel=\"nofollow noopener noreferrer\" data-shared=\"\" class=\"share-email sd-button\" href=\"http:\/\/www.michael-schumacher.es\/noticias-f1\/2013\/09\/02\/maldonado-cree-que-su-sancion-en-spa-fue-injusta\/?share=email\" target=\"_blank\" title=\"Haz clic para enviar por correo electr\u00f3nico a un amigo\"><span>Correo electr\u00f3nico<\/span><\/a><\/li><li class=\"share-end\"><\/li><\/ul><\/div><\/div><\/div>","protected":false},"author":3,"featured_media":0,"comment_status":"open","ping_status":"open","sticky":false,"template":"","format":"standard","meta":{"_monsterinsights_skip_tracking":false,"_monsterinsights_sitenote_active":false,"_monsterinsights_sitenote_note":"","_monsterinsights_sitenote_category":0,"spay_email":"","jetpack_publicize_message":"","jetpack_is_tweetstorm":false,"jetpack_publicize_feature_enabled":true},"categories":[3],"tags":[373,4020,196,730,2187,914,17,15,6,8,3512,97,96,621,3157,485,4019,238],"jetpack_featured_media_url":"","jetpack_publicize_connections":[],"jetpack_sharing_enabled":true,"jetpack_shortlink":"https:\/\/wp.me\/p27q3P-3bM","_links":{"self":[{"href":"http:\/\/www.michael-schumacher.es\/noticias-f1\/wp-json\/wp\/v2\/posts\/12262"}],"collection":[{"href":"http:\/\/www.michael-schumacher.es\/noticias-f1\/wp-json\/wp\/v2\/posts"}],"about":[{"href":"http:\/\/www.michael-schumacher.es\/noticias-f1\/wp-json\/wp\/v2\/types\/post"}],"author":[{"embeddable":true,"href":"http:\/\/www.michael-schumacher.es\/noticias-f1\/wp-json\/wp\/v2\/users\/3"}],"replies":[{"embeddable":true,"href":"http:\/\/www.michael-schumacher.es\/noticias-f1\/wp-json\/wp\/v2\/comments?post=12262"}],"version-history":[{"count":0,"href":"http:\/\/www.michael-schumacher.es\/noticias-f1\/wp-json\/wp\/v2\/posts\/12262\/revisions"}],"wp:attachment":[{"href":"http:\/\/www.michael-schumacher.es\/noticias-f1\/wp-json\/wp\/v2\/media?parent=12262"}],"wp:term":[{"taxonomy":"category","embeddable":true,"href":"http:\/\/www.michael-schumacher.es\/noticias-f1\/wp-json\/wp\/v2\/categories?post=12262"},{"taxonomy":"post_tag","embeddable":true,"href":"http:\/\/www.michael-schumacher.es\/noticias-f1\/wp-json\/wp\/v2\/tags?post=12262"}],"curies":[{"name":"wp","href":"https:\/\/api.w.org\/{rel}","templated":true}]}}