{"id":12267,"date":"2013-09-03T01:35:12","date_gmt":"2013-09-02T23:35:12","guid":{"rendered":"http:\/\/www.michael-schumacher.es\/noticias-f1\/?p=12267"},"modified":"2013-09-03T01:36:29","modified_gmt":"2013-09-02T23:36:29","slug":"daniel-ricciardo-confirmado-para-red-bull-en-2014","status":"publish","type":"post","link":"http:\/\/www.michael-schumacher.es\/noticias-f1\/2013\/09\/03\/daniel-ricciardo-confirmado-para-red-bull-en-2014\/","title":{"rendered":"Daniel Ricciardo confirmado para Red Bull en 2014"},"content":{"rendered":"<p><a href=\"http:\/\/www.michael-schumacher.es\/noticias-f1\/wp-content\/uploads\/2012\/08\/david_sarro.ricciardo-1.jpg\"><img loading=\"lazy\" class=\"alignleft\" alt=\"Daniel Ricciardo 1 \" src=\"http:\/\/www.michael-schumacher.es\/noticias-f1\/wp-content\/uploads\/2012\/08\/david_sarro.ricciardo-1.jpg\" width=\"201\" height=\"134\" \/><\/a>Red Bull sin duda son muy buenos fabricando coches r\u00e1pidos, son buenos en competici\u00f3n y han ganado tres campeonatos que as\u00ed lo demuestra, pero han resultado todav\u00eda mejores en levantar expectaci\u00f3n y en tener a toda la prensa deportiva pendientes de quien ocupar\u00eda su asiento, que deja vacante Mark Webber y por fin se desvel\u00f3, sin aviso y sin grandes parafernalias, un modesto anuncio para un piloto modesto.<\/p>\n<p><!--more--> <!--noteaser--><\/p>\n<p><a href=\"http:\/\/www.michael-schumacher.es\/noticias-f1\/wp-content\/uploads\/2012\/08\/david_sarro.ricciardo-1.jpg\"><img loading=\"lazy\" class=\"aligncenter size-full wp-image-3171\" alt=\"Daniel Ricciardo 1 \" src=\"http:\/\/www.michael-schumacher.es\/noticias-f1\/wp-content\/uploads\/2012\/08\/david_sarro.ricciardo-1.jpg\" width=\"600\" height=\"400\" srcset=\"http:\/\/www.michael-schumacher.es\/noticias-f1\/wp-content\/uploads\/2012\/08\/david_sarro.ricciardo-1.jpg 600w, http:\/\/www.michael-schumacher.es\/noticias-f1\/wp-content\/uploads\/2012\/08\/david_sarro.ricciardo-1-300x200.jpg 300w\" sizes=\"(max-width: 600px) 100vw, 600px\" \/><\/a><\/p>\n<p>&nbsp;<\/p>\n<p>Red Bull sin duda son muy buenos fabricando coches r\u00e1pidos, son buenos en competici\u00f3n y han ganado tres campeonatos que as\u00ed lo demuestra, pero han resultado todav\u00eda mejores en levantar expectaci\u00f3n y en tener a toda la prensa deportiva pendientes de quien ocupar\u00eda su asiento, que deja vacante Mark Webber y por fin se desvel\u00f3, sin aviso y sin grandes parafernalias, un modesto anuncio para un piloto modesto.<\/p>\n<p>&nbsp;<\/p>\n<p>Daniel Ricciardo hay sido confirmado como compa\u00f1ero del tricampe\u00f3n Sebastian Vettel para el pr\u00f3ximo a\u00f1o 2014, Daniel Ricciardo, actualmente piloto de Toro Rosso, de 24 a\u00f1os, es piloto oficial de F1 desde el 30 Junio 2011 compiti\u00f3 con HRT, equipo con el que particip\u00f3 en 11 carreras, en 2012 paso a Toro Rosso y consigui\u00f3 un total de 10 puntos, en la temporada 2013 sigue en el equipo Toro Rosso y hasta el momento ha conseguido 12 puntos, por lo que ha conseguido un total de 22 en su carrera en F1 y su mejor posici\u00f3n ha sido s\u00e9ptimo en el Gran Premio de China de este mismo a\u00f1o.<\/p>\n<p>&nbsp;<\/p>\n<p>El equipo Red Bull ha confirmado la noticia con declaraciones del Jefe de equipo Christian Horner y Adrian Newey as\u00ed como de Daniel Ricciardo, aunque parece que el primer anuncio lo hizo Helmut Marko, asesor del equipo a la televisi\u00f3n austriaca y el que seg\u00fan parece era m\u00e1s partidario de un piloto joven y poco experimentado, para proteger a Vettel. Antes que un piloto consolidado y que fuera competitivo desde el primer momento, que pacer\u00eda lo que quer\u00edan Horner y Newey.<\/p>\n<p>&nbsp;<\/p>\n<p>Sin duda una gran noticia para el joven Ricciardo y tambi\u00e9n para los rivales directos de Red Bull ya que no tendr\u00e1n la necesidad de reforzar sus equipos, as\u00ed como el equipo puede que sea\u00a0 menos fuerte de cara a constructores.<\/p>\n<p>&nbsp;<\/p>\n<p><iframe loading=\"lazy\" src=\"\/\/www.youtube.com\/embed\/e1K53Xv4Zao?rel=0\" height=\"480\" width=\"640\" allowfullscreen=\"\" frameborder=\"0\"><\/iframe><\/p>\n<p>&nbsp;<\/p>\n<p><span style=\"text-decoration: underline;\"><strong>Declaraciones del equipo Red Bull en su p\u00e1gina oficial:<\/strong><\/span><\/p>\n<p>&nbsp;<\/p>\n<p><strong>Christian Horner:<\/strong> <em>\u00abEs fant\u00e1stico confirmar Daniel como piloto oficial del equipo para el 2014. \u00c9l es un joven muy talentoso, que ha cometido, tiene una gran actitud y al final fue una elecci\u00f3n muy l\u00f3gica para nosotros elegir a Daniel. Se uni\u00f3 a la Red Bull Junior Team en 2008 y hemos visto en su carrera como junior en la F\u00f3rmula 3 y la Renault World Series que es capaz de ganar carreras y campeonatos. \u00c9l se destac\u00f3 en cada una de estas categor\u00edas y hemos seguido su progreso con gran inter\u00e9s. \u00c9l tiene todas las cualidades que se requieren para conducir a nuestro equipo: \u00e9l tiene una gran habilidad natural, que es una buena personalidad y un gran tipo para trabajar. Daniel sabe lo que el equipo espera de \u00e9l, \u00e9l aprender\u00e1 r\u00e1pidamente y es en gran medida una perspectiva de medio a largo plazo que estamos teniendo en \u00e9l desarrollo. El asiento en el equipo es una oportunidad maravillosa y creo que va a ser una gran estrella del futuro\u201d.<\/em><\/p>\n<p>&nbsp;<\/p>\n<p><iframe loading=\"lazy\" src=\"\/\/www.youtube.com\/embed\/UGVOotGVPOQ?rel=0\" height=\"480\" width=\"640\" allowfullscreen=\"\" frameborder=\"0\"><\/iframe><\/p>\n<p>&nbsp;<\/p>\n<p><strong>Adrian Newey:<\/strong> <em>\u00abDesde que Marcos anunci\u00f3 su retiro, Christian y yo hemos estado mirando cuidadosamente el mercado de pilotos, junto con Helmut Marko y Dietrich Mateschitz. Podr\u00edamos haber tenido un conductor experimentado, alguien garantizada para entregar a un nivel relativamente conocido, o igualmente podr\u00edamos asumir un conductor mucho m\u00e1s joven, con la esperanza de que vaya a desarrollar a un nivel muy alto. Nos fijamos en la \u00faltima opci\u00f3n y la conclusi\u00f3n de que los conductores m\u00e1s j\u00f3venes, Daniel es el m\u00e1s prometedor. Desde el punto de vista de Red Bull, que tambi\u00e9n se adapta bien porque el conductor que Christian y yo sentimos es la m\u00e1s prometedora es parte del programa de j\u00f3venes pilotos de Red Bull. La decisi\u00f3n en realidad me record\u00f3 un poco de una situaci\u00f3n similar que tuvimos cuando yo estaba en Williams. Nigel Mansell se iba y que necesitaba a alguien junto a Alain Prost. Podr\u00edamos seguir con Riccardo Patrese o dar una patada de despeje en un joven piloto llamado Damon Hill, que fue nuestro piloto de pruebas en el momento. Creo que es bueno traer sangre nueva y dar a los conductores prometedores la oportunidad\u201d.<\/em><\/p>\n<p>&nbsp;<\/p>\n<p><iframe loading=\"lazy\" src=\"\/\/www.youtube.com\/embed\/DHDIj2rMu8Q?rel=0\" height=\"480\" width=\"640\" allowfullscreen=\"\" frameborder=\"0\"><\/iframe><\/p>\n<p>&nbsp;<\/p>\n<p><strong>Daniel Ricciardo:<\/strong> <em>\u00abMe siento muy, muy bien en este momento y, obviamente, hay un mont\u00f3n de emoci\u00f3n corriendo a trav\u00e9s de m\u00ed. Desde su incorporaci\u00f3n a la F1 en 2011, esperaba que esto pasara y con el tiempo la creencia en m\u00ed ha crecido, he tenido algunos buenos resultados y Red Bull ha decidido que esto es todo, as\u00ed que es un buen momento. El a\u00f1o que viene voy a estar con un equipo ganador del campeonato, sin duda el mejor equipo, y se espera el lanzamiento. Estoy listo para eso. No estoy aqu\u00ed para correr en el d\u00e9cimo lugar, quiero conseguir los mejores resultados para m\u00ed y para el equipo. Me gustar\u00eda dar las gracias al equipo por darme la oportunidad de demostrar lo que puedo hacer. S\u00e9 que el equipo bastante bien ya desde que su piloto de reserva en 2010, lo que deber\u00eda hacer la transici\u00f3n m\u00e1s f\u00e1cil. Ser\u00e1 un gran reto para estar en contra de Sebastian Vettel, que estoy deseando que eso. Mi objetivo es terminar la temporada lo m\u00e1s fuerte posible, para m\u00ed y Scuderia Toro Rosso. Entonces, una vez que la temporada ya est\u00e1 aqu\u00ed, voy a estar completamente centrado en el pr\u00f3ximo a\u00f1o y la pr\u00f3xima etapa de mi carrera\u201d.<\/em><\/p>\n<p>&nbsp;<\/p>\n<p><iframe loading=\"lazy\" width=\"640\" height=\"480\" src=\"\/\/www.youtube.com\/embed\/vUpZCJpJrXA?rel=0\" frameborder=\"0\" allowfullscreen><\/iframe><\/p>\n<p>&nbsp;<\/p>\n<p><strong>Imagen:<\/strong> David Sarr\u00f3<\/p>\n<div class=\"sharedaddy sd-sharing-enabled\"><div class=\"robots-nocontent sd-block sd-social sd-social-official sd-sharing\"><h3 class=\"sd-title\">Opciones Sociales:<\/h3><div class=\"sd-content\"><ul><li class=\"share-facebook\"><div class=\"fb-share-button\" data-href=\"http:\/\/www.michael-schumacher.es\/noticias-f1\/2013\/09\/03\/daniel-ricciardo-confirmado-para-red-bull-en-2014\/\" data-layout=\"button_count\"><\/div><\/li><li class=\"share-twitter\"><a href=\"https:\/\/twitter.com\/share\" class=\"twitter-share-button\" data-url=\"http:\/\/www.michael-schumacher.es\/noticias-f1\/2013\/09\/03\/daniel-ricciardo-confirmado-para-red-bull-en-2014\/\" data-text=\"Daniel Ricciardo confirmado para Red Bull en 2014\"  >Tweet<\/a><\/li><li class=\"share-email\"><a rel=\"nofollow noopener noreferrer\" data-shared=\"\" class=\"share-email sd-button\" href=\"http:\/\/www.michael-schumacher.es\/noticias-f1\/2013\/09\/03\/daniel-ricciardo-confirmado-para-red-bull-en-2014\/?share=email\" target=\"_blank\" title=\"Haz clic para enviar por correo electr\u00f3nico a un amigo\"><span>Correo electr\u00f3nico<\/span><\/a><\/li><li class=\"share-end\"><\/li><\/ul><\/div><\/div><\/div>","protected":false},"excerpt":{"rendered":"<p>Red Bull sin duda son muy buenos fabricando coches r\u00e1pidos, son buenos en competici\u00f3n y han ganado tres campeonatos que as\u00ed lo demuestra, pero han resultado todav\u00eda mejores en levantar expectaci\u00f3n y en tener a toda la prensa deportiva pendientes de quien ocupar\u00eda su asiento, que deja vacante Mark Webber y por fin se desvel\u00f3, [&hellip;]<\/p>\n<div class=\"sharedaddy sd-sharing-enabled\"><div class=\"robots-nocontent sd-block sd-social sd-social-official sd-sharing\"><h3 class=\"sd-title\">Opciones Sociales:<\/h3><div class=\"sd-content\"><ul><li class=\"share-facebook\"><div class=\"fb-share-button\" data-href=\"http:\/\/www.michael-schumacher.es\/noticias-f1\/2013\/09\/03\/daniel-ricciardo-confirmado-para-red-bull-en-2014\/\" data-layout=\"button_count\"><\/div><\/li><li class=\"share-twitter\"><a href=\"https:\/\/twitter.com\/share\" class=\"twitter-share-button\" data-url=\"http:\/\/www.michael-schumacher.es\/noticias-f1\/2013\/09\/03\/daniel-ricciardo-confirmado-para-red-bull-en-2014\/\" data-text=\"Daniel Ricciardo confirmado para Red Bull en 2014\"  >Tweet<\/a><\/li><li class=\"share-email\"><a rel=\"nofollow noopener noreferrer\" data-shared=\"\" class=\"share-email sd-button\" href=\"http:\/\/www.michael-schumacher.es\/noticias-f1\/2013\/09\/03\/daniel-ricciardo-confirmado-para-red-bull-en-2014\/?share=email\" target=\"_blank\" title=\"Haz clic para enviar por correo electr\u00f3nico a un amigo\"><span>Correo electr\u00f3nico<\/span><\/a><\/li><li class=\"share-end\"><\/li><\/ul><\/div><\/div><\/div>","protected":false},"author":3,"featured_media":0,"comment_status":"open","ping_status":"open","sticky":false,"template":"","format":"standard","meta":{"_monsterinsights_skip_tracking":false,"_monsterinsights_sitenote_active":false,"_monsterinsights_sitenote_note":"","_monsterinsights_sitenote_category":0,"spay_email":"","jetpack_publicize_message":"","jetpack_is_tweetstorm":false,"jetpack_publicize_feature_enabled":true},"categories":[3],"tags":[373,758,484,1681,1257,176,101,381,17,15,1153,72,51,102,1126,1679,238,103,100,73],"jetpack_featured_media_url":"","jetpack_publicize_connections":[],"jetpack_sharing_enabled":true,"jetpack_shortlink":"https:\/\/wp.me\/p27q3P-3bR","_links":{"self":[{"href":"http:\/\/www.michael-schumacher.es\/noticias-f1\/wp-json\/wp\/v2\/posts\/12267"}],"collection":[{"href":"http:\/\/www.michael-schumacher.es\/noticias-f1\/wp-json\/wp\/v2\/posts"}],"about":[{"href":"http:\/\/www.michael-schumacher.es\/noticias-f1\/wp-json\/wp\/v2\/types\/post"}],"author":[{"embeddable":true,"href":"http:\/\/www.michael-schumacher.es\/noticias-f1\/wp-json\/wp\/v2\/users\/3"}],"replies":[{"embeddable":true,"href":"http:\/\/www.michael-schumacher.es\/noticias-f1\/wp-json\/wp\/v2\/comments?post=12267"}],"version-history":[{"count":0,"href":"http:\/\/www.michael-schumacher.es\/noticias-f1\/wp-json\/wp\/v2\/posts\/12267\/revisions"}],"wp:attachment":[{"href":"http:\/\/www.michael-schumacher.es\/noticias-f1\/wp-json\/wp\/v2\/media?parent=12267"}],"wp:term":[{"taxonomy":"category","embeddable":true,"href":"http:\/\/www.michael-schumacher.es\/noticias-f1\/wp-json\/wp\/v2\/categories?post=12267"},{"taxonomy":"post_tag","embeddable":true,"href":"http:\/\/www.michael-schumacher.es\/noticias-f1\/wp-json\/wp\/v2\/tags?post=12267"}],"curies":[{"name":"wp","href":"https:\/\/api.w.org\/{rel}","templated":true}]}}