{"id":12297,"date":"2013-09-05T00:11:38","date_gmt":"2013-09-04T22:11:38","guid":{"rendered":"http:\/\/www.michael-schumacher.es\/noticias-f1\/?p=12297"},"modified":"2013-09-05T00:11:38","modified_gmt":"2013-09-04T22:11:38","slug":"dos-zonas-de-drs-en-el-gp-de-italia","status":"publish","type":"post","link":"http:\/\/www.michael-schumacher.es\/noticias-f1\/2013\/09\/05\/dos-zonas-de-drs-en-el-gp-de-italia\/","title":{"rendered":"Dos zonas de DRS en el GP de Italia"},"content":{"rendered":"<p><a href=\"http:\/\/www.michael-schumacher.es\/noticias-f1\/wp-content\/uploads\/2013\/09\/circuito-monza-2013.jpg\"><img loading=\"lazy\" class=\"alignleft\" alt=\"circuito-monza-2013\" src=\"http:\/\/www.michael-schumacher.es\/noticias-f1\/wp-content\/uploads\/2013\/09\/circuito-monza-2013.jpg\" width=\"200\" height=\"133\" \/><\/a>La duod\u00e9cima cita de la temporada de F1 2013 ser\u00e1 este fin de semana los d\u00edas 6, 7 y 8\u00a0 de septiembre, en el m\u00edtico circuito de Monza, como viene siendo habitual esta temporada la FIA ha decidido que Monza tambi\u00e9n tendr\u00e1 una segunda zona de DRS, igual que en los a\u00f1os anteriores, con dos zonas de detecci\u00f3n,\u00a0 para intentar incentivar y facilitar los adelantamientos. Como viene ocurriendo en todos los circuitos a excepci\u00f3n de M\u00f3naco y Suzuka.<\/p>\n<p><!--more--> <!--noteaser--><\/p>\n<p><a href=\"http:\/\/www.michael-schumacher.es\/noticias-f1\/wp-content\/uploads\/2013\/09\/circuito-monza-2013.jpg\"><img loading=\"lazy\" class=\"aligncenter size-full wp-image-12300\" alt=\"circuito-monza-2013\" src=\"http:\/\/www.michael-schumacher.es\/noticias-f1\/wp-content\/uploads\/2013\/09\/circuito-monza-2013.jpg\" width=\"650\" height=\"433\" srcset=\"http:\/\/www.michael-schumacher.es\/noticias-f1\/wp-content\/uploads\/2013\/09\/circuito-monza-2013.jpg 650w, http:\/\/www.michael-schumacher.es\/noticias-f1\/wp-content\/uploads\/2013\/09\/circuito-monza-2013-300x199.jpg 300w\" sizes=\"(max-width: 650px) 100vw, 650px\" \/><\/a><\/p>\n<p>&nbsp;<\/p>\n<p>La duod\u00e9cima cita de la temporada de F1 2013 ser\u00e1 este fin de semana los d\u00edas 6, 7 y 8\u00a0 de septiembre, en el m\u00edtico circuito de Monza, como viene siendo habitual esta temporada la FIA ha decidido que Monza tambi\u00e9n tendr\u00e1 una segunda zona de DRS, igual que en los a\u00f1os anteriores, con dos zonas de detecci\u00f3n,\u00a0 para intentar incentivar y facilitar los adelantamientos. Como viene ocurriendo en todos los circuitos a excepci\u00f3n de M\u00f3naco y Suzuka.<\/p>\n<p>&nbsp;<\/p>\n<p>La primera zona de DRS se localiza en la Curva del Serraglio y su punto de detecci\u00f3n estar\u00e1 antes de las curvas Di Lesmo.<\/p>\n<p>&nbsp;<\/p>\n<p>La segunda zona de DRS ser\u00e1 en la recta de meta, el primer punto de activaci\u00f3n se localiza pocos metros despu\u00e9s de cruzar la l\u00ednea de meta y su zona de detecci\u00f3n estar\u00e1 a la entrada de la curva 14, Parab\u00f3lica.<\/p>\n<p>&nbsp;<\/p>\n<p>&nbsp;<\/p>\n<div class=\"sharedaddy sd-sharing-enabled\"><div class=\"robots-nocontent sd-block sd-social sd-social-official sd-sharing\"><h3 class=\"sd-title\">Opciones Sociales:<\/h3><div class=\"sd-content\"><ul><li class=\"share-facebook\"><div class=\"fb-share-button\" data-href=\"http:\/\/www.michael-schumacher.es\/noticias-f1\/2013\/09\/05\/dos-zonas-de-drs-en-el-gp-de-italia\/\" data-layout=\"button_count\"><\/div><\/li><li class=\"share-twitter\"><a href=\"https:\/\/twitter.com\/share\" class=\"twitter-share-button\" data-url=\"http:\/\/www.michael-schumacher.es\/noticias-f1\/2013\/09\/05\/dos-zonas-de-drs-en-el-gp-de-italia\/\" data-text=\"Dos zonas de DRS en el GP de Italia\"  >Tweet<\/a><\/li><li class=\"share-email\"><a rel=\"nofollow noopener noreferrer\" data-shared=\"\" class=\"share-email sd-button\" href=\"http:\/\/www.michael-schumacher.es\/noticias-f1\/2013\/09\/05\/dos-zonas-de-drs-en-el-gp-de-italia\/?share=email\" target=\"_blank\" title=\"Haz clic para enviar por correo electr\u00f3nico a un amigo\"><span>Correo electr\u00f3nico<\/span><\/a><\/li><li class=\"share-end\"><\/li><\/ul><\/div><\/div><\/div>","protected":false},"excerpt":{"rendered":"<p>La duod\u00e9cima cita de la temporada de F1 2013 ser\u00e1 este fin de semana los d\u00edas 6, 7 y 8\u00a0 de septiembre, en el m\u00edtico circuito de Monza, como viene siendo habitual esta temporada la FIA ha decidido que Monza tambi\u00e9n tendr\u00e1 una segunda zona de DRS, igual que en los a\u00f1os anteriores, con dos [&hellip;]<\/p>\n<div class=\"sharedaddy sd-sharing-enabled\"><div class=\"robots-nocontent sd-block sd-social sd-social-official sd-sharing\"><h3 class=\"sd-title\">Opciones Sociales:<\/h3><div class=\"sd-content\"><ul><li class=\"share-facebook\"><div class=\"fb-share-button\" data-href=\"http:\/\/www.michael-schumacher.es\/noticias-f1\/2013\/09\/05\/dos-zonas-de-drs-en-el-gp-de-italia\/\" data-layout=\"button_count\"><\/div><\/li><li class=\"share-twitter\"><a href=\"https:\/\/twitter.com\/share\" class=\"twitter-share-button\" data-url=\"http:\/\/www.michael-schumacher.es\/noticias-f1\/2013\/09\/05\/dos-zonas-de-drs-en-el-gp-de-italia\/\" data-text=\"Dos zonas de DRS en el GP de Italia\"  >Tweet<\/a><\/li><li class=\"share-email\"><a rel=\"nofollow noopener noreferrer\" data-shared=\"\" class=\"share-email sd-button\" href=\"http:\/\/www.michael-schumacher.es\/noticias-f1\/2013\/09\/05\/dos-zonas-de-drs-en-el-gp-de-italia\/?share=email\" target=\"_blank\" title=\"Haz clic para enviar por correo electr\u00f3nico a un amigo\"><span>Correo electr\u00f3nico<\/span><\/a><\/li><li class=\"share-end\"><\/li><\/ul><\/div><\/div><\/div>","protected":false},"author":3,"featured_media":0,"comment_status":"open","ping_status":"open","sticky":false,"template":"","format":"standard","meta":{"_monsterinsights_skip_tracking":false,"_monsterinsights_sitenote_active":false,"_monsterinsights_sitenote_note":"","_monsterinsights_sitenote_category":0,"spay_email":"","jetpack_publicize_message":"","jetpack_is_tweetstorm":false,"jetpack_publicize_feature_enabled":true},"categories":[3],"tags":[373,1418,1487,1417,4027,306,17,15,6,8,237,566,1840,4026,238,585],"jetpack_featured_media_url":"","jetpack_publicize_connections":[],"jetpack_sharing_enabled":true,"jetpack_shortlink":"https:\/\/wp.me\/p27q3P-3cl","_links":{"self":[{"href":"http:\/\/www.michael-schumacher.es\/noticias-f1\/wp-json\/wp\/v2\/posts\/12297"}],"collection":[{"href":"http:\/\/www.michael-schumacher.es\/noticias-f1\/wp-json\/wp\/v2\/posts"}],"about":[{"href":"http:\/\/www.michael-schumacher.es\/noticias-f1\/wp-json\/wp\/v2\/types\/post"}],"author":[{"embeddable":true,"href":"http:\/\/www.michael-schumacher.es\/noticias-f1\/wp-json\/wp\/v2\/users\/3"}],"replies":[{"embeddable":true,"href":"http:\/\/www.michael-schumacher.es\/noticias-f1\/wp-json\/wp\/v2\/comments?post=12297"}],"version-history":[{"count":0,"href":"http:\/\/www.michael-schumacher.es\/noticias-f1\/wp-json\/wp\/v2\/posts\/12297\/revisions"}],"wp:attachment":[{"href":"http:\/\/www.michael-schumacher.es\/noticias-f1\/wp-json\/wp\/v2\/media?parent=12297"}],"wp:term":[{"taxonomy":"category","embeddable":true,"href":"http:\/\/www.michael-schumacher.es\/noticias-f1\/wp-json\/wp\/v2\/categories?post=12297"},{"taxonomy":"post_tag","embeddable":true,"href":"http:\/\/www.michael-schumacher.es\/noticias-f1\/wp-json\/wp\/v2\/tags?post=12297"}],"curies":[{"name":"wp","href":"https:\/\/api.w.org\/{rel}","templated":true}]}}