{"id":12314,"date":"2013-09-06T01:21:47","date_gmt":"2013-09-05T23:21:47","guid":{"rendered":"http:\/\/www.michael-schumacher.es\/noticias-f1\/?p=12314"},"modified":"2013-09-06T01:21:47","modified_gmt":"2013-09-05T23:21:47","slug":"vettel-sobre-ricciardo-no-me-quiero-casar-con-el","status":"publish","type":"post","link":"http:\/\/www.michael-schumacher.es\/noticias-f1\/2013\/09\/06\/vettel-sobre-ricciardo-no-me-quiero-casar-con-el\/","title":{"rendered":"Vettel sobre Ricciardo: \u201cNo me quiero casar con el\u201d"},"content":{"rendered":"<p><a href=\"http:\/\/www.michael-schumacher.es\/noticias-f1\/wp-content\/uploads\/2013\/03\/sebastian_vettel_test-bcn-2013_david-sarro.jpg\"><img loading=\"lazy\" class=\"alignleft\" alt=\"Sebastian Vettel Test BCN 2013 David Sarr\u00f3\" src=\"http:\/\/www.michael-schumacher.es\/noticias-f1\/wp-content\/uploads\/2013\/03\/sebastian_vettel_test-bcn-2013_david-sarro.jpg\" width=\"200\" height=\"133\" \/><\/a>Sebastian Vettel\u00a0 como todos sabemos ya, va a estrenar compa\u00f1ero en 2014, tras convertirse en el culebr\u00f3n del verano por fin se desvel\u00f3 el misterio, sin sorpresas su nuevo compa\u00f1ero es Daniel Ricciardo y como es natural, ahora le llueven las preguntas a Vettel sobre \u00e9l, aunque el alem\u00e1n no tiene mucho que decir ya que dice que no lo conoce muy bien y con buen humor dice que como no quiere casarse con \u00e9l, tampoco tiene porqu\u00e9 ser su mejor amigo.<\/p>\n<p><!--more--> <!--noteaser--><\/p>\n<p><a href=\"http:\/\/www.michael-schumacher.es\/noticias-f1\/wp-content\/uploads\/2013\/03\/sebastian_vettel_test-bcn-2013_david-sarro.jpg\"><img loading=\"lazy\" class=\"aligncenter size-full wp-image-8377\" alt=\"Sebastian Vettel Test BCN 2013 David Sarr\u00f3\" src=\"http:\/\/www.michael-schumacher.es\/noticias-f1\/wp-content\/uploads\/2013\/03\/sebastian_vettel_test-bcn-2013_david-sarro.jpg\" width=\"650\" height=\"433\" srcset=\"http:\/\/www.michael-schumacher.es\/noticias-f1\/wp-content\/uploads\/2013\/03\/sebastian_vettel_test-bcn-2013_david-sarro.jpg 650w, http:\/\/www.michael-schumacher.es\/noticias-f1\/wp-content\/uploads\/2013\/03\/sebastian_vettel_test-bcn-2013_david-sarro-300x199.jpg 300w\" sizes=\"(max-width: 650px) 100vw, 650px\" \/><\/a><\/p>\n<p>&nbsp;<\/p>\n<p>Sebastian Vettel\u00a0 como todos sabemos ya, va a estrenar compa\u00f1ero en 2014, tras convertirse en el culebr\u00f3n del verano por fin se desvel\u00f3 el misterio, sin sorpresas su nuevo compa\u00f1ero es Daniel Ricciardo y como es natural, ahora le llueven las preguntas a Vettel sobre \u00e9l, aunque el alem\u00e1n no tiene mucho que decir ya que dice que no lo conoce muy bien y con buen humor dice que como no quiere casarse con \u00e9l, tampoco tiene porqu\u00e9 ser su mejor amigo.<\/p>\n<p>&nbsp;<\/p>\n<p>Respecto a juzgar el talento de Ricciardo, Sebastian Vettel tampoco se arriesga mucho, ya que considera que no ha tenido un coche con el que sumar puntos con regularidad, por lo que es dif\u00edcil de decir. Recordemos que Daniel Ricciardo piloto de Toro Rosso ha sumado 22 puntos en su carrera en la F1. Sobre Mark Webber reconoce que no son los mejores amigos pero se respetan en la pista.<\/p>\n<p>&nbsp;<\/p>\n<p>As\u00ed pues de Ricciardo al que todav\u00eda Sebastian Vettel no conoce muy bien, cree que se llevaran bien:<strong> \u201cEs un tipo diferente. No le conozco todav\u00eda muy bien. No quiero casarme con \u00e9l, as\u00ed que no tengo que ser su mejor amigo, pero creo que nos llevaremos bien\u201d.<\/strong><\/p>\n<p>&nbsp;<\/p>\n<p>Adem\u00e1s Vettel tampoco se arriesga a valorarlo como piloto todav\u00eda: <strong>\u201cEs dif\u00edcil de decir, porque de momento no est\u00e1 en un coche que le permita sumar puntos con regularidad y no nos movemos en la misma zona de las carreras\u201d.<\/strong><\/p>\n<p>&nbsp;<\/p>\n<p>Aunque a su manera sebastian Vettel rompe una lanza por Ricciardo y los pilotos que no tienen un coche demasiado competitivo: <strong>\u201cLa gente probablemente tenga la opini\u00f3n de que los conductores que se encuentran en un coche medio y que est\u00e9n en el centro de la clasificaci\u00f3n, por lo general, no est\u00e1n al mismo nivel que los conductores de la parte delantera. Creo que, en general, probablemente sea as\u00ed, pero \u00bfc\u00f3mo se consigue dar un paso adelante si nunca tienes una oportunidad? Es un gran momento para \u00e9l. Mirando hacia atr\u00e1s, yo mismo tuve la suerte de demostrar mi val\u00eda. \u00c9l har\u00e1 todo lo posible para tratar de vencer a m\u00ed. Tengo otro australiano que trata de complicar mi vida&#8230; \u201c.<\/strong><\/p>\n<p>&nbsp;<\/p>\n<p>Sobre Mark Webber repite que se respetan en la pista como pilotos:<strong> \u201cTodo lo que diga sobre la relaci\u00f3n que actualmente tengo con Mark va a sonar mal. Nosotros no somos los mejores amigos. Pero nos respetamos tanto como los dem\u00e1s en la pista como pilotos y profesionales.\u201d<\/strong><\/p>\n<p>&nbsp;<\/p>\n<p><strong>Imagen:<\/strong> David Sarr\u00f3<\/p>\n<div class=\"sharedaddy sd-sharing-enabled\"><div class=\"robots-nocontent sd-block sd-social sd-social-official sd-sharing\"><h3 class=\"sd-title\">Opciones Sociales:<\/h3><div class=\"sd-content\"><ul><li class=\"share-facebook\"><div class=\"fb-share-button\" data-href=\"http:\/\/www.michael-schumacher.es\/noticias-f1\/2013\/09\/06\/vettel-sobre-ricciardo-no-me-quiero-casar-con-el\/\" data-layout=\"button_count\"><\/div><\/li><li class=\"share-twitter\"><a href=\"https:\/\/twitter.com\/share\" class=\"twitter-share-button\" data-url=\"http:\/\/www.michael-schumacher.es\/noticias-f1\/2013\/09\/06\/vettel-sobre-ricciardo-no-me-quiero-casar-con-el\/\" data-text=\"Vettel sobre Ricciardo: \u201cNo me quiero casar con el\u201d\"  >Tweet<\/a><\/li><li class=\"share-email\"><a rel=\"nofollow noopener noreferrer\" data-shared=\"\" class=\"share-email sd-button\" href=\"http:\/\/www.michael-schumacher.es\/noticias-f1\/2013\/09\/06\/vettel-sobre-ricciardo-no-me-quiero-casar-con-el\/?share=email\" target=\"_blank\" title=\"Haz clic para enviar por correo electr\u00f3nico a un amigo\"><span>Correo electr\u00f3nico<\/span><\/a><\/li><li class=\"share-end\"><\/li><\/ul><\/div><\/div><\/div>","protected":false},"excerpt":{"rendered":"<p>Sebastian Vettel\u00a0 como todos sabemos ya, va a estrenar compa\u00f1ero en 2014, tras convertirse en el culebr\u00f3n del verano por fin se desvel\u00f3 el misterio, sin sorpresas su nuevo compa\u00f1ero es Daniel Ricciardo y como es natural, ahora le llueven las preguntas a Vettel sobre \u00e9l, aunque el alem\u00e1n no tiene mucho que decir ya [&hellip;]<\/p>\n<div class=\"sharedaddy sd-sharing-enabled\"><div class=\"robots-nocontent sd-block sd-social sd-social-official sd-sharing\"><h3 class=\"sd-title\">Opciones Sociales:<\/h3><div class=\"sd-content\"><ul><li class=\"share-facebook\"><div class=\"fb-share-button\" data-href=\"http:\/\/www.michael-schumacher.es\/noticias-f1\/2013\/09\/06\/vettel-sobre-ricciardo-no-me-quiero-casar-con-el\/\" data-layout=\"button_count\"><\/div><\/li><li class=\"share-twitter\"><a href=\"https:\/\/twitter.com\/share\" class=\"twitter-share-button\" data-url=\"http:\/\/www.michael-schumacher.es\/noticias-f1\/2013\/09\/06\/vettel-sobre-ricciardo-no-me-quiero-casar-con-el\/\" data-text=\"Vettel sobre Ricciardo: \u201cNo me quiero casar con el\u201d\"  >Tweet<\/a><\/li><li class=\"share-email\"><a rel=\"nofollow noopener noreferrer\" data-shared=\"\" class=\"share-email sd-button\" href=\"http:\/\/www.michael-schumacher.es\/noticias-f1\/2013\/09\/06\/vettel-sobre-ricciardo-no-me-quiero-casar-con-el\/?share=email\" target=\"_blank\" title=\"Haz clic para enviar por correo electr\u00f3nico a un amigo\"><span>Correo electr\u00f3nico<\/span><\/a><\/li><li class=\"share-end\"><\/li><\/ul><\/div><\/div><\/div>","protected":false},"author":3,"featured_media":0,"comment_status":"open","ping_status":"open","sticky":false,"template":"","format":"standard","meta":{"_monsterinsights_skip_tracking":false,"_monsterinsights_sitenote_active":false,"_monsterinsights_sitenote_note":"","_monsterinsights_sitenote_category":0,"spay_email":"","jetpack_publicize_message":"","jetpack_is_tweetstorm":false,"jetpack_publicize_feature_enabled":true},"categories":[3],"tags":[373,3092,4034,766,101,17,15,557,4037,72,4036,4035,102,71,238,1944,30,73],"jetpack_featured_media_url":"","jetpack_publicize_connections":[],"jetpack_sharing_enabled":true,"jetpack_shortlink":"https:\/\/wp.me\/p27q3P-3cC","_links":{"self":[{"href":"http:\/\/www.michael-schumacher.es\/noticias-f1\/wp-json\/wp\/v2\/posts\/12314"}],"collection":[{"href":"http:\/\/www.michael-schumacher.es\/noticias-f1\/wp-json\/wp\/v2\/posts"}],"about":[{"href":"http:\/\/www.michael-schumacher.es\/noticias-f1\/wp-json\/wp\/v2\/types\/post"}],"author":[{"embeddable":true,"href":"http:\/\/www.michael-schumacher.es\/noticias-f1\/wp-json\/wp\/v2\/users\/3"}],"replies":[{"embeddable":true,"href":"http:\/\/www.michael-schumacher.es\/noticias-f1\/wp-json\/wp\/v2\/comments?post=12314"}],"version-history":[{"count":0,"href":"http:\/\/www.michael-schumacher.es\/noticias-f1\/wp-json\/wp\/v2\/posts\/12314\/revisions"}],"wp:attachment":[{"href":"http:\/\/www.michael-schumacher.es\/noticias-f1\/wp-json\/wp\/v2\/media?parent=12314"}],"wp:term":[{"taxonomy":"category","embeddable":true,"href":"http:\/\/www.michael-schumacher.es\/noticias-f1\/wp-json\/wp\/v2\/categories?post=12314"},{"taxonomy":"post_tag","embeddable":true,"href":"http:\/\/www.michael-schumacher.es\/noticias-f1\/wp-json\/wp\/v2\/tags?post=12314"}],"curies":[{"name":"wp","href":"https:\/\/api.w.org\/{rel}","templated":true}]}}