{"id":12464,"date":"2013-09-11T17:03:03","date_gmt":"2013-09-11T15:03:03","guid":{"rendered":"http:\/\/www.michael-schumacher.es\/noticias-f1\/?p=12464"},"modified":"2013-09-11T17:03:03","modified_gmt":"2013-09-11T15:03:03","slug":"kimi-raikkonen-confirmado-en-ferrari-por-dos-temporadas","status":"publish","type":"post","link":"http:\/\/www.michael-schumacher.es\/noticias-f1\/2013\/09\/11\/kimi-raikkonen-confirmado-en-ferrari-por-dos-temporadas\/","title":{"rendered":"Kimi Raikkonen confirmado en Ferrari por dos temporadas"},"content":{"rendered":"<p><a href=\"http:\/\/www.michael-schumacher.es\/noticias-f1\/wp-content\/uploads\/2013\/04\/kimi_raikkonen_2_test-bcn-2013_david-sarro.jpg\"><img loading=\"lazy\" class=\"alignleft\" alt=\"Kimi Raikkonen 2 - Test Barcelona 2013 - David Sarr\u00f3\" src=\"http:\/\/www.michael-schumacher.es\/noticias-f1\/wp-content\/uploads\/2013\/04\/kimi_raikkonen_2_test-bcn-2013_david-sarro.jpg\" width=\"199\" height=\"132\" \/><\/a>Kimi Raikkonen campe\u00f3n del mundo en 2007 con Ferrari vuelve a fichar por la scuderia, como ya inform\u00e1bamos ayer, era una noticia esperada por todos. Aunque en un principio fue un rumor sorpresa y parec\u00eda poco probable que Ferrari fuera contra su pol\u00edtica de no tener dos pilotos muy fuertes juntos, los rumores en los \u00faltimos d\u00edas arreciaron, el diario BILD p\u00fablico ayer que hoy se confirmar\u00eda ya que ya hab\u00eda sido firmado y tras el anuncio de la salida de Felipe Massa ya parec\u00eda evidente, y as\u00ed era, ya es oficial Kimi Raikkonen y Fernando Alonso har\u00e1n equipo en 2014 para Ferrari, convirtiendo la scuderia, probablemente en el equipo m\u00e1s fuerte.<\/p>\n<p><!--more--> <!--noteaser--><\/p>\n<p><a href=\"http:\/\/www.michael-schumacher.es\/noticias-f1\/wp-content\/uploads\/2013\/04\/kimi_raikkonen_2_test-bcn-2013_david-sarro.jpg\"><img loading=\"lazy\" class=\"aligncenter size-full wp-image-9350\" alt=\"Kimi Raikkonen 2 - Test Barcelona 2013 - David Sarr\u00f3\" src=\"http:\/\/www.michael-schumacher.es\/noticias-f1\/wp-content\/uploads\/2013\/04\/kimi_raikkonen_2_test-bcn-2013_david-sarro.jpg\" width=\"650\" height=\"433\" srcset=\"http:\/\/www.michael-schumacher.es\/noticias-f1\/wp-content\/uploads\/2013\/04\/kimi_raikkonen_2_test-bcn-2013_david-sarro.jpg 650w, http:\/\/www.michael-schumacher.es\/noticias-f1\/wp-content\/uploads\/2013\/04\/kimi_raikkonen_2_test-bcn-2013_david-sarro-300x199.jpg 300w\" sizes=\"(max-width: 650px) 100vw, 650px\" \/><\/a><\/p>\n<p>&nbsp;<\/p>\n<p>&nbsp;<\/p>\n<p>Kimi Raikkonen campe\u00f3n del mundo en 2007 con Ferrari vuelve a fichar por la scuderia, como ya inform\u00e1bamos ayer, era una noticia esperada por todos. Aunque en un principio fue un rumor sorpresa y parec\u00eda poco probable que Ferrari fuera contra su pol\u00edtica de no tener dos pilotos muy fuertes juntos, los rumores en los \u00faltimos d\u00edas arreciaron, el diario BILD p\u00fablico ayer que hoy se confirmar\u00eda ya que ya hab\u00eda sido firmado y tras el anuncio de la salida de Felipe Massa ya parec\u00eda evidente, y as\u00ed era, ya es oficial Kimi Raikkonen y Fernando Alonso har\u00e1n equipo en 2014 para Ferrari, convirtiendo la scuderia, probablemente en el equipo m\u00e1s fuerte.<\/p>\n<p>&nbsp;<\/p>\n<p>Asi daba la bienvenida y anunciaba Ferrari en su p\u00e1gina Web oficial el fichaje de Kimi Raikkonen: <strong>\u201cBienvenido de nuevo, Kimi!. La Scuderia Ferrari ha anunciado que ha alcanzado un acuerdo con Kimi Raikkonen. El finland\u00e9s se unir\u00e1 a Fernando Alonso en la alineaci\u00f3n de pilotos para las pr\u00f3ximas dos temporadas de carreras\u201d.<\/strong><\/p>\n<p>&nbsp;<\/p>\n<p>Kimi Raikkonen tambi\u00e9n confirm\u00f3 el fichaje y su regreso tras cuatro a\u00f1os al equipo rojo, en la web de Ferrari:<strong> \u201cEstoy muy contento de volver a Maranello donde antes estuve tres fant\u00e1sticos y muy exitosos a\u00f1os.Tengo muchos recuerdos de mi \u00e9poca en Ferrari, recuerdos que se han quedado conmigo estos \u00faltimos a\u00f1os, en primer lugar, ganando el Campeonato del Mundo en 2007, lo cual fue realmente inolvidable. No puedo esperar a conducir un coche Cavallino Rampante de nuevo y reencontrarme con tanta gente con la que he tenido esos v\u00ednculos estrechos, as\u00ed como trabajar con Fernando, a quien considero un gran piloto, a fin de dar al equipo el \u00e9xito que se merece\u201d. <\/strong><\/p>\n<p>&nbsp;<\/p>\n<p>Stefano Domenicali tambi\u00e9n se despide de Felipe Massa recordando que siempre ser\u00e1 parte de Ferrari:\u00a0 <strong>\u201cDeseo agradecer a Felipe con todo mi coraz\u00f3n y tambi\u00e9n en nombre de todos nuestros fans de todo el mundo, por el extraordinario trabajo que ha hecho por el equipo durante tantos a\u00f1os. Felipe siempre se ha comportado como un verdadero jugador de equipo. Juntos hemos vivido muy buenos momentos y tambi\u00e9n algunos momentos dram\u00e1ticos, que han contribuido a cimentar una relaci\u00f3n \u00fanica, tanto a nivel profesional como personal. \u00c9l siempre ser\u00e1 parte de nuestra familia y le deseamos todo lo mejor para el futuro. Ahora debemos concentrar todos nuestros esfuerzos en las siete carreras restantes de la temporada y sabemos que, como siempre, podemos contar con la contribuci\u00f3n de Felipe, mientras trabajamos juntos para alcanzar nuestros objetivos.\u201d<\/strong><\/p>\n<p>&nbsp;<\/p>\n<p>Domenicali da la bienvenida a Kimi Raikkonen: <strong>\u201cMe complace dar la bienvenida a Kimi de nuevo a la Scuderia, el equipo con el que gan\u00f3 el t\u00edtulo mundial. Tengo la sensaci\u00f3n de que esta muy contento de regresar a Maranello y muy decidido a afrontar el trabajo que le espera en la mejor manera posible.\u201d <\/strong><\/p>\n<p>&nbsp;<\/p>\n<p>Fernando Alonso tambi\u00e9n ha tenido primero unas palabras de agradecimiento y despedida a su compa\u00f1ero de los \u00faltimos a\u00f1os, con pesar por despedirlo:\u00a0<strong> \u201cQuiero dar las gracias a Felipe por todo el apoyo que me ha dado y el equipo durante este viaje que hemos hecho juntos durante todos estos a\u00f1os. Llegado el final de la temporada, no ser\u00e1 f\u00e1cil decir adi\u00f3s a un compa\u00f1ero como \u00e9l. \u00c9l siempre ha sido muy profesional y leal al equipo y estoy seguro de que hasta el final, que har\u00e1 todo lo posible para que la Scuderia que \u00e9l tanto ama.\u201d<\/strong><\/p>\n<p>&nbsp;<\/p>\n<p>Alonso tambi\u00e9n ha querido dar la bienvenida a Kimi Raikkonen, su nuevo compa\u00f1ero: <strong>\u201cMe gustar\u00eda dar la bienvenida a mi nuevo compa\u00f1ero de viaje: en conjunto, a partir del pr\u00f3ximo a\u00f1o, vamos a tener que hacer frente a un reto t\u00e9cnico y carreras muy exigentes.\u201d<\/strong><\/p>\n<p>&nbsp;<\/p>\n<p><strong>Imagen:<\/strong> David Sarr\u00f3<\/p>\n<div class=\"sharedaddy sd-sharing-enabled\"><div class=\"robots-nocontent sd-block sd-social sd-social-official sd-sharing\"><h3 class=\"sd-title\">Opciones Sociales:<\/h3><div class=\"sd-content\"><ul><li class=\"share-facebook\"><div class=\"fb-share-button\" data-href=\"http:\/\/www.michael-schumacher.es\/noticias-f1\/2013\/09\/11\/kimi-raikkonen-confirmado-en-ferrari-por-dos-temporadas\/\" data-layout=\"button_count\"><\/div><\/li><li class=\"share-twitter\"><a href=\"https:\/\/twitter.com\/share\" class=\"twitter-share-button\" data-url=\"http:\/\/www.michael-schumacher.es\/noticias-f1\/2013\/09\/11\/kimi-raikkonen-confirmado-en-ferrari-por-dos-temporadas\/\" data-text=\"Kimi Raikkonen confirmado en Ferrari por dos temporadas\"  >Tweet<\/a><\/li><li class=\"share-email\"><a rel=\"nofollow noopener noreferrer\" data-shared=\"\" class=\"share-email sd-button\" href=\"http:\/\/www.michael-schumacher.es\/noticias-f1\/2013\/09\/11\/kimi-raikkonen-confirmado-en-ferrari-por-dos-temporadas\/?share=email\" target=\"_blank\" title=\"Haz clic para enviar por correo electr\u00f3nico a un amigo\"><span>Correo electr\u00f3nico<\/span><\/a><\/li><li class=\"share-end\"><\/li><\/ul><\/div><\/div><\/div>","protected":false},"excerpt":{"rendered":"<p>Kimi Raikkonen campe\u00f3n del mundo en 2007 con Ferrari vuelve a fichar por la scuderia, como ya inform\u00e1bamos ayer, era una noticia esperada por todos. Aunque en un principio fue un rumor sorpresa y parec\u00eda poco probable que Ferrari fuera contra su pol\u00edtica de no tener dos pilotos muy fuertes juntos, los rumores en los [&hellip;]<\/p>\n<div class=\"sharedaddy sd-sharing-enabled\"><div class=\"robots-nocontent sd-block sd-social sd-social-official sd-sharing\"><h3 class=\"sd-title\">Opciones Sociales:<\/h3><div class=\"sd-content\"><ul><li class=\"share-facebook\"><div class=\"fb-share-button\" data-href=\"http:\/\/www.michael-schumacher.es\/noticias-f1\/2013\/09\/11\/kimi-raikkonen-confirmado-en-ferrari-por-dos-temporadas\/\" data-layout=\"button_count\"><\/div><\/li><li class=\"share-twitter\"><a href=\"https:\/\/twitter.com\/share\" class=\"twitter-share-button\" data-url=\"http:\/\/www.michael-schumacher.es\/noticias-f1\/2013\/09\/11\/kimi-raikkonen-confirmado-en-ferrari-por-dos-temporadas\/\" data-text=\"Kimi Raikkonen confirmado en Ferrari por dos temporadas\"  >Tweet<\/a><\/li><li class=\"share-email\"><a rel=\"nofollow noopener noreferrer\" data-shared=\"\" class=\"share-email sd-button\" href=\"http:\/\/www.michael-schumacher.es\/noticias-f1\/2013\/09\/11\/kimi-raikkonen-confirmado-en-ferrari-por-dos-temporadas\/?share=email\" target=\"_blank\" title=\"Haz clic para enviar por correo electr\u00f3nico a un amigo\"><span>Correo electr\u00f3nico<\/span><\/a><\/li><li class=\"share-end\"><\/li><\/ul><\/div><\/div><\/div>","protected":false},"author":3,"featured_media":0,"comment_status":"open","ping_status":"open","sticky":false,"template":"","format":"standard","meta":{"_monsterinsights_skip_tracking":false,"_monsterinsights_sitenote_active":false,"_monsterinsights_sitenote_note":"","_monsterinsights_sitenote_category":0,"spay_email":"","jetpack_publicize_message":"","jetpack_is_tweetstorm":false,"jetpack_publicize_feature_enabled":true},"categories":[3],"tags":[373,758,105,25,1257,4061,17,106,104,141,4060,387,271,15,557,81,108,354,24,195,357,1126,238],"jetpack_featured_media_url":"","jetpack_publicize_connections":[],"jetpack_sharing_enabled":true,"jetpack_shortlink":"https:\/\/wp.me\/p27q3P-3f2","_links":{"self":[{"href":"http:\/\/www.michael-schumacher.es\/noticias-f1\/wp-json\/wp\/v2\/posts\/12464"}],"collection":[{"href":"http:\/\/www.michael-schumacher.es\/noticias-f1\/wp-json\/wp\/v2\/posts"}],"about":[{"href":"http:\/\/www.michael-schumacher.es\/noticias-f1\/wp-json\/wp\/v2\/types\/post"}],"author":[{"embeddable":true,"href":"http:\/\/www.michael-schumacher.es\/noticias-f1\/wp-json\/wp\/v2\/users\/3"}],"replies":[{"embeddable":true,"href":"http:\/\/www.michael-schumacher.es\/noticias-f1\/wp-json\/wp\/v2\/comments?post=12464"}],"version-history":[{"count":0,"href":"http:\/\/www.michael-schumacher.es\/noticias-f1\/wp-json\/wp\/v2\/posts\/12464\/revisions"}],"wp:attachment":[{"href":"http:\/\/www.michael-schumacher.es\/noticias-f1\/wp-json\/wp\/v2\/media?parent=12464"}],"wp:term":[{"taxonomy":"category","embeddable":true,"href":"http:\/\/www.michael-schumacher.es\/noticias-f1\/wp-json\/wp\/v2\/categories?post=12464"},{"taxonomy":"post_tag","embeddable":true,"href":"http:\/\/www.michael-schumacher.es\/noticias-f1\/wp-json\/wp\/v2\/tags?post=12464"}],"curies":[{"name":"wp","href":"https:\/\/api.w.org\/{rel}","templated":true}]}}