{"id":12468,"date":"2013-09-13T01:11:22","date_gmt":"2013-09-12T23:11:22","guid":{"rendered":"http:\/\/www.michael-schumacher.es\/noticias-f1\/?p=12468"},"modified":"2013-09-13T01:11:22","modified_gmt":"2013-09-12T23:11:22","slug":"domenicali-ha-aclarado-que-fichar-a-raikkonen-no-es-anti-alonso","status":"publish","type":"post","link":"http:\/\/www.michael-schumacher.es\/noticias-f1\/2013\/09\/13\/domenicali-ha-aclarado-que-fichar-a-raikkonen-no-es-anti-alonso\/","title":{"rendered":"Domenicali ha aclarado que fichar a Raikkonen no es anti-Alonso"},"content":{"rendered":"<p><a href=\"http:\/\/www.michael-schumacher.es\/noticias-f1\/wp-content\/uploads\/2012\/08\/ferrari-1.jpg\"><img loading=\"lazy\" class=\"alignleft\" alt=\"Ferrari 1 \" src=\"http:\/\/www.michael-schumacher.es\/noticias-f1\/wp-content\/uploads\/2012\/08\/ferrari-1.jpg\" width=\"200\" height=\"133\" \/><\/a>Ferrari ha tomado una decisi\u00f3n extra\u00f1a para muchos, ya que siempre han apostado por tener un piloto fuerte y l\u00edder y otro piloto menos fuerte, asi como en varias ocasiones han dicho que no quer\u00edan dos gallos en el mismo corral, y ahora es justamente lo que han hecho. Por lo que para muchos kimi y Alonso juntos no funcionar\u00e1 y consideran que esta decisi\u00f3n se debe a que el equipo est\u00e1 contra Alonso y confirmar\u00eda la evidente tensi\u00f3n que hemos visto los \u00faltimos meses.<\/p>\n<p><!--more--> <!--noteaser--><\/p>\n<p>&nbsp;<\/p>\n<p><a href=\"http:\/\/www.michael-schumacher.es\/noticias-f1\/wp-content\/uploads\/2012\/08\/ferrari-1.jpg\"><img loading=\"lazy\" class=\"aligncenter size-full wp-image-3089\" alt=\"Ferrari 1 \" src=\"http:\/\/www.michael-schumacher.es\/noticias-f1\/wp-content\/uploads\/2012\/08\/ferrari-1.jpg\" width=\"600\" height=\"400\" srcset=\"http:\/\/www.michael-schumacher.es\/noticias-f1\/wp-content\/uploads\/2012\/08\/ferrari-1.jpg 600w, http:\/\/www.michael-schumacher.es\/noticias-f1\/wp-content\/uploads\/2012\/08\/ferrari-1-300x200.jpg 300w\" sizes=\"(max-width: 600px) 100vw, 600px\" \/><\/a><\/p>\n<p>&nbsp;<\/p>\n<p>&nbsp;<\/p>\n<p>Ferrari ha tomado una decisi\u00f3n extra\u00f1a para muchos, ya que siempre han apostado por tener un piloto fuerte y l\u00edder y otro piloto menos fuerte, asi como en varias ocasiones han dicho que no quer\u00edan dos gallos en el mismo corral, y ahora es justamente lo que han hecho. Por lo que para muchos kimi y Alonso juntos no funcionar\u00e1 y consideran que esta decisi\u00f3n se debe a que el equipo est\u00e1 contra Alonso y confirmar\u00eda la evidente tensi\u00f3n que hemos visto los \u00faltimos meses.<\/p>\n<p>&nbsp;<\/p>\n<p>Sin embargo Stefano Domenicali no considera que tener dos pilotos fuertes vaya a ser un problema, seg\u00fan ha declarado en la web oficial de equipo y no va a cambiar la manera de dirigir el equipo, siempre empiezan en igualdad, hasta que por opciones uno debe ayudar a otro, al menos eso ha declarado: <strong>\u201cNada va a cambiar en la forma en que el equipo es dirigido. Desde nuestros inicios en la F1, nuestros pilotos siempre han comenzado la temporada en igualdad de condiciones. Siempre ha sido as\u00ed y siempre lo ser\u00e1. Despu\u00e9s, si se presenta la opci\u00f3n de que uno deba ayudar al otro seg\u00fan la clasificaci\u00f3n, es l\u00f3gico y justo que suceda. Ha sido as\u00ed en el pasado y en el futuro, como lo demuestran todos los pilotos que ha pilotado un coche rojo. Sucedi\u00f3 en la \u00e9poca de Fangio y Collins y m\u00e1s recientemente con Salo y Irvine, cuando los finlandeses se rindieron su \u00fanica oportunidad de ganar en la F\u00f3rmula 1 para ayudar a su compa\u00f1ero de equipo. Raikkonen fue ayudado por Massa y\u00a0 Felipe con Fernando\u201d<\/strong><\/p>\n<p>&nbsp;<\/p>\n<p>Stefano Domenicali piensa que han conseguido la mejor combinaci\u00f3n que pueden tener a d\u00eda de hoy: <strong>\u201c Dream Team. Yo no tengo la costumbre de so\u00f1ar despierto, porque no est\u00e1 en mi naturaleza hacerlo Fernando y Kimi juntos es lo mejor que podemos tener hoy en d\u00eda en la F\u00f3rmula Uno en t\u00e9rminos de talento, experiencia, competitividad y capacidad de dirigir el desarrollo de un coche\u201d<\/strong><\/p>\n<p>&nbsp;<\/p>\n<p>Tambi\u00e9n ha querido aclarar que fichar a Kimi no es anti Alonso, es lo mejor para el equipo y el inter\u00e9s del equipo esta antes que el de los pilotos:<strong> \u201cEste concepto me recuerda a lo que se dice en el f\u00fatbol, cuando usted tiene demasiados delanteros en el mismo equipo As\u00ed que para todos aquellos que piensan que la elecci\u00f3n de Kimi es de alguna manera una <strong>elecci\u00f3n<\/strong> anti-Alonso , puedo asegurarles: en Ferrari, todo el mundo sabe que los intereses del equipo est\u00e1n primero y luego s\u00f3lo los pilotos. Fernando es un activo importante para nuestro equipo y lo ser\u00e1 por mucho tiempo. Estoy seguro de que es el primero en estar contento con la elecci\u00f3n que se ha hecho para fortalecer nuestro grupo porque \u00e9l es demasiado inteligente como para no entender que un equipo fuerte s\u00f3lo puede ser un beneficio\u201d.<\/strong><\/p>\n<p>&nbsp;<\/p>\n<p>Adem\u00e1s Stefano Domenicali reconoce que Kimi tiene una fama de no ser un gran trabajador y lo que el jefe del equipo Ferrari ha negado, ya que ya trabajaron con \u00e9l y saben c\u00f3mo trabaja:<strong> \u201cYa trabajamos con Kimi durante tres a\u00f1os, entre 2007 y 2009, y nunca tuvimos un problema. Por supuesto que cada uno tiene su propia manera de ser y no se puede esperar que un finland\u00e9s se ponga a contar chistes en italiano o hacerse el gracioso. Honestamente, creo que ser\u00e1 buena la combinaci\u00f3n entre la capacidad expresiva latina y apasionada de Fernando y el estilo &#8216;mol\u00f3n&#8217; (&#8216;cool&#8217;), como dicen los m\u00e1s j\u00f3venes, de Kimi\u201d.<\/strong><\/p>\n<div class=\"sharedaddy sd-sharing-enabled\"><div class=\"robots-nocontent sd-block sd-social sd-social-official sd-sharing\"><h3 class=\"sd-title\">Opciones Sociales:<\/h3><div class=\"sd-content\"><ul><li class=\"share-facebook\"><div class=\"fb-share-button\" data-href=\"http:\/\/www.michael-schumacher.es\/noticias-f1\/2013\/09\/13\/domenicali-ha-aclarado-que-fichar-a-raikkonen-no-es-anti-alonso\/\" data-layout=\"button_count\"><\/div><\/li><li class=\"share-twitter\"><a href=\"https:\/\/twitter.com\/share\" class=\"twitter-share-button\" data-url=\"http:\/\/www.michael-schumacher.es\/noticias-f1\/2013\/09\/13\/domenicali-ha-aclarado-que-fichar-a-raikkonen-no-es-anti-alonso\/\" data-text=\"Domenicali ha aclarado que fichar a Raikkonen no es anti-Alonso\"  >Tweet<\/a><\/li><li class=\"share-email\"><a rel=\"nofollow noopener noreferrer\" data-shared=\"\" class=\"share-email sd-button\" href=\"http:\/\/www.michael-schumacher.es\/noticias-f1\/2013\/09\/13\/domenicali-ha-aclarado-que-fichar-a-raikkonen-no-es-anti-alonso\/?share=email\" target=\"_blank\" title=\"Haz clic para enviar por correo electr\u00f3nico a un amigo\"><span>Correo electr\u00f3nico<\/span><\/a><\/li><li class=\"share-end\"><\/li><\/ul><\/div><\/div><\/div>","protected":false},"excerpt":{"rendered":"<p>Ferrari ha tomado una decisi\u00f3n extra\u00f1a para muchos, ya que siempre han apostado por tener un piloto fuerte y l\u00edder y otro piloto menos fuerte, asi como en varias ocasiones han dicho que no quer\u00edan dos gallos en el mismo corral, y ahora es justamente lo que han hecho. Por lo que para muchos kimi [&hellip;]<\/p>\n<div class=\"sharedaddy sd-sharing-enabled\"><div class=\"robots-nocontent sd-block sd-social sd-social-official sd-sharing\"><h3 class=\"sd-title\">Opciones Sociales:<\/h3><div class=\"sd-content\"><ul><li class=\"share-facebook\"><div class=\"fb-share-button\" data-href=\"http:\/\/www.michael-schumacher.es\/noticias-f1\/2013\/09\/13\/domenicali-ha-aclarado-que-fichar-a-raikkonen-no-es-anti-alonso\/\" data-layout=\"button_count\"><\/div><\/li><li class=\"share-twitter\"><a href=\"https:\/\/twitter.com\/share\" class=\"twitter-share-button\" data-url=\"http:\/\/www.michael-schumacher.es\/noticias-f1\/2013\/09\/13\/domenicali-ha-aclarado-que-fichar-a-raikkonen-no-es-anti-alonso\/\" data-text=\"Domenicali ha aclarado que fichar a Raikkonen no es anti-Alonso\"  >Tweet<\/a><\/li><li class=\"share-email\"><a rel=\"nofollow noopener noreferrer\" data-shared=\"\" class=\"share-email sd-button\" href=\"http:\/\/www.michael-schumacher.es\/noticias-f1\/2013\/09\/13\/domenicali-ha-aclarado-que-fichar-a-raikkonen-no-es-anti-alonso\/?share=email\" target=\"_blank\" title=\"Haz clic para enviar por correo electr\u00f3nico a un amigo\"><span>Correo electr\u00f3nico<\/span><\/a><\/li><li class=\"share-end\"><\/li><\/ul><\/div><\/div><\/div>","protected":false},"author":3,"featured_media":0,"comment_status":"open","ping_status":"open","sticky":false,"template":"","format":"standard","meta":{"_monsterinsights_skip_tracking":false,"_monsterinsights_sitenote_active":false,"_monsterinsights_sitenote_note":"","_monsterinsights_sitenote_category":0,"spay_email":"","jetpack_publicize_message":"","jetpack_is_tweetstorm":false,"jetpack_publicize_feature_enabled":true},"categories":[3],"tags":[758,105,4063,576,1528,107,1373,381,17,106,104,15,81,2815,24,4062,710,357,1093,238],"jetpack_featured_media_url":"","jetpack_publicize_connections":[],"jetpack_sharing_enabled":true,"jetpack_shortlink":"https:\/\/wp.me\/p27q3P-3f6","_links":{"self":[{"href":"http:\/\/www.michael-schumacher.es\/noticias-f1\/wp-json\/wp\/v2\/posts\/12468"}],"collection":[{"href":"http:\/\/www.michael-schumacher.es\/noticias-f1\/wp-json\/wp\/v2\/posts"}],"about":[{"href":"http:\/\/www.michael-schumacher.es\/noticias-f1\/wp-json\/wp\/v2\/types\/post"}],"author":[{"embeddable":true,"href":"http:\/\/www.michael-schumacher.es\/noticias-f1\/wp-json\/wp\/v2\/users\/3"}],"replies":[{"embeddable":true,"href":"http:\/\/www.michael-schumacher.es\/noticias-f1\/wp-json\/wp\/v2\/comments?post=12468"}],"version-history":[{"count":0,"href":"http:\/\/www.michael-schumacher.es\/noticias-f1\/wp-json\/wp\/v2\/posts\/12468\/revisions"}],"wp:attachment":[{"href":"http:\/\/www.michael-schumacher.es\/noticias-f1\/wp-json\/wp\/v2\/media?parent=12468"}],"wp:term":[{"taxonomy":"category","embeddable":true,"href":"http:\/\/www.michael-schumacher.es\/noticias-f1\/wp-json\/wp\/v2\/categories?post=12468"},{"taxonomy":"post_tag","embeddable":true,"href":"http:\/\/www.michael-schumacher.es\/noticias-f1\/wp-json\/wp\/v2\/tags?post=12468"}],"curies":[{"name":"wp","href":"https:\/\/api.w.org\/{rel}","templated":true}]}}