{"id":12475,"date":"2013-09-13T03:23:26","date_gmt":"2013-09-13T01:23:26","guid":{"rendered":"http:\/\/www.michael-schumacher.es\/noticias-f1\/?p=12475"},"modified":"2013-09-13T03:23:26","modified_gmt":"2013-09-13T01:23:26","slug":"maldonado-desea-un-gran-premio-en-venezuela","status":"publish","type":"post","link":"http:\/\/www.michael-schumacher.es\/noticias-f1\/2013\/09\/13\/maldonado-desea-un-gran-premio-en-venezuela\/","title":{"rendered":"Maldonado desea un Gran Premio en Venezuela"},"content":{"rendered":"<p><a href=\"http:\/\/www.michael-schumacher.es\/noticias-f1\/wp-content\/uploads\/2013\/03\/pastor_maldonado_test-bcn-2013_david-sarro.jpg\"><img loading=\"lazy\" class=\"alignleft\" alt=\"pastor_maldonado_test-bcn-2013_david-sarro\" src=\"http:\/\/www.michael-schumacher.es\/noticias-f1\/wp-content\/uploads\/2013\/03\/pastor_maldonado_test-bcn-2013_david-sarro.jpg\" width=\"200\" height=\"133\" \/><\/a>Pastor Maldonado el piloto venezolano de Williams se ha animado con el retorno al calendario de F1 de M\u00e9xico al que le desea mucho \u00e9xito y espera que esto aumente las posibilidades de poder celebrar tambi\u00e9n un GP en Venezuela, ya que su pa\u00eds est\u00e1 aumentando su inter\u00e9s por albergar grandes evento deportivos internacionales, como ya acogieron la Copa Am\u00e9rica de f\u00fatbol en 2011.<br \/>\n<!--more--> <!--noteaser--><\/p>\n<p><a href=\"http:\/\/www.michael-schumacher.es\/noticias-f1\/wp-content\/uploads\/2013\/03\/pastor_maldonado_test-bcn-2013_david-sarro.jpg\"><img loading=\"lazy\" class=\"aligncenter size-full wp-image-8155\" alt=\"pastor_maldonado_test-bcn-2013_david-sarro\" src=\"http:\/\/www.michael-schumacher.es\/noticias-f1\/wp-content\/uploads\/2013\/03\/pastor_maldonado_test-bcn-2013_david-sarro.jpg\" width=\"650\" height=\"433\" srcset=\"http:\/\/www.michael-schumacher.es\/noticias-f1\/wp-content\/uploads\/2013\/03\/pastor_maldonado_test-bcn-2013_david-sarro.jpg 650w, http:\/\/www.michael-schumacher.es\/noticias-f1\/wp-content\/uploads\/2013\/03\/pastor_maldonado_test-bcn-2013_david-sarro-300x199.jpg 300w\" sizes=\"(max-width: 650px) 100vw, 650px\" \/><\/a><\/p>\n<p>&nbsp;<\/p>\n<p>Pastor Maldonado el piloto venezolano de Williams se ha animado con el retorno al calendario de F1 de M\u00e9xico al que le desea mucho \u00e9xito y espera que esto aumente las posibilidades de poder celebrar tambi\u00e9n un GP en Venezuela, ya que su pa\u00eds est\u00e1 aumentando su inter\u00e9s por albergar grandes evento deportivos internacionales, como ya acogieron la Copa Am\u00e9rica de f\u00fatbol en 2011.<\/p>\n<p>&nbsp;<\/p>\n<p>Pastor Maldonado desea el \u00e9xito en M\u00e9xico y sue\u00f1a en un Gran Premio en Venezuela, seg\u00fan declar\u00f3 en Autosport:<strong> \u201cM\u00e9xico es un mercado muy bueno para el deporte, hay muchos fans y no tengo ninguna duda de que este evento sea un \u00e9xito. Esto se debe a que est\u00e1 cerca de Venezuela, \u00bfpor qu\u00e9 no una carrera futura en mi pa\u00eds, todo es posible, ya ver c\u00f3mo el GP de M\u00e9xico va y luego ya veremos lo que se\u00a0 puede hacer\u201d.<\/strong><\/p>\n<p>&nbsp;<\/p>\n<p>Sin duda un Gran Premio en Venezuela es una idea planteada desde que Pastor Maldonado est\u00e1 en F1, con el apoyo de PDVSA, la petrolera Venezolana, pero nunca se ha hablado de un proyecto en firme, Maldonado espera que tras el \u00e9xito de M\u00e9xico pudiera ser posible:<strong> \u201cHay buenos planes para construir un circuito, pero no hay nada concreto a\u00fan. Una vez m\u00e1s, hay que esperar para ver c\u00f3mo M\u00e9xico ser\u00e1 un \u00e9xito. Si este es el caso, tal vez mi pa\u00eds tiene algo que ofrecer. Pero es una gran inversi\u00f3n para poder acoger la F\u00f3rmula 1 en los pr\u00f3ximos a\u00f1os. Hay que pensar en los grandes eventos deportivos en Venezuela. Ya ten\u00edamos la Copa Am\u00e9rica de f\u00fatbol en 2011, la cultura del deporte avanza gradualmente. El pa\u00eds invierte mucho y empezamos a acoger campeonatos internacionales\u201d.<\/strong><\/p>\n<p>&nbsp;<\/p>\n<p><strong>Imagen:<\/strong> David Sarr\u00f3<\/p>\n<div class=\"sharedaddy sd-sharing-enabled\"><div class=\"robots-nocontent sd-block sd-social sd-social-official sd-sharing\"><h3 class=\"sd-title\">Opciones Sociales:<\/h3><div class=\"sd-content\"><ul><li class=\"share-facebook\"><div class=\"fb-share-button\" data-href=\"http:\/\/www.michael-schumacher.es\/noticias-f1\/2013\/09\/13\/maldonado-desea-un-gran-premio-en-venezuela\/\" data-layout=\"button_count\"><\/div><\/li><li class=\"share-twitter\"><a href=\"https:\/\/twitter.com\/share\" class=\"twitter-share-button\" data-url=\"http:\/\/www.michael-schumacher.es\/noticias-f1\/2013\/09\/13\/maldonado-desea-un-gran-premio-en-venezuela\/\" data-text=\"Maldonado desea un Gran Premio en Venezuela\"  >Tweet<\/a><\/li><li class=\"share-email\"><a rel=\"nofollow noopener noreferrer\" data-shared=\"\" class=\"share-email sd-button\" href=\"http:\/\/www.michael-schumacher.es\/noticias-f1\/2013\/09\/13\/maldonado-desea-un-gran-premio-en-venezuela\/?share=email\" target=\"_blank\" title=\"Haz clic para enviar por correo electr\u00f3nico a un amigo\"><span>Correo electr\u00f3nico<\/span><\/a><\/li><li class=\"share-end\"><\/li><\/ul><\/div><\/div><\/div>","protected":false},"excerpt":{"rendered":"<p>Pastor Maldonado el piloto venezolano de Williams se ha animado con el retorno al calendario de F1 de M\u00e9xico al que le desea mucho \u00e9xito y espera que esto aumente las posibilidades de poder celebrar tambi\u00e9n un GP en Venezuela, ya que su pa\u00eds est\u00e1 aumentando su inter\u00e9s por albergar grandes evento deportivos internacionales, como [&hellip;]<\/p>\n<div class=\"sharedaddy sd-sharing-enabled\"><div class=\"robots-nocontent sd-block sd-social sd-social-official sd-sharing\"><h3 class=\"sd-title\">Opciones Sociales:<\/h3><div class=\"sd-content\"><ul><li class=\"share-facebook\"><div class=\"fb-share-button\" data-href=\"http:\/\/www.michael-schumacher.es\/noticias-f1\/2013\/09\/13\/maldonado-desea-un-gran-premio-en-venezuela\/\" data-layout=\"button_count\"><\/div><\/li><li class=\"share-twitter\"><a href=\"https:\/\/twitter.com\/share\" class=\"twitter-share-button\" data-url=\"http:\/\/www.michael-schumacher.es\/noticias-f1\/2013\/09\/13\/maldonado-desea-un-gran-premio-en-venezuela\/\" data-text=\"Maldonado desea un Gran Premio en Venezuela\"  >Tweet<\/a><\/li><li class=\"share-email\"><a rel=\"nofollow noopener noreferrer\" data-shared=\"\" class=\"share-email sd-button\" href=\"http:\/\/www.michael-schumacher.es\/noticias-f1\/2013\/09\/13\/maldonado-desea-un-gran-premio-en-venezuela\/?share=email\" target=\"_blank\" title=\"Haz clic para enviar por correo electr\u00f3nico a un amigo\"><span>Correo electr\u00f3nico<\/span><\/a><\/li><li class=\"share-end\"><\/li><\/ul><\/div><\/div><\/div>","protected":false},"author":3,"featured_media":0,"comment_status":"open","ping_status":"open","sticky":false,"template":"","format":"standard","meta":{"_monsterinsights_skip_tracking":false,"_monsterinsights_sitenote_active":false,"_monsterinsights_sitenote_note":"","_monsterinsights_sitenote_category":0,"spay_email":"","jetpack_publicize_message":"","jetpack_is_tweetstorm":false,"jetpack_publicize_feature_enabled":true},"categories":[3],"tags":[373,758,4071,1982,17,15,6,8,97,2929,972,96,238,2950,816,93],"jetpack_featured_media_url":"","jetpack_publicize_connections":[],"jetpack_sharing_enabled":true,"jetpack_shortlink":"https:\/\/wp.me\/p27q3P-3fd","_links":{"self":[{"href":"http:\/\/www.michael-schumacher.es\/noticias-f1\/wp-json\/wp\/v2\/posts\/12475"}],"collection":[{"href":"http:\/\/www.michael-schumacher.es\/noticias-f1\/wp-json\/wp\/v2\/posts"}],"about":[{"href":"http:\/\/www.michael-schumacher.es\/noticias-f1\/wp-json\/wp\/v2\/types\/post"}],"author":[{"embeddable":true,"href":"http:\/\/www.michael-schumacher.es\/noticias-f1\/wp-json\/wp\/v2\/users\/3"}],"replies":[{"embeddable":true,"href":"http:\/\/www.michael-schumacher.es\/noticias-f1\/wp-json\/wp\/v2\/comments?post=12475"}],"version-history":[{"count":0,"href":"http:\/\/www.michael-schumacher.es\/noticias-f1\/wp-json\/wp\/v2\/posts\/12475\/revisions"}],"wp:attachment":[{"href":"http:\/\/www.michael-schumacher.es\/noticias-f1\/wp-json\/wp\/v2\/media?parent=12475"}],"wp:term":[{"taxonomy":"category","embeddable":true,"href":"http:\/\/www.michael-schumacher.es\/noticias-f1\/wp-json\/wp\/v2\/categories?post=12475"},{"taxonomy":"post_tag","embeddable":true,"href":"http:\/\/www.michael-schumacher.es\/noticias-f1\/wp-json\/wp\/v2\/tags?post=12475"}],"curies":[{"name":"wp","href":"https:\/\/api.w.org\/{rel}","templated":true}]}}