{"id":12490,"date":"2013-09-14T04:16:48","date_gmt":"2013-09-14T02:16:48","guid":{"rendered":"http:\/\/www.michael-schumacher.es\/noticias-f1\/?p=12490"},"modified":"2013-09-14T04:16:48","modified_gmt":"2013-09-14T02:16:48","slug":"barrichello-hay-vida-despues-de-ferrari","status":"publish","type":"post","link":"http:\/\/www.michael-schumacher.es\/noticias-f1\/2013\/09\/14\/barrichello-hay-vida-despues-de-ferrari\/","title":{"rendered":"Barrichello: \u00abHay vida despu\u00e9s de Ferrari\u00bb"},"content":{"rendered":"<p><a href=\"http:\/\/www.michael-schumacher.es\/noticias-f1\/wp-content\/uploads\/2012\/12\/rubens_barrichello.jpg\"><img loading=\"lazy\" class=\"alignleft\" alt=\"rubens_barrichello\" src=\"http:\/\/www.michael-schumacher.es\/noticias-f1\/wp-content\/uploads\/2012\/12\/rubens_barrichello.jpg\" width=\"201\" height=\"113\" \/><\/a>Por fin otro de los misterios del verano en la F1 se devel\u00f3 esta semana y Felipe Massa anunci\u00f3 que abandonar\u00eda Ferrari al finalizar esta temporada, para dar paso al retorno de Kimi Raikkonen, \u00faltimo piloto en conseguir el t\u00edtulo con Ferrari. Rubens Barrichello tambi\u00e9n conoce el sentimiento de dejar de correr en Ferrari por lo que ha querido aconsejar a su compatriota Felipe Massa, principalmente que hay vida despu\u00e9s de Ferrari, adem\u00e1s seg\u00fan Barrichello, la parte buena es que la presi\u00f3n es menor en otro equipo que en la Scuderia.<\/p>\n<p><!--more--> <!--noteaser--><\/p>\n<p><a href=\"http:\/\/www.michael-schumacher.es\/noticias-f1\/wp-content\/uploads\/2012\/12\/rubens_barrichello.jpg\"><img loading=\"lazy\" class=\"aligncenter size-full wp-image-7128\" alt=\"rubens_barrichello\" src=\"http:\/\/www.michael-schumacher.es\/noticias-f1\/wp-content\/uploads\/2012\/12\/rubens_barrichello.jpg\" width=\"650\" height=\"366\" srcset=\"http:\/\/www.michael-schumacher.es\/noticias-f1\/wp-content\/uploads\/2012\/12\/rubens_barrichello.jpg 650w, http:\/\/www.michael-schumacher.es\/noticias-f1\/wp-content\/uploads\/2012\/12\/rubens_barrichello-300x168.jpg 300w\" sizes=\"(max-width: 650px) 100vw, 650px\" \/><\/a><\/p>\n<p>&nbsp;<\/p>\n<p>&nbsp;<\/p>\n<p>Por fin otro de los misterios del verano en la F1 se devel\u00f3 esta semana y Felipe Massa anunci\u00f3 que abandonar\u00eda Ferrari al finalizar esta temporada, para dar paso al retorno de Kimi Raikkonen, \u00faltimo piloto en conseguir el t\u00edtulo con Ferrari. Rubens Barrichello tambi\u00e9n conoce el sentimiento de dejar de correr en Ferrari por lo que ha querido aconsejar a su compatriota Felipe Massa, principalmente que hay vida despu\u00e9s de Ferrari, adem\u00e1s seg\u00fan Barrichello, la parte buena es que la presi\u00f3n es menor en otro equipo que en la Scuderia.<\/p>\n<p>&nbsp;<\/p>\n<p>Barrichello piensa que hay m\u00e1s vida sin Ferrari e incluso puede ser mejor y con menor presi\u00f3n, seg\u00fan declar\u00f3 a Total Race: <strong>\u201cMe siento muy mal por Felipe, pero, por otro lado, s\u00e9 muy bien que hay vida despu\u00e9s de Ferrari. Yo soy una prueba, debido a Brawn y todo lo que pas\u00f3 (tras de dejar Ferrari). Todo estaba muy bien, y algunas cosas eran incluso mejor que en Ferrari. Conducir para Ferrari es lo m\u00e1s espectacular que hay, pero en el momento despu\u00e9s de salir de alguna manera es liberador, con menos presi\u00f3n y m\u00e1s libertad en las entrevistas. \u201d<\/strong><\/p>\n<p>&nbsp;<\/p>\n<p>Barrichello, sali\u00f3 de Ferrari para unirse a Honda, despu\u00e9s Brawn GP, donde tuvo un coche competitivo y gan\u00f3 dos carreras finalizando 3\u00ba el campeonato, por lo que la situaci\u00f3n es diferente, pero considera que Massa es un buen piloto y puede pilotar para Lotus:<strong> \u201cHay un momento de dolor, pero hay vida despu\u00e9s de ella. No se puede comparar mi situaci\u00f3n con Felipe, porque decid\u00ed dejar Ferrari ten\u00eda un contrato con Honda. Pero Felipe es un buen piloto y creo que puede conseguir un asiento. O\u00edmos que su mejor oportunidad, la que debe luchar, est\u00e1 en Lotus. En realidad, \u00e9l tiene que ir a donde su coraz\u00f3n le dice que y donde tiene una puerta abierta.\u201d<\/strong><\/p>\n<p>&nbsp;<\/p>\n<div class=\"sharedaddy sd-sharing-enabled\"><div class=\"robots-nocontent sd-block sd-social sd-social-official sd-sharing\"><h3 class=\"sd-title\">Opciones Sociales:<\/h3><div class=\"sd-content\"><ul><li class=\"share-facebook\"><div class=\"fb-share-button\" data-href=\"http:\/\/www.michael-schumacher.es\/noticias-f1\/2013\/09\/14\/barrichello-hay-vida-despues-de-ferrari\/\" data-layout=\"button_count\"><\/div><\/li><li class=\"share-twitter\"><a href=\"https:\/\/twitter.com\/share\" class=\"twitter-share-button\" data-url=\"http:\/\/www.michael-schumacher.es\/noticias-f1\/2013\/09\/14\/barrichello-hay-vida-despues-de-ferrari\/\" data-text=\"Barrichello: &quot;Hay vida despu\u00e9s de Ferrari&quot;\"  >Tweet<\/a><\/li><li class=\"share-email\"><a rel=\"nofollow noopener noreferrer\" data-shared=\"\" class=\"share-email sd-button\" href=\"http:\/\/www.michael-schumacher.es\/noticias-f1\/2013\/09\/14\/barrichello-hay-vida-despues-de-ferrari\/?share=email\" target=\"_blank\" title=\"Haz clic para enviar por correo electr\u00f3nico a un amigo\"><span>Correo electr\u00f3nico<\/span><\/a><\/li><li class=\"share-end\"><\/li><\/ul><\/div><\/div><\/div>","protected":false},"excerpt":{"rendered":"<p>Por fin otro de los misterios del verano en la F1 se devel\u00f3 esta semana y Felipe Massa anunci\u00f3 que abandonar\u00eda Ferrari al finalizar esta temporada, para dar paso al retorno de Kimi Raikkonen, \u00faltimo piloto en conseguir el t\u00edtulo con Ferrari. Rubens Barrichello tambi\u00e9n conoce el sentimiento de dejar de correr en Ferrari por [&hellip;]<\/p>\n<div class=\"sharedaddy sd-sharing-enabled\"><div class=\"robots-nocontent sd-block sd-social sd-social-official sd-sharing\"><h3 class=\"sd-title\">Opciones Sociales:<\/h3><div class=\"sd-content\"><ul><li class=\"share-facebook\"><div class=\"fb-share-button\" data-href=\"http:\/\/www.michael-schumacher.es\/noticias-f1\/2013\/09\/14\/barrichello-hay-vida-despues-de-ferrari\/\" data-layout=\"button_count\"><\/div><\/li><li class=\"share-twitter\"><a href=\"https:\/\/twitter.com\/share\" class=\"twitter-share-button\" data-url=\"http:\/\/www.michael-schumacher.es\/noticias-f1\/2013\/09\/14\/barrichello-hay-vida-despues-de-ferrari\/\" data-text=\"Barrichello: &quot;Hay vida despu\u00e9s de Ferrari&quot;\"  >Tweet<\/a><\/li><li class=\"share-email\"><a rel=\"nofollow noopener noreferrer\" data-shared=\"\" class=\"share-email sd-button\" href=\"http:\/\/www.michael-schumacher.es\/noticias-f1\/2013\/09\/14\/barrichello-hay-vida-despues-de-ferrari\/?share=email\" target=\"_blank\" title=\"Haz clic para enviar por correo electr\u00f3nico a un amigo\"><span>Correo electr\u00f3nico<\/span><\/a><\/li><li class=\"share-end\"><\/li><\/ul><\/div><\/div><\/div>","protected":false},"author":3,"featured_media":0,"comment_status":"open","ping_status":"open","sticky":false,"template":"","format":"standard","meta":{"_monsterinsights_skip_tracking":false,"_monsterinsights_sitenote_active":false,"_monsterinsights_sitenote_note":"","_monsterinsights_sitenote_category":0,"spay_email":"","jetpack_publicize_message":"","jetpack_is_tweetstorm":false,"jetpack_publicize_feature_enabled":true},"categories":[3],"tags":[373,758,2458,4081,4078,17,106,141,15,81,2702,24,2457,4080,2104,357,4077,4079,238,284],"jetpack_featured_media_url":"","jetpack_publicize_connections":[],"jetpack_sharing_enabled":true,"jetpack_shortlink":"https:\/\/wp.me\/p27q3P-3fs","_links":{"self":[{"href":"http:\/\/www.michael-schumacher.es\/noticias-f1\/wp-json\/wp\/v2\/posts\/12490"}],"collection":[{"href":"http:\/\/www.michael-schumacher.es\/noticias-f1\/wp-json\/wp\/v2\/posts"}],"about":[{"href":"http:\/\/www.michael-schumacher.es\/noticias-f1\/wp-json\/wp\/v2\/types\/post"}],"author":[{"embeddable":true,"href":"http:\/\/www.michael-schumacher.es\/noticias-f1\/wp-json\/wp\/v2\/users\/3"}],"replies":[{"embeddable":true,"href":"http:\/\/www.michael-schumacher.es\/noticias-f1\/wp-json\/wp\/v2\/comments?post=12490"}],"version-history":[{"count":0,"href":"http:\/\/www.michael-schumacher.es\/noticias-f1\/wp-json\/wp\/v2\/posts\/12490\/revisions"}],"wp:attachment":[{"href":"http:\/\/www.michael-schumacher.es\/noticias-f1\/wp-json\/wp\/v2\/media?parent=12490"}],"wp:term":[{"taxonomy":"category","embeddable":true,"href":"http:\/\/www.michael-schumacher.es\/noticias-f1\/wp-json\/wp\/v2\/categories?post=12490"},{"taxonomy":"post_tag","embeddable":true,"href":"http:\/\/www.michael-schumacher.es\/noticias-f1\/wp-json\/wp\/v2\/tags?post=12490"}],"curies":[{"name":"wp","href":"https:\/\/api.w.org\/{rel}","templated":true}]}}