{"id":12542,"date":"2013-09-19T08:46:17","date_gmt":"2013-09-19T06:46:17","guid":{"rendered":"http:\/\/www.michael-schumacher.es\/noticias-f1\/?p=12542"},"modified":"2013-09-19T04:54:13","modified_gmt":"2013-09-19T02:54:13","slug":"montezemolo-asegura-que-massa-seguira-ayudando-a-alonso","status":"publish","type":"post","link":"http:\/\/www.michael-schumacher.es\/noticias-f1\/2013\/09\/19\/montezemolo-asegura-que-massa-seguira-ayudando-a-alonso\/","title":{"rendered":"Montezemolo asegura, que Massa seguir\u00e1 ayudando a Alonso"},"content":{"rendered":"<p><a href=\"http:\/\/www.michael-schumacher.es\/noticias-f1\/wp-content\/uploads\/2012\/10\/montezemolo.jpg\"><img loading=\"lazy\" class=\"alignleft\" alt=\"Montezemolo \" src=\"http:\/\/www.michael-schumacher.es\/noticias-f1\/wp-content\/uploads\/2012\/10\/montezemolo.jpg\" width=\"200\" height=\"130\" \/><\/a>Por primera vez parece haber desacuerdos entre Ferrari y Felipe Massa, tras saber que no seguir\u00e1 en el equipo para la pr\u00f3xima temporada, Massa est\u00e1 pensando en su futuro y tanto est\u00e1 en conversaciones con otros equipos, como considera que necesita trabajar para el mismo y obtener resultados personales, algo que le ayudara para obtener el asiento que necesita para seguir en la F1.<\/p>\n<p><!--more--> <!--noteaser--><\/p>\n<p><a href=\"http:\/\/www.michael-schumacher.es\/noticias-f1\/wp-content\/uploads\/2012\/10\/montezemolo.jpg\"><img loading=\"lazy\" class=\"aligncenter size-full wp-image-5127\" alt=\"Montezemolo \" src=\"http:\/\/www.michael-schumacher.es\/noticias-f1\/wp-content\/uploads\/2012\/10\/montezemolo.jpg\" width=\"680\" height=\"444\" srcset=\"http:\/\/www.michael-schumacher.es\/noticias-f1\/wp-content\/uploads\/2012\/10\/montezemolo.jpg 680w, http:\/\/www.michael-schumacher.es\/noticias-f1\/wp-content\/uploads\/2012\/10\/montezemolo-300x195.jpg 300w\" sizes=\"(max-width: 680px) 100vw, 680px\" \/><\/a><\/p>\n<p>&nbsp;<\/p>\n<p>&nbsp;<\/p>\n<p>Por primera vez parece haber desacuerdos entre Ferrari y Felipe Massa, tras saber que no seguir\u00e1 en el equipo para la pr\u00f3xima temporada, Massa est\u00e1 pensando en su futuro y tanto est\u00e1 en conversaciones con otros equipos, como considera que necesita trabajar para el mismo y obtener resultados personales, algo que le ayudara para obtener el asiento que necesita para seguir en la F1.<\/p>\n<p>&nbsp;<\/p>\n<p>Por lo que tal como inform\u00e1bamos ayer Felipe Massa habl\u00f3 sobre su futuro en una entrevista con la cadena TV Globo y manifest\u00f3 su intenci\u00f3n de no seguir ayudando a Fernando Alonso: <strong>\u201cNo. Ahora voy para m\u00ed. Ahora me centro en mi carrera. Estoy mucho m\u00e1s suelto, m\u00e1s libre. Creo que puede ser bueno para m\u00ed\u201d.<\/strong><\/p>\n<p>&nbsp;<\/p>\n<p>Sin embargo Luca di Montezemolo, el presidente de Ferrari no da importancia a esos comentarios y asegura que seguir\u00e1 como siempre ayudando a Alonso y a Ferrari: <strong>\u201c\u00c9l \u00bfrealmente dijo eso?\u00a0 No. No lo creo. Eso no tiene sentido, definitivamente lo har\u00e1, nos ayudar\u00e1 para el campeonato de constructores y ayudar\u00e1 en el campeonato de pilotos a Fernando\u201d.<\/strong><\/p>\n<p>&nbsp;<\/p>\n<p>Adem\u00e1s dijo muy claramente que el equipo iba a apoyar a Fernando Alonso hasta el \u00faltimo metro, as\u00ed que no parece que entre en sus planes que Massa trabaje solo para el mismo:<strong> \u201cFelipe es un gran tipo y una persona maravillosa. Le deseamos un gran final de la temporada, pero el equipo va a apoyar a Alonso hasta el \u00faltimo metro. Tenga en cuenta que s\u00f3lo hay un Red Bull tomando los puntos importantes. Por otra parte tenemos desarrollos para mejorar\u00a0 nuestro desempe\u00f1o\u201d.<\/strong><\/p>\n<p>&nbsp;<\/p>\n<p>Montezemolo tambi\u00e9n aseguro que Alonso estaba al corriente de la contrataci\u00f3n de Raikkonen y est\u00e1 satisfecho con su llegada al equipo: <strong>\u201cFernando ha estado siempre al corriente de la elecci\u00f3n de Raikkonen, porque la alternativa de un joven, en un Mundial tan complejo como el de 2014, no nos daba seguridad. Y Alonso es el primero en estar satisfecho de su llegada\u201d.<\/strong><\/p>\n<p>&nbsp;<\/p>\n<div class=\"sharedaddy sd-sharing-enabled\"><div class=\"robots-nocontent sd-block sd-social sd-social-official sd-sharing\"><h3 class=\"sd-title\">Opciones Sociales:<\/h3><div class=\"sd-content\"><ul><li class=\"share-facebook\"><div class=\"fb-share-button\" data-href=\"http:\/\/www.michael-schumacher.es\/noticias-f1\/2013\/09\/19\/montezemolo-asegura-que-massa-seguira-ayudando-a-alonso\/\" data-layout=\"button_count\"><\/div><\/li><li class=\"share-twitter\"><a href=\"https:\/\/twitter.com\/share\" class=\"twitter-share-button\" data-url=\"http:\/\/www.michael-schumacher.es\/noticias-f1\/2013\/09\/19\/montezemolo-asegura-que-massa-seguira-ayudando-a-alonso\/\" data-text=\"Montezemolo asegura, que Massa seguir\u00e1 ayudando a Alonso\"  >Tweet<\/a><\/li><li class=\"share-email\"><a rel=\"nofollow noopener noreferrer\" data-shared=\"\" class=\"share-email sd-button\" href=\"http:\/\/www.michael-schumacher.es\/noticias-f1\/2013\/09\/19\/montezemolo-asegura-que-massa-seguira-ayudando-a-alonso\/?share=email\" target=\"_blank\" title=\"Haz clic para enviar por correo electr\u00f3nico a un amigo\"><span>Correo electr\u00f3nico<\/span><\/a><\/li><li class=\"share-end\"><\/li><\/ul><\/div><\/div><\/div>","protected":false},"excerpt":{"rendered":"<p>Por primera vez parece haber desacuerdos entre Ferrari y Felipe Massa, tras saber que no seguir\u00e1 en el equipo para la pr\u00f3xima temporada, Massa est\u00e1 pensando en su futuro y tanto est\u00e1 en conversaciones con otros equipos, como considera que necesita trabajar para el mismo y obtener resultados personales, algo que le ayudara para obtener [&hellip;]<\/p>\n<div class=\"sharedaddy sd-sharing-enabled\"><div class=\"robots-nocontent sd-block sd-social sd-social-official sd-sharing\"><h3 class=\"sd-title\">Opciones Sociales:<\/h3><div class=\"sd-content\"><ul><li class=\"share-facebook\"><div class=\"fb-share-button\" data-href=\"http:\/\/www.michael-schumacher.es\/noticias-f1\/2013\/09\/19\/montezemolo-asegura-que-massa-seguira-ayudando-a-alonso\/\" data-layout=\"button_count\"><\/div><\/li><li class=\"share-twitter\"><a href=\"https:\/\/twitter.com\/share\" class=\"twitter-share-button\" data-url=\"http:\/\/www.michael-schumacher.es\/noticias-f1\/2013\/09\/19\/montezemolo-asegura-que-massa-seguira-ayudando-a-alonso\/\" data-text=\"Montezemolo asegura, que Massa seguir\u00e1 ayudando a Alonso\"  >Tweet<\/a><\/li><li class=\"share-email\"><a rel=\"nofollow noopener noreferrer\" data-shared=\"\" class=\"share-email sd-button\" href=\"http:\/\/www.michael-schumacher.es\/noticias-f1\/2013\/09\/19\/montezemolo-asegura-que-massa-seguira-ayudando-a-alonso\/?share=email\" target=\"_blank\" title=\"Haz clic para enviar por correo electr\u00f3nico a un amigo\"><span>Correo electr\u00f3nico<\/span><\/a><\/li><li class=\"share-end\"><\/li><\/ul><\/div><\/div><\/div>","protected":false},"author":3,"featured_media":0,"comment_status":"open","ping_status":"open","sticky":false,"template":"","format":"standard","meta":{"_monsterinsights_skip_tracking":false,"_monsterinsights_sitenote_active":false,"_monsterinsights_sitenote_note":"","_monsterinsights_sitenote_category":0,"spay_email":"","jetpack_publicize_message":"","jetpack_is_tweetstorm":false,"jetpack_publicize_feature_enabled":true},"categories":[3],"tags":[105,2435,4093,544,381,17,106,104,141,15,557,2372,81,1564,270,108,1320,1055,24,357,1863],"jetpack_featured_media_url":"","jetpack_publicize_connections":[],"jetpack_sharing_enabled":true,"jetpack_shortlink":"https:\/\/wp.me\/p27q3P-3gi","_links":{"self":[{"href":"http:\/\/www.michael-schumacher.es\/noticias-f1\/wp-json\/wp\/v2\/posts\/12542"}],"collection":[{"href":"http:\/\/www.michael-schumacher.es\/noticias-f1\/wp-json\/wp\/v2\/posts"}],"about":[{"href":"http:\/\/www.michael-schumacher.es\/noticias-f1\/wp-json\/wp\/v2\/types\/post"}],"author":[{"embeddable":true,"href":"http:\/\/www.michael-schumacher.es\/noticias-f1\/wp-json\/wp\/v2\/users\/3"}],"replies":[{"embeddable":true,"href":"http:\/\/www.michael-schumacher.es\/noticias-f1\/wp-json\/wp\/v2\/comments?post=12542"}],"version-history":[{"count":0,"href":"http:\/\/www.michael-schumacher.es\/noticias-f1\/wp-json\/wp\/v2\/posts\/12542\/revisions"}],"wp:attachment":[{"href":"http:\/\/www.michael-schumacher.es\/noticias-f1\/wp-json\/wp\/v2\/media?parent=12542"}],"wp:term":[{"taxonomy":"category","embeddable":true,"href":"http:\/\/www.michael-schumacher.es\/noticias-f1\/wp-json\/wp\/v2\/categories?post=12542"},{"taxonomy":"post_tag","embeddable":true,"href":"http:\/\/www.michael-schumacher.es\/noticias-f1\/wp-json\/wp\/v2\/tags?post=12542"}],"curies":[{"name":"wp","href":"https:\/\/api.w.org\/{rel}","templated":true}]}}