{"id":12653,"date":"2013-09-23T04:23:22","date_gmt":"2013-09-23T02:23:22","guid":{"rendered":"http:\/\/www.michael-schumacher.es\/noticias-f1\/?p=12653"},"modified":"2013-09-23T02:49:55","modified_gmt":"2013-09-23T00:49:55","slug":"balance-gp-de-singapur-marina-bay-2013-sauber","status":"publish","type":"post","link":"http:\/\/www.michael-schumacher.es\/noticias-f1\/2013\/09\/23\/balance-gp-de-singapur-marina-bay-2013-sauber\/","title":{"rendered":"Balance GP de Singapur, Marina Bay 2013. Sauber"},"content":{"rendered":"<p><a href=\"http:\/\/www.michael-schumacher.es\/noticias-f1\/wp-content\/uploads\/2013\/03\/nico_hulkenberg_test-bcn-2013_david-sarro.jpg\"><img loading=\"lazy\" class=\"alignleft\" alt=\"Nico Hulkenberg - Test Bcn 2013 - David Sarr\u00f3\" src=\"http:\/\/www.michael-schumacher.es\/noticias-f1\/wp-content\/uploads\/2013\/03\/nico_hulkenberg_test-bcn-2013_david-sarro.jpg\" width=\"199\" height=\"132\" \/><\/a>El equipo Sauber aunque no han logrado el resultado que pod\u00edan esperar y no han sumado tantos puntos como en Monza, se van del Gran Premio de Singapur con dos puntos por lo que est\u00e1n moderadamente satisfechos. Ya que este resultado sin ser ideal es en una pista que no se ajusta a ellos y eso claramente demuestra que est\u00e1n mejorando.<\/p>\n<p><!--more--> <!--noteaser--><\/p>\n<p><a href=\"http:\/\/www.michael-schumacher.es\/noticias-f1\/wp-content\/uploads\/2013\/03\/nico_hulkenberg_test-bcn-2013_david-sarro.jpg\"><img loading=\"lazy\" class=\"aligncenter size-full wp-image-8249\" alt=\"Nico Hulkenberg - Test Bcn 2013 - David Sarr\u00f3\" src=\"http:\/\/www.michael-schumacher.es\/noticias-f1\/wp-content\/uploads\/2013\/03\/nico_hulkenberg_test-bcn-2013_david-sarro.jpg\" width=\"650\" height=\"433\" srcset=\"http:\/\/www.michael-schumacher.es\/noticias-f1\/wp-content\/uploads\/2013\/03\/nico_hulkenberg_test-bcn-2013_david-sarro.jpg 650w, http:\/\/www.michael-schumacher.es\/noticias-f1\/wp-content\/uploads\/2013\/03\/nico_hulkenberg_test-bcn-2013_david-sarro-300x199.jpg 300w\" sizes=\"(max-width: 650px) 100vw, 650px\" \/><\/a><\/p>\n<p>&nbsp;<\/p>\n<p>&nbsp;<\/p>\n<p>El equipo Sauber aunque no han logrado el resultado que pod\u00edan esperar y no han sumado tantos puntos como en Monza, se van del Gran Premio de Singapur con dos puntos por lo que est\u00e1n moderadamente satisfechos. Ya que este resultado sin ser ideal es en una pista que no se ajusta a ellos y eso claramente demuestra que est\u00e1n mejorando.<\/p>\n<p>&nbsp;<\/p>\n<p>Nico H\u00fclkenberg ha finalizado en novena posici\u00f3n logrando dos puntos que seg\u00fan su opini\u00f3n era lo que pod\u00edan esperar. Tuvo una buena salida y tambi\u00e9n un incidente con P\u00e9rez, al que debi\u00f3 devolver la posici\u00f3n aunque considera que solamente evit\u00f3 una colisi\u00f3n. Al final de carrera sin apenas gomas solo pudo mantenerse en la pista hasta el final. Esteban Guti\u00e9rrez termin\u00f3 la carrera en posici\u00f3n 12\u00ba, aunque espera un mejor resultado, su ritmo no fue bueno, y la carrera muy dura para \u00e9l. Pero hizo todo lo que pudo y considera que ha sido un paso adelante, desde el que seguir\u00e1 trabajando.<\/p>\n<p>&nbsp;<\/p>\n<p><strong>Nico H\u00fclkenberg:\u00a0<\/strong> <em>\u201cEn general, podemos ser felices. Nos trajimos a casa dos puntos. Para ser honesto, no me esperaba mucho m\u00e1s que eso. No se puede esperar que cada fin de semana sea como Monza ahora, pero hemos mejorado significativamente. Ha sido una carrera muy dura. Tuve una muy buena salida y despu\u00e9s de una situaci\u00f3n de carreras con Sergio P\u00e9rez. Al final, me tuve que quedar detr\u00e1s de \u00e9l y no acabo de estar de acuerdo con eso. Hubo un Williams en la lucha, Sergio estaba en el interior, pero tuve que dejar el espacio y cogido en el bordillo exterior. Entonces mi coche toco fondo y yo estaba fuera, sin embargo, estaba delante de Sergio antes y despu\u00e9s de la curva. Al final, fue una lucha por la supervivencia pura, porque los neum\u00e1ticos hab\u00edan pr\u00e1cticamente desaparecido. Nico Rosberg, Lewis Hamilton y Mark Webber estaban todos con neum\u00e1ticos nuevos y yo simplemente ten\u00eda que concentrarme en permanecer en la pista y terminar la carrera\u201d.<\/em><\/p>\n<p>&nbsp;<\/p>\n<p><strong>\u00a0Esteban Guti\u00e9rrez:<\/strong> <em>\u201cEsper\u00e1bamos un mejor resultado hoy. Nuestro ritmo durante la carrera no era lo suficientemente bueno, sobre todo al principio cuando estaba luchando mucho con el coche. A veces me empuje un poco demasiado, ten\u00eda mucho sobreviraje y los neum\u00e1ticos eran degradantes. Fue una de las carreras m\u00e1s duras que he tenido. Lo hice lo mejor que pude y es donde terminamos. La estrategia no era ideal. Sin embargo, el fin de semana fue un paso adelante y ahora voy a seguir trabajando para mejorar\u201d.<\/em><\/p>\n<p>&nbsp;<\/p>\n<p><strong>Monisha Kaltenborn, director del equipo:<\/strong> <em>\u201cDespu\u00e9s de una buena actuaci\u00f3n en Monza pudimos reclamar m\u00e1s puntos, lo cual es muy agradable. Nico ha hecho una carrera fant\u00e1stica y fue recompensado con dos puntos. Nos encontramos con la decisi\u00f3n adoptada por el director de carrera para dar la posici\u00f3n de nuevo a Sergio P\u00e9rez muy dura. \u00c9l no gan\u00f3 una ventaja, sino que simplemente evito una colisi\u00f3n por salir de la pista. Sin embargo, tenemos que aceptar esta decisi\u00f3n. Esteban tuvo un fin de semana mixto. Ahora tenemos que averiguar por qu\u00e9 \u00e9l no fue capaz de lograr los tiempos previstos. Estamos contentos de que hemos sido capaces de llevar a cabo en una pista que por lo general no se ajusta a nuestro coche. Eso demuestra que vamos en la direcci\u00f3n correcta con el desarrollo del coche\u201d.<\/em><\/p>\n<p>&nbsp;<\/p>\n<p><strong>Imagen:<\/strong> David Sarr\u00f3<\/p>\n<div class=\"sharedaddy sd-sharing-enabled\"><div class=\"robots-nocontent sd-block sd-social sd-social-official sd-sharing\"><h3 class=\"sd-title\">Opciones Sociales:<\/h3><div class=\"sd-content\"><ul><li class=\"share-facebook\"><div class=\"fb-share-button\" data-href=\"http:\/\/www.michael-schumacher.es\/noticias-f1\/2013\/09\/23\/balance-gp-de-singapur-marina-bay-2013-sauber\/\" data-layout=\"button_count\"><\/div><\/li><li class=\"share-twitter\"><a href=\"https:\/\/twitter.com\/share\" class=\"twitter-share-button\" data-url=\"http:\/\/www.michael-schumacher.es\/noticias-f1\/2013\/09\/23\/balance-gp-de-singapur-marina-bay-2013-sauber\/\" data-text=\"Balance GP de Singapur, Marina Bay 2013. Sauber\"  >Tweet<\/a><\/li><li class=\"share-email\"><a rel=\"nofollow noopener noreferrer\" data-shared=\"\" class=\"share-email sd-button\" href=\"http:\/\/www.michael-schumacher.es\/noticias-f1\/2013\/09\/23\/balance-gp-de-singapur-marina-bay-2013-sauber\/?share=email\" target=\"_blank\" title=\"Haz clic para enviar por correo electr\u00f3nico a un amigo\"><span>Correo electr\u00f3nico<\/span><\/a><\/li><li class=\"share-end\"><\/li><\/ul><\/div><\/div><\/div>","protected":false},"excerpt":{"rendered":"<p>El equipo Sauber aunque no han logrado el resultado que pod\u00edan esperar y no han sumado tantos puntos como en Monza, se van del Gran Premio de Singapur con dos puntos por lo que est\u00e1n moderadamente satisfechos. Ya que este resultado sin ser ideal es en una pista que no se ajusta a ellos y [&hellip;]<\/p>\n<div class=\"sharedaddy sd-sharing-enabled\"><div class=\"robots-nocontent sd-block sd-social sd-social-official sd-sharing\"><h3 class=\"sd-title\">Opciones Sociales:<\/h3><div class=\"sd-content\"><ul><li class=\"share-facebook\"><div class=\"fb-share-button\" data-href=\"http:\/\/www.michael-schumacher.es\/noticias-f1\/2013\/09\/23\/balance-gp-de-singapur-marina-bay-2013-sauber\/\" data-layout=\"button_count\"><\/div><\/li><li class=\"share-twitter\"><a href=\"https:\/\/twitter.com\/share\" class=\"twitter-share-button\" data-url=\"http:\/\/www.michael-schumacher.es\/noticias-f1\/2013\/09\/23\/balance-gp-de-singapur-marina-bay-2013-sauber\/\" data-text=\"Balance GP de Singapur, Marina Bay 2013. Sauber\"  >Tweet<\/a><\/li><li class=\"share-email\"><a rel=\"nofollow noopener noreferrer\" data-shared=\"\" class=\"share-email sd-button\" href=\"http:\/\/www.michael-schumacher.es\/noticias-f1\/2013\/09\/23\/balance-gp-de-singapur-marina-bay-2013-sauber\/?share=email\" target=\"_blank\" title=\"Haz clic para enviar por correo electr\u00f3nico a un amigo\"><span>Correo electr\u00f3nico<\/span><\/a><\/li><li class=\"share-end\"><\/li><\/ul><\/div><\/div><\/div>","protected":false},"author":3,"featured_media":0,"comment_status":"open","ping_status":"open","sticky":false,"template":"","format":"standard","meta":{"_monsterinsights_skip_tracking":false,"_monsterinsights_sitenote_active":false,"_monsterinsights_sitenote_note":"","_monsterinsights_sitenote_category":0,"spay_email":"","jetpack_publicize_message":"","jetpack_is_tweetstorm":false,"jetpack_publicize_feature_enabled":true},"categories":[4,3],"tags":[373,401,64,1751,17,15,6,8,2059,112,1399,2263,111,86,503,3018],"jetpack_featured_media_url":"","jetpack_publicize_connections":[],"jetpack_sharing_enabled":true,"jetpack_shortlink":"https:\/\/wp.me\/p27q3P-3i5","_links":{"self":[{"href":"http:\/\/www.michael-schumacher.es\/noticias-f1\/wp-json\/wp\/v2\/posts\/12653"}],"collection":[{"href":"http:\/\/www.michael-schumacher.es\/noticias-f1\/wp-json\/wp\/v2\/posts"}],"about":[{"href":"http:\/\/www.michael-schumacher.es\/noticias-f1\/wp-json\/wp\/v2\/types\/post"}],"author":[{"embeddable":true,"href":"http:\/\/www.michael-schumacher.es\/noticias-f1\/wp-json\/wp\/v2\/users\/3"}],"replies":[{"embeddable":true,"href":"http:\/\/www.michael-schumacher.es\/noticias-f1\/wp-json\/wp\/v2\/comments?post=12653"}],"version-history":[{"count":0,"href":"http:\/\/www.michael-schumacher.es\/noticias-f1\/wp-json\/wp\/v2\/posts\/12653\/revisions"}],"wp:attachment":[{"href":"http:\/\/www.michael-schumacher.es\/noticias-f1\/wp-json\/wp\/v2\/media?parent=12653"}],"wp:term":[{"taxonomy":"category","embeddable":true,"href":"http:\/\/www.michael-schumacher.es\/noticias-f1\/wp-json\/wp\/v2\/categories?post=12653"},{"taxonomy":"post_tag","embeddable":true,"href":"http:\/\/www.michael-schumacher.es\/noticias-f1\/wp-json\/wp\/v2\/tags?post=12653"}],"curies":[{"name":"wp","href":"https:\/\/api.w.org\/{rel}","templated":true}]}}