{"id":12678,"date":"2013-09-24T07:03:13","date_gmt":"2013-09-24T05:03:13","guid":{"rendered":"http:\/\/www.michael-schumacher.es\/noticias-f1\/?p=12678"},"modified":"2013-09-24T04:18:46","modified_gmt":"2013-09-24T02:18:46","slug":"vettel-toma-los-abucheos-como-un-cumplido","status":"publish","type":"post","link":"http:\/\/www.michael-schumacher.es\/noticias-f1\/2013\/09\/24\/vettel-toma-los-abucheos-como-un-cumplido\/","title":{"rendered":"Vettel toma los abucheos como un cumplido"},"content":{"rendered":"<p><a href=\"http:\/\/www.michael-schumacher.es\/noticias-f1\/wp-content\/uploads\/2012\/12\/sebastian-vettel-celebracion-3-titulo.jpg\"><img loading=\"lazy\" class=\"alignleft\" alt=\"Sebastian Vettel Celebraci\u00f3n Tercer t\u00edtulo \" src=\"http:\/\/www.michael-schumacher.es\/noticias-f1\/wp-content\/uploads\/2012\/12\/sebastian-vettel-celebracion-3-titulo.jpg\" width=\"201\" height=\"113\" \/><\/a>Sebastian Vettel ha vuelto a ganar esta semana en el Gran Premio de Singapur, el tricampe\u00f3n mundial m\u00e1s joven de la F1 se aproxima con paso firme a su cuarto campeonato consecutivo, pero es evidente que no a todos los aficionados les gusta su implacable dominio y algunos parecen seguirlo a los podios para abuchearlo, ya que por segunda vez consecutiva fue as\u00ed.<\/p>\n<p><!--more--> <!--noteaser--><\/p>\n<p><a href=\"http:\/\/www.michael-schumacher.es\/noticias-f1\/wp-content\/uploads\/2012\/12\/sebastian-vettel-celebracion-3-titulo.jpg\"><img loading=\"lazy\" class=\"aligncenter size-full wp-image-6637\" alt=\"Sebastian Vettel Celebraci\u00f3n Tercer t\u00edtulo \" src=\"http:\/\/www.michael-schumacher.es\/noticias-f1\/wp-content\/uploads\/2012\/12\/sebastian-vettel-celebracion-3-titulo.jpg\" width=\"650\" height=\"366\" srcset=\"http:\/\/www.michael-schumacher.es\/noticias-f1\/wp-content\/uploads\/2012\/12\/sebastian-vettel-celebracion-3-titulo.jpg 650w, http:\/\/www.michael-schumacher.es\/noticias-f1\/wp-content\/uploads\/2012\/12\/sebastian-vettel-celebracion-3-titulo-300x168.jpg 300w\" sizes=\"(max-width: 650px) 100vw, 650px\" \/><\/a><\/p>\n<p>&nbsp;<\/p>\n<p>&nbsp;<\/p>\n<p>Sebastian Vettel ha vuelto a ganar esta semana en el Gran Premio de Singapur, el tricampe\u00f3n mundial m\u00e1s joven de la F1 se aproxima con paso firme a su cuarto campeonato consecutivo, pero es evidente que no a todos los aficionados les gusta su implacable dominio y algunos parecen seguirlo a los podios para abuchearlo, ya que por segunda vez consecutiva fue as\u00ed.<\/p>\n<p>&nbsp;<\/p>\n<p>Parece m\u00e1s que evidente que el campeonato cada vez est\u00e1 m\u00e1s cerca del bolsillo de Sebastian Vettel, a falta de 6 carreras para el final de la temporada ya aventaja a su inmediato rival por 60 puntos, lo que significa una ventaja de m\u00e1s de dos carreras, sobre Fernando Alonso. Pero aunque se gana con ello muchos aficionados y muchas admiraciones tambi\u00e9n como suele ser normal se gana odios y envidias que se hacen evidentes por algunos fans muy poco deportivos cuando abuchean a Vettel en lo m\u00e1s alto del podio.<\/p>\n<p>&nbsp;<\/p>\n<p>Sin embargo Sebastian Vettel no quiere pensar en que puede ganar el campeonato y se concentra en cada carrera y en agradecer al equipo su gran trabajo, tal como dijo ayer despues de ganar el Gran Premio de Singapur:\u00a0 <strong>\u201cPara ser honesto, realmente no veo el campeonato. No puedo tomar esa clase de tiempo. D\u00edas como el de ayer y de hoy, eso es todo lo que importa. Como ya he dicho en la radio, estas cosas no sucede por accidente, es el resultado de la gran labor realizada por el equipo\u201d.<\/strong><\/p>\n<p>&nbsp;<\/p>\n<p>Asi como tampoco quiere hacer demasiado caso a los abucheos, Sebastian Vettel prefiere tom\u00e1rselo con sentido del humor y as\u00ed lo hizo ayer: <strong>\u201cEst\u00e1n en un tour, viajan en autob\u00fas. Alguna gente le gusta lo que hacemos, otros no. Si algunos abuchean me lo tomo como un piropo. Tienen envidia. Creo que no vale la pena pensar en ello, al final nos gusta ganar\u201d.<\/strong><\/p>\n<p>&nbsp;<\/p>\n<p>Al que sin duda no le gust\u00f3 nada este comportamiento es a Martin Brundle quien desde el podio entrevistando a los pilotos dijo al p\u00fablico: <strong>\u201cPor favor no me hag\u00e1is esto, esto no es correcto\u201d.<\/strong><\/p>\n<p>&nbsp;<\/p>\n<p>Christian Horner, el jefe de equipo de Red Bull, considera y con mucha raz\u00f3n que estos silbidos a Vettel por parte de un peque\u00f1o grupo, que parece estar dando la vuelta al mundo, son injustos y poco deportivos:<strong> \u201cHay un peque\u00f1o grupo que ejecuta los silbidos y en todo el mundo. Esto es muy injusto y antideportivo. Ha hecho una carrera incre\u00edble, todo el mundo lo vio. No es bueno para reconocer esta haza\u00f1a as\u00ed, no es un deporte para un piloto que ha volado para no recibir los aplausos que se merece. Este es un gran tipo, que tiene un sentido del humor y un gran coraz\u00f3n\u201d.<\/strong><\/p>\n<p>&nbsp;<\/p>\n<p>Christian Horner considera que Vettel no se merece estas reacciones y aunque el piloto dice que no le afectan a \u00e9l le pesa porque tiene sentimientos:<strong> \u201cPor supuesto, \u00e9l dice que no le afecta o no se siente, pero es un ser humano. Cuando usted vol\u00f3 hacia abajo y ves estas reacciones, para m\u00ed no es justo, no es deporte y no se lo merec\u00eda. \u00c9l tiene grandes hombros para soportar, pero como todo el mundo tiene sentimientos.\u201d<\/strong><\/p>\n<p>&nbsp;<\/p>\n<p>Para Horner el hecho de ganar todo, no hace a Vettel el m\u00e1s popular: <strong>\u201cPero cuando tienes un atleta que gana todo, como Muhammad Ali en su tiempo, los fans quieren saber que finalmente van a vencerlo. Esto es lo que pasa creo que la gente quiere saber qui\u00e9n vencer\u00e1 a Sebastian. As\u00ed que si sigue ganando, lo cierto es que no va a ser el resultado m\u00e1s popular\u201d.<\/strong><\/p>\n<p>&nbsp;<\/p>\n<p>Incluso Niki Lauda, sale en defensa de Vettel y le molestan estos abucheos:<strong> \u201cRid\u00edculo! S\u00f3lo puedo quitarme el sombrero ante \u00e9l, para m\u00ed es impresionante. Estas personas no entienden el deporte. Hay que respetar lo que hace. Si pudiera elegir, voy a darle el campeonato hoy.\u201d<\/strong><\/p>\n<p>&nbsp;<\/p>\n<p>Tampoco este comportamiento gusta a Stefano Domenicali, jefe del equipo Ferrari, aunque lo considera un apoyo a Ferrari, seg\u00fan dijo en la p\u00e1gina web del equipo:<strong> \u201cNo me alegr\u00e9 cuando escuch\u00e9 que Vettel fue abucheado en el podio de Singapur. El piloto alem\u00e1n lo hizo perfecto y fue ayudado por un coche tan r\u00e1pido como fiable: eso deber\u00eda ser reconocido. Pero por otra parte, eso muestra que el apoyo a Ferrari es \u00fanico e incre\u00edble, que la pasi\u00f3n que inspira el cavallino rampante es verdaderamente global\u201d<\/strong><\/p>\n<p>&nbsp;<\/p>\n<p>&nbsp;<\/p>\n<div class=\"sharedaddy sd-sharing-enabled\"><div class=\"robots-nocontent sd-block sd-social sd-social-official sd-sharing\"><h3 class=\"sd-title\">Opciones Sociales:<\/h3><div class=\"sd-content\"><ul><li class=\"share-facebook\"><div class=\"fb-share-button\" data-href=\"http:\/\/www.michael-schumacher.es\/noticias-f1\/2013\/09\/24\/vettel-toma-los-abucheos-como-un-cumplido\/\" data-layout=\"button_count\"><\/div><\/li><li class=\"share-twitter\"><a href=\"https:\/\/twitter.com\/share\" class=\"twitter-share-button\" data-url=\"http:\/\/www.michael-schumacher.es\/noticias-f1\/2013\/09\/24\/vettel-toma-los-abucheos-como-un-cumplido\/\" data-text=\"Vettel toma los abucheos como un cumplido\"  >Tweet<\/a><\/li><li class=\"share-email\"><a rel=\"nofollow noopener noreferrer\" data-shared=\"\" class=\"share-email sd-button\" href=\"http:\/\/www.michael-schumacher.es\/noticias-f1\/2013\/09\/24\/vettel-toma-los-abucheos-como-un-cumplido\/?share=email\" target=\"_blank\" title=\"Haz clic para enviar por correo electr\u00f3nico a un amigo\"><span>Correo electr\u00f3nico<\/span><\/a><\/li><li class=\"share-end\"><\/li><\/ul><\/div><\/div><\/div>","protected":false},"excerpt":{"rendered":"<p>Sebastian Vettel ha vuelto a ganar esta semana en el Gran Premio de Singapur, el tricampe\u00f3n mundial m\u00e1s joven de la F1 se aproxima con paso firme a su cuarto campeonato consecutivo, pero es evidente que no a todos los aficionados les gusta su implacable dominio y algunos parecen seguirlo a los podios para abuchearlo, [&hellip;]<\/p>\n<div class=\"sharedaddy sd-sharing-enabled\"><div class=\"robots-nocontent sd-block sd-social sd-social-official sd-sharing\"><h3 class=\"sd-title\">Opciones Sociales:<\/h3><div class=\"sd-content\"><ul><li class=\"share-facebook\"><div class=\"fb-share-button\" data-href=\"http:\/\/www.michael-schumacher.es\/noticias-f1\/2013\/09\/24\/vettel-toma-los-abucheos-como-un-cumplido\/\" data-layout=\"button_count\"><\/div><\/li><li class=\"share-twitter\"><a href=\"https:\/\/twitter.com\/share\" class=\"twitter-share-button\" data-url=\"http:\/\/www.michael-schumacher.es\/noticias-f1\/2013\/09\/24\/vettel-toma-los-abucheos-como-un-cumplido\/\" data-text=\"Vettel toma los abucheos como un cumplido\"  >Tweet<\/a><\/li><li class=\"share-email\"><a rel=\"nofollow noopener noreferrer\" data-shared=\"\" class=\"share-email sd-button\" href=\"http:\/\/www.michael-schumacher.es\/noticias-f1\/2013\/09\/24\/vettel-toma-los-abucheos-como-un-cumplido\/?share=email\" target=\"_blank\" title=\"Haz clic para enviar por correo electr\u00f3nico a un amigo\"><span>Correo electr\u00f3nico<\/span><\/a><\/li><li class=\"share-end\"><\/li><\/ul><\/div><\/div><\/div>","protected":false},"author":3,"featured_media":0,"comment_status":"open","ping_status":"open","sticky":false,"template":"","format":"standard","meta":{"_monsterinsights_skip_tracking":false,"_monsterinsights_sitenote_active":false,"_monsterinsights_sitenote_note":"","_monsterinsights_sitenote_category":0,"spay_email":"","jetpack_publicize_message":"","jetpack_is_tweetstorm":false,"jetpack_publicize_feature_enabled":true},"categories":[3],"tags":[4108,996,2081,598,107,17,141,15,4112,428,4110,6,8,171,549,4111,71,503,3484,4109,1944,30],"jetpack_featured_media_url":"","jetpack_publicize_connections":[],"jetpack_sharing_enabled":true,"jetpack_shortlink":"https:\/\/wp.me\/p27q3P-3iu","_links":{"self":[{"href":"http:\/\/www.michael-schumacher.es\/noticias-f1\/wp-json\/wp\/v2\/posts\/12678"}],"collection":[{"href":"http:\/\/www.michael-schumacher.es\/noticias-f1\/wp-json\/wp\/v2\/posts"}],"about":[{"href":"http:\/\/www.michael-schumacher.es\/noticias-f1\/wp-json\/wp\/v2\/types\/post"}],"author":[{"embeddable":true,"href":"http:\/\/www.michael-schumacher.es\/noticias-f1\/wp-json\/wp\/v2\/users\/3"}],"replies":[{"embeddable":true,"href":"http:\/\/www.michael-schumacher.es\/noticias-f1\/wp-json\/wp\/v2\/comments?post=12678"}],"version-history":[{"count":0,"href":"http:\/\/www.michael-schumacher.es\/noticias-f1\/wp-json\/wp\/v2\/posts\/12678\/revisions"}],"wp:attachment":[{"href":"http:\/\/www.michael-schumacher.es\/noticias-f1\/wp-json\/wp\/v2\/media?parent=12678"}],"wp:term":[{"taxonomy":"category","embeddable":true,"href":"http:\/\/www.michael-schumacher.es\/noticias-f1\/wp-json\/wp\/v2\/categories?post=12678"},{"taxonomy":"post_tag","embeddable":true,"href":"http:\/\/www.michael-schumacher.es\/noticias-f1\/wp-json\/wp\/v2\/tags?post=12678"}],"curies":[{"name":"wp","href":"https:\/\/api.w.org\/{rel}","templated":true}]}}