{"id":12710,"date":"2013-09-26T09:20:34","date_gmt":"2013-09-26T07:20:34","guid":{"rendered":"http:\/\/www.michael-schumacher.es\/noticias-f1\/?p=12710"},"modified":"2013-09-26T04:23:44","modified_gmt":"2013-09-26T02:23:44","slug":"segun-stuck-los-abucheos-a-vettel-son-por-falta-de-carisma","status":"publish","type":"post","link":"http:\/\/www.michael-schumacher.es\/noticias-f1\/2013\/09\/26\/segun-stuck-los-abucheos-a-vettel-son-por-falta-de-carisma\/","title":{"rendered":"Seg\u00fan Stuck, los abucheos a Vettel son por falta de carisma"},"content":{"rendered":"<p><a href=\"http:\/\/www.michael-schumacher.es\/noticias-f1\/wp-content\/uploads\/2013\/03\/sebastian_vettel_test-bcn-2013_david-sarro.jpg\"><img loading=\"lazy\" class=\"alignleft\" alt=\"Sebastian Vettel Test BCN 2013 David Sarr\u00f3\" src=\"http:\/\/www.michael-schumacher.es\/noticias-f1\/wp-content\/uploads\/2013\/03\/sebastian_vettel_test-bcn-2013_david-sarro.jpg\" width=\"200\" height=\"133\" \/><\/a>Los abucheos de grupos minoritarios y antideportivos que parecen perseguir a Vettel a los podios, est\u00e1 haciendo que surjan teor\u00edas y razones para todos los gustos, para unos es envidia porque gana siempre, para otros es por el incidente con su compa\u00f1ero en Malasia, para otros es porque no es fans de las redes sociales y para\u00a0 Hans-Joachim Stuck, es porque, no es tan guapo como Nico Rosberg o Kimi Raikkonen, tiene menos carisma que Kimi Raikkonen o Fernando Alonso o su perfil no es tan llamativo como Hamilton y Raikkonen.<\/p>\n<p><!--more--> <!--noteaser--><\/p>\n<p><a href=\"http:\/\/www.michael-schumacher.es\/noticias-f1\/wp-content\/uploads\/2013\/03\/sebastian_vettel_test-bcn-2013_david-sarro.jpg\"><img loading=\"lazy\" class=\"aligncenter size-full wp-image-8377\" alt=\"Sebastian Vettel Test BCN 2013 David Sarr\u00f3\" src=\"http:\/\/www.michael-schumacher.es\/noticias-f1\/wp-content\/uploads\/2013\/03\/sebastian_vettel_test-bcn-2013_david-sarro.jpg\" width=\"650\" height=\"433\" srcset=\"http:\/\/www.michael-schumacher.es\/noticias-f1\/wp-content\/uploads\/2013\/03\/sebastian_vettel_test-bcn-2013_david-sarro.jpg 650w, http:\/\/www.michael-schumacher.es\/noticias-f1\/wp-content\/uploads\/2013\/03\/sebastian_vettel_test-bcn-2013_david-sarro-300x199.jpg 300w\" sizes=\"(max-width: 650px) 100vw, 650px\" \/><\/a><\/p>\n<p>&nbsp;<\/p>\n<p>&nbsp;<\/p>\n<p>&nbsp;<\/p>\n<p>Los abucheos de grupos minoritarios y antideportivos que parecen perseguir a Vettel a los podios, est\u00e1 haciendo que surjan teor\u00edas y razones para todos los gustos, para unos es envidia porque gana siempre, para otros es por el incidente con su compa\u00f1ero en Malasia, para otros es porque no es fans de las redes sociales y para\u00a0 Hans-Joachim Stuck, es porque, no es tan guapo como Nico Rosberg o Kimi Raikkonen, tiene menos carisma que Kimi Raikkonen o Fernando Alonso o su perfil no es tan llamativo como Hamilton y Raikkonen.<\/p>\n<p>&nbsp;<\/p>\n<p>Cualquier hip\u00f3tesis es v\u00e1lida, pero con abucheos o sin ellos Sebasti\u00e1n Vettel es el tricampe\u00f3n consecutivo m\u00e1s joven de la F1 y va con paso firme y 60 puntos de ventaja hacia su cuarto mundial, por lo que no parece que tenga demasiados motivos para preocuparse por los abucheos. Y eso mismo de dice Hans-Joachim Stuck: <strong>\u201cTodo lo que puedo decir es, mi querido Sebasti\u00e1n, no te preocupes\u201d.<\/strong><\/p>\n<p>&nbsp;<\/p>\n<p>Hans-Joachim Stuck, ex piloto de F\u00f3rmula 1 y ganador de tres 24 Horas de Le Mans, y\u00a0 presidente de la Federaci\u00f3n Alemana de Automovilismo considera que Sebastian Vettel no se merece los abucheos, solamente por ganar,\u00a0 por lo que ha salido a defenderlo y dar su teor\u00eda al respecto<\/p>\n<p>&nbsp;<\/p>\n<p>Stuck considera que un problema podr\u00eda ser que no es tan carism\u00e1tico como otros pilotos: <strong>\u201cNo tiene el carisma de Alonso o Raikkonen. O lo tienes o no lo tienes. Aun as\u00ed, es un gran tipo. Hamilton y Raikkonen tienen el chicle t\u00edpico de piloto: uno con mujeres, el otro con las bebidas, a menudo est\u00e1 borracho debajo de la mesa (expresi\u00f3n) y los pilotos de estas caracter\u00edsticas son m\u00e1s amado por los fans que un piloto profesional que s\u00f3lo se gana.\u201d<\/strong><\/p>\n<p>&nbsp;<\/p>\n<p>Lo que Stuck no sabe responder, es como podr\u00eda Vettel solucionar el tema de los abucheos y sin duda la \u00fanica respuesta que se le ocurre, aunque en tono de broma, va a gustar a todo el paddock de F1: <strong>\u201c\u00a1Podr\u00eda dejar de ganar!\u201d\u2026<\/strong><\/p>\n<p>&nbsp;<\/p>\n<p><strong>Imagen:<\/strong> David Sarr\u00f3<\/p>\n<div class=\"sharedaddy sd-sharing-enabled\"><div class=\"robots-nocontent sd-block sd-social sd-social-official sd-sharing\"><h3 class=\"sd-title\">Opciones Sociales:<\/h3><div class=\"sd-content\"><ul><li class=\"share-facebook\"><div class=\"fb-share-button\" data-href=\"http:\/\/www.michael-schumacher.es\/noticias-f1\/2013\/09\/26\/segun-stuck-los-abucheos-a-vettel-son-por-falta-de-carisma\/\" data-layout=\"button_count\"><\/div><\/li><li class=\"share-twitter\"><a href=\"https:\/\/twitter.com\/share\" class=\"twitter-share-button\" data-url=\"http:\/\/www.michael-schumacher.es\/noticias-f1\/2013\/09\/26\/segun-stuck-los-abucheos-a-vettel-son-por-falta-de-carisma\/\" data-text=\"Seg\u00fan Stuck, los abucheos a Vettel son por falta de carisma\"  >Tweet<\/a><\/li><li class=\"share-email\"><a rel=\"nofollow noopener noreferrer\" data-shared=\"\" class=\"share-email sd-button\" href=\"http:\/\/www.michael-schumacher.es\/noticias-f1\/2013\/09\/26\/segun-stuck-los-abucheos-a-vettel-son-por-falta-de-carisma\/?share=email\" target=\"_blank\" title=\"Haz clic para enviar por correo electr\u00f3nico a un amigo\"><span>Correo electr\u00f3nico<\/span><\/a><\/li><li class=\"share-end\"><\/li><\/ul><\/div><\/div><\/div>","protected":false},"excerpt":{"rendered":"<p>Los abucheos de grupos minoritarios y antideportivos que parecen perseguir a Vettel a los podios, est\u00e1 haciendo que surjan teor\u00edas y razones para todos los gustos, para unos es envidia porque gana siempre, para otros es por el incidente con su compa\u00f1ero en Malasia, para otros es porque no es fans de las redes sociales [&hellip;]<\/p>\n<div class=\"sharedaddy sd-sharing-enabled\"><div class=\"robots-nocontent sd-block sd-social sd-social-official sd-sharing\"><h3 class=\"sd-title\">Opciones Sociales:<\/h3><div class=\"sd-content\"><ul><li class=\"share-facebook\"><div class=\"fb-share-button\" data-href=\"http:\/\/www.michael-schumacher.es\/noticias-f1\/2013\/09\/26\/segun-stuck-los-abucheos-a-vettel-son-por-falta-de-carisma\/\" data-layout=\"button_count\"><\/div><\/li><li class=\"share-twitter\"><a href=\"https:\/\/twitter.com\/share\" class=\"twitter-share-button\" data-url=\"http:\/\/www.michael-schumacher.es\/noticias-f1\/2013\/09\/26\/segun-stuck-los-abucheos-a-vettel-son-por-falta-de-carisma\/\" data-text=\"Seg\u00fan Stuck, los abucheos a Vettel son por falta de carisma\"  >Tweet<\/a><\/li><li class=\"share-email\"><a rel=\"nofollow noopener noreferrer\" data-shared=\"\" class=\"share-email sd-button\" href=\"http:\/\/www.michael-schumacher.es\/noticias-f1\/2013\/09\/26\/segun-stuck-los-abucheos-a-vettel-son-por-falta-de-carisma\/?share=email\" target=\"_blank\" title=\"Haz clic para enviar por correo electr\u00f3nico a un amigo\"><span>Correo electr\u00f3nico<\/span><\/a><\/li><li class=\"share-end\"><\/li><\/ul><\/div><\/div><\/div>","protected":false},"author":3,"featured_media":0,"comment_status":"open","ping_status":"open","sticky":false,"template":"","format":"standard","meta":{"_monsterinsights_skip_tracking":false,"_monsterinsights_sitenote_active":false,"_monsterinsights_sitenote_note":"","_monsterinsights_sitenote_category":0,"spay_email":"","jetpack_publicize_message":"","jetpack_is_tweetstorm":false,"jetpack_publicize_feature_enabled":true},"categories":[3],"tags":[4108,105,2508,17,104,15,11,2349,81,10,2818,24,71,4113,503,4136,30],"jetpack_featured_media_url":"","jetpack_publicize_connections":[],"jetpack_sharing_enabled":true,"jetpack_shortlink":"https:\/\/wp.me\/p27q3P-3j0","_links":{"self":[{"href":"http:\/\/www.michael-schumacher.es\/noticias-f1\/wp-json\/wp\/v2\/posts\/12710"}],"collection":[{"href":"http:\/\/www.michael-schumacher.es\/noticias-f1\/wp-json\/wp\/v2\/posts"}],"about":[{"href":"http:\/\/www.michael-schumacher.es\/noticias-f1\/wp-json\/wp\/v2\/types\/post"}],"author":[{"embeddable":true,"href":"http:\/\/www.michael-schumacher.es\/noticias-f1\/wp-json\/wp\/v2\/users\/3"}],"replies":[{"embeddable":true,"href":"http:\/\/www.michael-schumacher.es\/noticias-f1\/wp-json\/wp\/v2\/comments?post=12710"}],"version-history":[{"count":0,"href":"http:\/\/www.michael-schumacher.es\/noticias-f1\/wp-json\/wp\/v2\/posts\/12710\/revisions"}],"wp:attachment":[{"href":"http:\/\/www.michael-schumacher.es\/noticias-f1\/wp-json\/wp\/v2\/media?parent=12710"}],"wp:term":[{"taxonomy":"category","embeddable":true,"href":"http:\/\/www.michael-schumacher.es\/noticias-f1\/wp-json\/wp\/v2\/categories?post=12710"},{"taxonomy":"post_tag","embeddable":true,"href":"http:\/\/www.michael-schumacher.es\/noticias-f1\/wp-json\/wp\/v2\/tags?post=12710"}],"curies":[{"name":"wp","href":"https:\/\/api.w.org\/{rel}","templated":true}]}}