{"id":12737,"date":"2013-09-28T07:50:19","date_gmt":"2013-09-28T05:50:19","guid":{"rendered":"http:\/\/www.michael-schumacher.es\/noticias-f1\/?p=12737"},"modified":"2013-09-28T03:51:36","modified_gmt":"2013-09-28T01:51:36","slug":"firmado-el-acuerdo-de-la-concordia-entre-la-fia-y-la-fom","status":"publish","type":"post","link":"http:\/\/www.michael-schumacher.es\/noticias-f1\/2013\/09\/28\/firmado-el-acuerdo-de-la-concordia-entre-la-fia-y-la-fom\/","title":{"rendered":"Firmado el acuerdo de la Concordia entre la FIA y la FOM"},"content":{"rendered":"<p><a href=\"http:\/\/www.michael-schumacher.es\/noticias-f1\/wp-content\/uploads\/2012\/12\/FIA-LOGO-2.jpg\"><img loading=\"lazy\" class=\"alignleft\" alt=\"FIA-LOGO-2\" src=\"http:\/\/www.michael-schumacher.es\/noticias-f1\/wp-content\/uploads\/2012\/12\/FIA-LOGO-2.jpg\" width=\"202\" height=\"134\" \/><\/a>En el Consejo Mundial del Deporte Motor reunido hoy, 27 de septiembre, en Dubrovnik, Croacia, se ha aprobado el acuerdo alcanzado por la FIA y el Grupo de F\u00f3rmula 1 en julio de 2013,\u00a0 la aplicaci\u00f3n del Acuerdo de la Concordia ya ha entrado en vigor y estar\u00e1 vigente durante el per\u00edodo 2013-2020. Ambos \u00f3rganos de gobierno deben ahora obtener la firma de los equipos, por lo que estos acuerdos son exigibles.<\/p>\n<p><!--more--> <!--noteaser--><\/p>\n<p><a href=\"http:\/\/www.michael-schumacher.es\/noticias-f1\/wp-content\/uploads\/2012\/12\/FIA-LOGO-2.jpg\"><img loading=\"lazy\" class=\"aligncenter size-full wp-image-6613\" alt=\"FIA-LOGO-2\" src=\"http:\/\/www.michael-schumacher.es\/noticias-f1\/wp-content\/uploads\/2012\/12\/FIA-LOGO-2.jpg\" width=\"650\" height=\"433\" srcset=\"http:\/\/www.michael-schumacher.es\/noticias-f1\/wp-content\/uploads\/2012\/12\/FIA-LOGO-2.jpg 650w, http:\/\/www.michael-schumacher.es\/noticias-f1\/wp-content\/uploads\/2012\/12\/FIA-LOGO-2-300x199.jpg 300w\" sizes=\"(max-width: 650px) 100vw, 650px\" \/><\/a><\/p>\n<p>&nbsp;<\/p>\n<p>En el Consejo Mundial del Deporte Motor reunido hoy, 27 de septiembre, en Dubrovnik, Croacia, se ha aprobado el acuerdo alcanzado por la FIA y el Grupo de F\u00f3rmula 1 en julio de 2013,\u00a0 la aplicaci\u00f3n del Acuerdo de la Concordia ya ha entrado en vigor y estar\u00e1 vigente durante el per\u00edodo 2013-2020. Ambos \u00f3rganos de gobierno deben ahora obtener la firma de los equipos, por lo que estos acuerdos son exigibles.<\/p>\n<p>&nbsp;<\/p>\n<p>Por dicho acuerdo la FIA contar\u00e1 con mejores medios econ\u00f3micos para proseguir su labor reguladora y el importante papel desempe\u00f1ado por la FIA en el deporte motor. El acuerdo prev\u00e9\u00a0 una base s\u00f3lida para el desarrollo futuro del Campeonato del Mundo FIA de F\u00f3rmula Uno. Las partes han acordado un marco de gobernanza deportivo fuerte y estable que incluye el Grupo de F\u00f3rmula 1, la FIA y los equipos participantes.<\/p>\n<p>&nbsp;<\/p>\n<p>Tambi\u00e9n se acept\u00f3 la propuesta de crear un nuevo grupo de trabajo, tras las elecciones presidenciales de la FIA, que se har\u00e1 cargo de la labor de proponer la asignaci\u00f3n de los recursos financieros adicionales para la FIA y de sus miembros.<\/p>\n<p>&nbsp;<\/p>\n<p>Jean Todt actual presidente de la FIA declar\u00f3: <strong>\u201cPodemos estar orgullosos de este acuerdo, que establece un marco m\u00e1s eficaz para la gesti\u00f3n del Campeonato del Mundo FIA de F\u00f3rmula Uno. La FIA espera seguir cumpliendo su papel hist\u00f3rico como garante de las funciones de reglamentaci\u00f3n y seguridad en la F1 durante los muchos a\u00f1os por venir\u201d.<\/strong><\/p>\n<p>&nbsp;<\/p>\n<p>Bernie Ecclestone, CEO del Grupo de F\u00f3rmula 1, declar\u00f3: <strong>\u201cEstoy muy contento de que se haya celebrado el acuerdo entre la FIA y el Grupo de la F\u00f3rmula 1\u201d.<\/strong><\/p>\n<div class=\"sharedaddy sd-sharing-enabled\"><div class=\"robots-nocontent sd-block sd-social sd-social-official sd-sharing\"><h3 class=\"sd-title\">Opciones Sociales:<\/h3><div class=\"sd-content\"><ul><li class=\"share-facebook\"><div class=\"fb-share-button\" data-href=\"http:\/\/www.michael-schumacher.es\/noticias-f1\/2013\/09\/28\/firmado-el-acuerdo-de-la-concordia-entre-la-fia-y-la-fom\/\" data-layout=\"button_count\"><\/div><\/li><li class=\"share-twitter\"><a href=\"https:\/\/twitter.com\/share\" class=\"twitter-share-button\" data-url=\"http:\/\/www.michael-schumacher.es\/noticias-f1\/2013\/09\/28\/firmado-el-acuerdo-de-la-concordia-entre-la-fia-y-la-fom\/\" data-text=\"Firmado el acuerdo de la Concordia entre la FIA y la FOM\"  >Tweet<\/a><\/li><li class=\"share-email\"><a rel=\"nofollow noopener noreferrer\" data-shared=\"\" class=\"share-email sd-button\" href=\"http:\/\/www.michael-schumacher.es\/noticias-f1\/2013\/09\/28\/firmado-el-acuerdo-de-la-concordia-entre-la-fia-y-la-fom\/?share=email\" target=\"_blank\" title=\"Haz clic para enviar por correo electr\u00f3nico a un amigo\"><span>Correo electr\u00f3nico<\/span><\/a><\/li><li class=\"share-end\"><\/li><\/ul><\/div><\/div><\/div>","protected":false},"excerpt":{"rendered":"<p>En el Consejo Mundial del Deporte Motor reunido hoy, 27 de septiembre, en Dubrovnik, Croacia, se ha aprobado el acuerdo alcanzado por la FIA y el Grupo de F\u00f3rmula 1 en julio de 2013,\u00a0 la aplicaci\u00f3n del Acuerdo de la Concordia ya ha entrado en vigor y estar\u00e1 vigente durante el per\u00edodo 2013-2020. Ambos \u00f3rganos [&hellip;]<\/p>\n<div class=\"sharedaddy sd-sharing-enabled\"><div class=\"robots-nocontent sd-block sd-social sd-social-official sd-sharing\"><h3 class=\"sd-title\">Opciones Sociales:<\/h3><div class=\"sd-content\"><ul><li class=\"share-facebook\"><div class=\"fb-share-button\" data-href=\"http:\/\/www.michael-schumacher.es\/noticias-f1\/2013\/09\/28\/firmado-el-acuerdo-de-la-concordia-entre-la-fia-y-la-fom\/\" data-layout=\"button_count\"><\/div><\/li><li class=\"share-twitter\"><a href=\"https:\/\/twitter.com\/share\" class=\"twitter-share-button\" data-url=\"http:\/\/www.michael-schumacher.es\/noticias-f1\/2013\/09\/28\/firmado-el-acuerdo-de-la-concordia-entre-la-fia-y-la-fom\/\" data-text=\"Firmado el acuerdo de la Concordia entre la FIA y la FOM\"  >Tweet<\/a><\/li><li class=\"share-email\"><a rel=\"nofollow noopener noreferrer\" data-shared=\"\" class=\"share-email sd-button\" href=\"http:\/\/www.michael-schumacher.es\/noticias-f1\/2013\/09\/28\/firmado-el-acuerdo-de-la-concordia-entre-la-fia-y-la-fom\/?share=email\" target=\"_blank\" title=\"Haz clic para enviar por correo electr\u00f3nico a un amigo\"><span>Correo electr\u00f3nico<\/span><\/a><\/li><li class=\"share-end\"><\/li><\/ul><\/div><\/div><\/div>","protected":false},"author":3,"featured_media":0,"comment_status":"open","ping_status":"open","sticky":false,"template":"","format":"standard","meta":{"_monsterinsights_skip_tracking":false,"_monsterinsights_sitenote_active":false,"_monsterinsights_sitenote_note":"","_monsterinsights_sitenote_category":0,"spay_email":"","jetpack_publicize_message":"","jetpack_is_tweetstorm":false,"jetpack_publicize_feature_enabled":true},"categories":[3],"tags":[4152,366,432,511,431,17,127,2913,15,4150,4149,671,4151],"jetpack_featured_media_url":"","jetpack_publicize_connections":[],"jetpack_sharing_enabled":true,"jetpack_shortlink":"https:\/\/wp.me\/p27q3P-3jr","_links":{"self":[{"href":"http:\/\/www.michael-schumacher.es\/noticias-f1\/wp-json\/wp\/v2\/posts\/12737"}],"collection":[{"href":"http:\/\/www.michael-schumacher.es\/noticias-f1\/wp-json\/wp\/v2\/posts"}],"about":[{"href":"http:\/\/www.michael-schumacher.es\/noticias-f1\/wp-json\/wp\/v2\/types\/post"}],"author":[{"embeddable":true,"href":"http:\/\/www.michael-schumacher.es\/noticias-f1\/wp-json\/wp\/v2\/users\/3"}],"replies":[{"embeddable":true,"href":"http:\/\/www.michael-schumacher.es\/noticias-f1\/wp-json\/wp\/v2\/comments?post=12737"}],"version-history":[{"count":0,"href":"http:\/\/www.michael-schumacher.es\/noticias-f1\/wp-json\/wp\/v2\/posts\/12737\/revisions"}],"wp:attachment":[{"href":"http:\/\/www.michael-schumacher.es\/noticias-f1\/wp-json\/wp\/v2\/media?parent=12737"}],"wp:term":[{"taxonomy":"category","embeddable":true,"href":"http:\/\/www.michael-schumacher.es\/noticias-f1\/wp-json\/wp\/v2\/categories?post=12737"},{"taxonomy":"post_tag","embeddable":true,"href":"http:\/\/www.michael-schumacher.es\/noticias-f1\/wp-json\/wp\/v2\/tags?post=12737"}],"curies":[{"name":"wp","href":"https:\/\/api.w.org\/{rel}","templated":true}]}}