{"id":12745,"date":"2013-09-28T08:57:10","date_gmt":"2013-09-28T06:57:10","guid":{"rendered":"http:\/\/www.michael-schumacher.es\/noticias-f1\/?p=12745"},"modified":"2013-09-28T04:17:44","modified_gmt":"2013-09-28T02:17:44","slug":"pirelli-confirmada-por-la-fia-para-2014","status":"publish","type":"post","link":"http:\/\/www.michael-schumacher.es\/noticias-f1\/2013\/09\/28\/pirelli-confirmada-por-la-fia-para-2014\/","title":{"rendered":"Pirelli confirmada por la FIA para 2014"},"content":{"rendered":"<p><a href=\"http:\/\/www.michael-schumacher.es\/noticias-f1\/wp-content\/uploads\/2013\/03\/pirelli-motorhome.jpg\"><img loading=\"lazy\" class=\"alignleft\" alt=\"pirelli-motorhome\" src=\"http:\/\/www.michael-schumacher.es\/noticias-f1\/wp-content\/uploads\/2013\/03\/pirelli-motorhome.jpg\" width=\"201\" height=\"150\" \/><\/a>De este modo el Consejo Mundial del Motor respeta los\u00a0 acuerdos tomados tanto por los equipos como por la FOM con Pirelli, y tambi\u00e9n cumple el fin de cubrir el per\u00edodo de transici\u00f3n, hasta que un nuevo procedimiento se lleve a cabo en el futuro.<\/p>\n<p><!--more--> <!--noteaser--><\/p>\n<p><a href=\"http:\/\/www.michael-schumacher.es\/noticias-f1\/wp-content\/uploads\/2013\/03\/pirelli-motorhome.jpg\"><img loading=\"lazy\" class=\"aligncenter size-full wp-image-8460\" alt=\"pirelli-motorhome\" src=\"http:\/\/www.michael-schumacher.es\/noticias-f1\/wp-content\/uploads\/2013\/03\/pirelli-motorhome.jpg\" width=\"650\" height=\"487\" srcset=\"http:\/\/www.michael-schumacher.es\/noticias-f1\/wp-content\/uploads\/2013\/03\/pirelli-motorhome.jpg 650w, http:\/\/www.michael-schumacher.es\/noticias-f1\/wp-content\/uploads\/2013\/03\/pirelli-motorhome-300x224.jpg 300w\" sizes=\"(max-width: 650px) 100vw, 650px\" \/><\/a><\/p>\n<p>&nbsp;<\/p>\n<p>De este modo el Consejo Mundial del Motor respeta los\u00a0 acuerdos tomados tanto por los equipos como por la FOM con Pirelli, y tambi\u00e9n cumple el fin de cubrir el per\u00edodo de transici\u00f3n, hasta que un nuevo procedimiento se lleve a cabo en el futuro.<\/p>\n<p>&nbsp;<\/p>\n<p>Por lo que pese a las muchas pol\u00e9micas en las que se ha visto Pirelli,\u00a0 donde incluso se puso en tela de juicio la seguridad de sus neum\u00e1ticos, algo que fue resuelto volviendo sus neum\u00e1ticos a la estructura del 2012.\u00a0 Pirelli va a seguir siendo el \u00fanico encargado de suministrar los neum\u00e1ticos de la F\u00f3rmula 1 en 2014, un a\u00f1o lleno de cambios y de enorme importancia. Por lo que cualquier otro proveedor interesado en regresar a F1 deber\u00e1 esperar al menos un a\u00f1o.<\/p>\n<p>&nbsp;<\/p>\n<p>Este periodo de transici\u00f3n que no ha sido definido en el tiempo\u00a0 terminar\u00e1 con un nuevo procedimiento de concurso por el que se realizar\u00e1 el nombramiento de proveedores individuales en las categor\u00edas de neum\u00e1ticos y combustible, proceso en el que la FIA ser\u00e1 el \u00f3rgano encargado de llevar a cabo dicho proceso de licitaci\u00f3n.<\/p>\n<p>&nbsp;<\/p>\n<p>Con el siguiente texto publicado en la p\u00e1gina Web oficial de la FIA, se confirma que Pirelli seguir\u00e1 suministrado neum\u00e1ticos a los equipos, respetando los anteriores acuerdos alcanzados por Pirelli y lo equipos:<strong> \u201cCon el fin de cubrir el per\u00edodo de transici\u00f3n y teniendo en cuenta los contratos ya establecidos por la FOM y los equipos con Pirelli, el hoy WMSC confirma que Pirelli puede seguir suministrando neum\u00e1ticos a los competidores en el Campeonato del Mundo de F1 FIA, con sujeci\u00f3n a las normas t\u00e9cnicas y de seguridad necesarias de la FIA\u201d. <\/strong><\/p>\n<p>&nbsp;<\/p>\n<p>&nbsp;<\/p>\n<div class=\"sharedaddy sd-sharing-enabled\"><div class=\"robots-nocontent sd-block sd-social sd-social-official sd-sharing\"><h3 class=\"sd-title\">Opciones Sociales:<\/h3><div class=\"sd-content\"><ul><li class=\"share-facebook\"><div class=\"fb-share-button\" data-href=\"http:\/\/www.michael-schumacher.es\/noticias-f1\/2013\/09\/28\/pirelli-confirmada-por-la-fia-para-2014\/\" data-layout=\"button_count\"><\/div><\/li><li class=\"share-twitter\"><a href=\"https:\/\/twitter.com\/share\" class=\"twitter-share-button\" data-url=\"http:\/\/www.michael-schumacher.es\/noticias-f1\/2013\/09\/28\/pirelli-confirmada-por-la-fia-para-2014\/\" data-text=\"Pirelli confirmada por la FIA para 2014\"  >Tweet<\/a><\/li><li class=\"share-email\"><a rel=\"nofollow noopener noreferrer\" data-shared=\"\" class=\"share-email sd-button\" href=\"http:\/\/www.michael-schumacher.es\/noticias-f1\/2013\/09\/28\/pirelli-confirmada-por-la-fia-para-2014\/?share=email\" target=\"_blank\" title=\"Haz clic para enviar por correo electr\u00f3nico a un amigo\"><span>Correo electr\u00f3nico<\/span><\/a><\/li><li class=\"share-end\"><\/li><\/ul><\/div><\/div><\/div>","protected":false},"excerpt":{"rendered":"<p>De este modo el Consejo Mundial del Motor respeta los\u00a0 acuerdos tomados tanto por los equipos como por la FOM con Pirelli, y tambi\u00e9n cumple el fin de cubrir el per\u00edodo de transici\u00f3n, hasta que un nuevo procedimiento se lleve a cabo en el futuro.<\/p>\n<div class=\"sharedaddy sd-sharing-enabled\"><div class=\"robots-nocontent sd-block sd-social sd-social-official sd-sharing\"><h3 class=\"sd-title\">Opciones Sociales:<\/h3><div class=\"sd-content\"><ul><li class=\"share-facebook\"><div class=\"fb-share-button\" data-href=\"http:\/\/www.michael-schumacher.es\/noticias-f1\/2013\/09\/28\/pirelli-confirmada-por-la-fia-para-2014\/\" data-layout=\"button_count\"><\/div><\/li><li class=\"share-twitter\"><a href=\"https:\/\/twitter.com\/share\" class=\"twitter-share-button\" data-url=\"http:\/\/www.michael-schumacher.es\/noticias-f1\/2013\/09\/28\/pirelli-confirmada-por-la-fia-para-2014\/\" data-text=\"Pirelli confirmada por la FIA para 2014\"  >Tweet<\/a><\/li><li class=\"share-email\"><a rel=\"nofollow noopener noreferrer\" data-shared=\"\" class=\"share-email sd-button\" href=\"http:\/\/www.michael-schumacher.es\/noticias-f1\/2013\/09\/28\/pirelli-confirmada-por-la-fia-para-2014\/?share=email\" target=\"_blank\" title=\"Haz clic para enviar por correo electr\u00f3nico a un amigo\"><span>Correo electr\u00f3nico<\/span><\/a><\/li><li class=\"share-end\"><\/li><\/ul><\/div><\/div><\/div>","protected":false},"author":3,"featured_media":0,"comment_status":"open","ping_status":"open","sticky":false,"template":"","format":"standard","meta":{"_monsterinsights_skip_tracking":false,"_monsterinsights_sitenote_active":false,"_monsterinsights_sitenote_note":"","_monsterinsights_sitenote_category":0,"spay_email":"","jetpack_publicize_message":"","jetpack_is_tweetstorm":false,"jetpack_publicize_feature_enabled":true},"categories":[3],"tags":[758,1991,4153,1257,4154,3887,17,127,15,606,218,223,2533,1990,238,1874],"jetpack_featured_media_url":"","jetpack_publicize_connections":[],"jetpack_sharing_enabled":true,"jetpack_shortlink":"https:\/\/wp.me\/p27q3P-3jz","_links":{"self":[{"href":"http:\/\/www.michael-schumacher.es\/noticias-f1\/wp-json\/wp\/v2\/posts\/12745"}],"collection":[{"href":"http:\/\/www.michael-schumacher.es\/noticias-f1\/wp-json\/wp\/v2\/posts"}],"about":[{"href":"http:\/\/www.michael-schumacher.es\/noticias-f1\/wp-json\/wp\/v2\/types\/post"}],"author":[{"embeddable":true,"href":"http:\/\/www.michael-schumacher.es\/noticias-f1\/wp-json\/wp\/v2\/users\/3"}],"replies":[{"embeddable":true,"href":"http:\/\/www.michael-schumacher.es\/noticias-f1\/wp-json\/wp\/v2\/comments?post=12745"}],"version-history":[{"count":0,"href":"http:\/\/www.michael-schumacher.es\/noticias-f1\/wp-json\/wp\/v2\/posts\/12745\/revisions"}],"wp:attachment":[{"href":"http:\/\/www.michael-schumacher.es\/noticias-f1\/wp-json\/wp\/v2\/media?parent=12745"}],"wp:term":[{"taxonomy":"category","embeddable":true,"href":"http:\/\/www.michael-schumacher.es\/noticias-f1\/wp-json\/wp\/v2\/categories?post=12745"},{"taxonomy":"post_tag","embeddable":true,"href":"http:\/\/www.michael-schumacher.es\/noticias-f1\/wp-json\/wp\/v2\/tags?post=12745"}],"curies":[{"name":"wp","href":"https:\/\/api.w.org\/{rel}","templated":true}]}}