{"id":12749,"date":"2013-09-28T09:19:02","date_gmt":"2013-09-28T07:19:02","guid":{"rendered":"http:\/\/www.michael-schumacher.es\/noticias-f1\/?p=12749"},"modified":"2013-09-28T04:44:13","modified_gmt":"2013-09-28T02:44:13","slug":"wolff-no-ve-un-gran-cambio-en-el-equilibrio-de-poder-en-2014","status":"publish","type":"post","link":"http:\/\/www.michael-schumacher.es\/noticias-f1\/2013\/09\/28\/wolff-no-ve-un-gran-cambio-en-el-equilibrio-de-poder-en-2014\/","title":{"rendered":"Wolff no ve un gran cambio en el equilibrio de poder en 2014"},"content":{"rendered":"<p><a href=\"http:\/\/www.michael-schumacher.es\/noticias-f1\/wp-content\/uploads\/2013\/01\/Toto-Wolff.jpg\"><img loading=\"lazy\" class=\"alignleft\" alt=\"Toto Wolff\" src=\"http:\/\/www.michael-schumacher.es\/noticias-f1\/wp-content\/uploads\/2013\/01\/Toto-Wolff.jpg\" width=\"200\" height=\"150\" \/><\/a>Seg\u00fan Toto Wolff la dominaci\u00f3n de Sebastian Vettel y Red Bull continuar\u00e1, ya que no espera grandes cambios en la jerarqu\u00eda de los equipos. Tiene muy claro que el que ahora mismo esta haciendo mejor trabajo es Red Bull y no ve la causa por la que el cambio a los motores V6 Turbo, marquen una diferencia, ya que el rendimiento lo consiguen las personas y seguir\u00e1n trabajando donde est\u00e1n.<\/p>\n<p><!--more--> <!--noteaser--><\/p>\n<p><a href=\"http:\/\/www.michael-schumacher.es\/noticias-f1\/wp-content\/uploads\/2013\/01\/Toto-Wolff.jpg\"><img loading=\"lazy\" class=\"aligncenter size-full wp-image-7514\" alt=\"Toto Wolff\" src=\"http:\/\/www.michael-schumacher.es\/noticias-f1\/wp-content\/uploads\/2013\/01\/Toto-Wolff.jpg\" width=\"650\" height=\"488\" srcset=\"http:\/\/www.michael-schumacher.es\/noticias-f1\/wp-content\/uploads\/2013\/01\/Toto-Wolff.jpg 650w, http:\/\/www.michael-schumacher.es\/noticias-f1\/wp-content\/uploads\/2013\/01\/Toto-Wolff-300x225.jpg 300w\" sizes=\"(max-width: 650px) 100vw, 650px\" \/><\/a><\/p>\n<p>&nbsp;<\/p>\n<p>&nbsp;<\/p>\n<p>Seg\u00fan Toto Wolff la dominaci\u00f3n de Sebastian Vettel y Red Bull continuar\u00e1, ya que no espera grandes cambios en la jerarqu\u00eda de los equipos. Tiene muy claro que el que ahora mismo esta haciendo mejor trabajo es Red Bull y no ve la causa por la que el cambio a los motores V6 Turbo, marquen una diferencia, ya que el rendimiento lo consiguen las personas y seguir\u00e1n trabajando donde est\u00e1n.<\/p>\n<p>&nbsp;<\/p>\n<p>Realmente el dominio de Red Bull en esta temporada 2013 es aplastante y sigue creciendo en cada carrera, como pudimos comprobar en el Gran Premio de Singapur, donde Sebastian Vettel sacaba casi dos segundos por vuelta a sus rivales. De hecho el tricampe\u00f3n y l\u00edder del campeonato tiene una ventaja sobre Alonso su inmediato rival de 60 puntos. Y ha sido el ganador de los \u00faltimos tres Grandes Premios, B\u00e9lgica, Italia y Singapur.<\/p>\n<p>&nbsp;<\/p>\n<p>Aunque tambi\u00e9n los hay que al contrario de la opini\u00f3n de Wolff, esperan que los cambios de 2014 sean el final de la dominaci\u00f3n de Vettel y Red Bull, entre estas optimistas opiniones est\u00e1 Bernie Ecclestone, aunque tambi\u00e9n esa opini\u00f3n puede ser para dar moral a los rivales de Vettel. Asi como Fernando Alonso, quien tambi\u00e9n conf\u00eda en 2014 para reducir las distancias.<\/p>\n<p>&nbsp;<\/p>\n<p>Bernie Ecclestone declaraba al diario el Bild, que el 2014 puede ser la oportunidad de los rivales para acortar distancias con Vettel: <strong>\u201cSu dominio tiene que terminar, quiz\u00e1s sea en el 2014. Habr\u00e1 coches nuevos, nuevos motores, nuevas reglas. Esta es la oportunidad para Ferrari y Mercedes de recortar distancias con Vettel. El pr\u00f3ximo a\u00f1o no ser\u00e1 necesariamente el mejor piloto el que se haga con el campeonato, ser\u00e1 el mejor coche el que consiga el t\u00edtulo.\u201d<\/strong><\/p>\n<p>&nbsp;<\/p>\n<p>Fernando Alonso tambi\u00e9n conf\u00eda que en 2014 se puede empezar de cero\u00a0 y cerrar la brecha con los rivales:<strong> \u201cPara el a\u00f1o pr\u00f3ximo empezaremos de cero. Realmente pondremos todo nuestro empe\u00f1o y esperanzas en 2014 porque empezar de cero es la mejor oportunidad para cerrar la brecha que nos separa de los mejores equipos\u201d.<\/strong><\/p>\n<p>&nbsp;<\/p>\n<p>Sin embargo Toto Wolff no se hace demasiadas ilusiones y considera que no va a haber grandes diferencias, seg\u00fan sus declaraciones al Daily Telegraph: <strong>\u201cEl rendimiento est\u00e1 siendo dirigido por personas que permanecer donde est\u00e1n, en los grandes equipos. Yo no veo que haya un gran cambio en el equilibrio de poder. Obviamente, podr\u00eda depender un poco m\u00e1s sobre el motor el a\u00f1o que viene, pero si nos fijamos en la estructura de Ferrari en Maranello y la de Renault en Viry, est\u00e1n motivados por igual. As\u00ed que no veo grandes diferencias\u201d.<\/strong><\/p>\n<p>&nbsp;<\/p>\n<p>Aunque, pese a que Toto Wolff es realista y sus declaraciones est\u00e1n basadas en su opini\u00f3n sobre el rendimiento que observa y que espera, no es una situaci\u00f3n que le agrade, ya que otra era como la de Michael Schumacher siete veces campe\u00f3n del mundo y el piloto m\u00e1s laureado de la historia, no considera que sea buena para el espect\u00e1culo de la F1 ya que siempre un mismo ganador resta emoci\u00f3n.<\/p>\n<p>&nbsp;<\/p>\n<p>Toto Wolff considera que un dominio absoluto de un piloto como lo hizo Michael Schumacher es aburrido: <strong>\u201dHemos tenido muchos a\u00f1os de dominio de ciertos pilotos y equipos. La gente dec\u00eda que era aburrido cuando Michael Schumacher estaba ganando todo el tiempo, ahora la gente dice lo mismo con Sebastian Vettel. Este es el lado negativo del \u00e9xito\u201d.<\/strong><\/p>\n<p>&nbsp;<\/p>\n<p>Wolff con sentido del humor destaca, que un ganador cada domingo ser\u00eda bueno para su bienestar, pero Red Bull es quien est\u00e1 haciendo el mejor trabajo:\u00a0 <strong>\u201cPara mi bienestar el domingo por la noche, un ganador diferente sin duda ser\u00eda una buena cosa para animarnos. \u00bfFue malo para el deporte? Es evidente que si un equipo y un conductor dominan durante mucho tiempo, no es lo m\u00e1s excitante. Pero la raz\u00f3n por la que me encanta este deporte tanto es porque no te puedes enga\u00f1ar contra el cron\u00f3metro. Red Bull es el equipo que\u00a0 mejor trabajo est\u00e1 haciendo y es lo dice el cronometro.\u201d<\/strong><\/p>\n<p>&nbsp;<\/p>\n<p>&nbsp;<\/p>\n<div class=\"sharedaddy sd-sharing-enabled\"><div class=\"robots-nocontent sd-block sd-social sd-social-official sd-sharing\"><h3 class=\"sd-title\">Opciones Sociales:<\/h3><div class=\"sd-content\"><ul><li class=\"share-facebook\"><div class=\"fb-share-button\" data-href=\"http:\/\/www.michael-schumacher.es\/noticias-f1\/2013\/09\/28\/wolff-no-ve-un-gran-cambio-en-el-equilibrio-de-poder-en-2014\/\" data-layout=\"button_count\"><\/div><\/li><li class=\"share-twitter\"><a href=\"https:\/\/twitter.com\/share\" class=\"twitter-share-button\" data-url=\"http:\/\/www.michael-schumacher.es\/noticias-f1\/2013\/09\/28\/wolff-no-ve-un-gran-cambio-en-el-equilibrio-de-poder-en-2014\/\" data-text=\"Wolff no ve un gran cambio en el equilibrio de poder en 2014\"  >Tweet<\/a><\/li><li class=\"share-email\"><a rel=\"nofollow noopener noreferrer\" data-shared=\"\" class=\"share-email sd-button\" href=\"http:\/\/www.michael-schumacher.es\/noticias-f1\/2013\/09\/28\/wolff-no-ve-un-gran-cambio-en-el-equilibrio-de-poder-en-2014\/?share=email\" target=\"_blank\" title=\"Haz clic para enviar por correo electr\u00f3nico a un amigo\"><span>Correo electr\u00f3nico<\/span><\/a><\/li><li class=\"share-end\"><\/li><\/ul><\/div><\/div><\/div>","protected":false},"excerpt":{"rendered":"<p>Seg\u00fan Toto Wolff la dominaci\u00f3n de Sebastian Vettel y Red Bull continuar\u00e1, ya que no espera grandes cambios en la jerarqu\u00eda de los equipos. Tiene muy claro que el que ahora mismo esta haciendo mejor trabajo es Red Bull y no ve la causa por la que el cambio a los motores V6 Turbo, marquen [&hellip;]<\/p>\n<div class=\"sharedaddy sd-sharing-enabled\"><div class=\"robots-nocontent sd-block sd-social sd-social-official sd-sharing\"><h3 class=\"sd-title\">Opciones Sociales:<\/h3><div class=\"sd-content\"><ul><li class=\"share-facebook\"><div class=\"fb-share-button\" data-href=\"http:\/\/www.michael-schumacher.es\/noticias-f1\/2013\/09\/28\/wolff-no-ve-un-gran-cambio-en-el-equilibrio-de-poder-en-2014\/\" data-layout=\"button_count\"><\/div><\/li><li class=\"share-twitter\"><a href=\"https:\/\/twitter.com\/share\" class=\"twitter-share-button\" data-url=\"http:\/\/www.michael-schumacher.es\/noticias-f1\/2013\/09\/28\/wolff-no-ve-un-gran-cambio-en-el-equilibrio-de-poder-en-2014\/\" data-text=\"Wolff no ve un gran cambio en el equilibrio de poder en 2014\"  >Tweet<\/a><\/li><li class=\"share-email\"><a rel=\"nofollow noopener noreferrer\" data-shared=\"\" class=\"share-email sd-button\" href=\"http:\/\/www.michael-schumacher.es\/noticias-f1\/2013\/09\/28\/wolff-no-ve-un-gran-cambio-en-el-equilibrio-de-poder-en-2014\/?share=email\" target=\"_blank\" title=\"Haz clic para enviar por correo electr\u00f3nico a un amigo\"><span>Correo electr\u00f3nico<\/span><\/a><\/li><li class=\"share-end\"><\/li><\/ul><\/div><\/div><\/div>","protected":false},"author":3,"featured_media":0,"comment_status":"open","ping_status":"open","sticky":false,"template":"","format":"standard","meta":{"_monsterinsights_skip_tracking":false,"_monsterinsights_sitenote_active":false,"_monsterinsights_sitenote_note":"","_monsterinsights_sitenote_category":0,"spay_email":"","jetpack_publicize_message":"","jetpack_is_tweetstorm":false,"jetpack_publicize_feature_enabled":true},"categories":[3],"tags":[373,758,618,619,17,15,304,1804,499,71,238,3484,616,1944,4155,30,617],"jetpack_featured_media_url":"","jetpack_publicize_connections":[],"jetpack_sharing_enabled":true,"jetpack_shortlink":"https:\/\/wp.me\/p27q3P-3jD","_links":{"self":[{"href":"http:\/\/www.michael-schumacher.es\/noticias-f1\/wp-json\/wp\/v2\/posts\/12749"}],"collection":[{"href":"http:\/\/www.michael-schumacher.es\/noticias-f1\/wp-json\/wp\/v2\/posts"}],"about":[{"href":"http:\/\/www.michael-schumacher.es\/noticias-f1\/wp-json\/wp\/v2\/types\/post"}],"author":[{"embeddable":true,"href":"http:\/\/www.michael-schumacher.es\/noticias-f1\/wp-json\/wp\/v2\/users\/3"}],"replies":[{"embeddable":true,"href":"http:\/\/www.michael-schumacher.es\/noticias-f1\/wp-json\/wp\/v2\/comments?post=12749"}],"version-history":[{"count":0,"href":"http:\/\/www.michael-schumacher.es\/noticias-f1\/wp-json\/wp\/v2\/posts\/12749\/revisions"}],"wp:attachment":[{"href":"http:\/\/www.michael-schumacher.es\/noticias-f1\/wp-json\/wp\/v2\/media?parent=12749"}],"wp:term":[{"taxonomy":"category","embeddable":true,"href":"http:\/\/www.michael-schumacher.es\/noticias-f1\/wp-json\/wp\/v2\/categories?post=12749"},{"taxonomy":"post_tag","embeddable":true,"href":"http:\/\/www.michael-schumacher.es\/noticias-f1\/wp-json\/wp\/v2\/tags?post=12749"}],"curies":[{"name":"wp","href":"https:\/\/api.w.org\/{rel}","templated":true}]}}