{"id":12849,"date":"2013-10-04T23:40:56","date_gmt":"2013-10-04T21:40:56","guid":{"rendered":"http:\/\/www.michael-schumacher.es\/noticias-f1\/?p=12849"},"modified":"2013-10-04T19:09:29","modified_gmt":"2013-10-04T17:09:29","slug":"entrenamientos-gp-de-corea-yeongam-2013-williams","status":"publish","type":"post","link":"http:\/\/www.michael-schumacher.es\/noticias-f1\/2013\/10\/04\/entrenamientos-gp-de-corea-yeongam-2013-williams\/","title":{"rendered":"Entrenamientos GP de Corea, Yeongam 2013. Williams"},"content":{"rendered":"<p><a href=\"http:\/\/www.michael-schumacher.es\/noticias-f1\/wp-content\/uploads\/2013\/03\/pastor_maldonado_test-bcn-2013_david-sarro.jpg\"><img loading=\"lazy\" class=\"alignleft\" alt=\"pastor_maldonado_test-bcn-2013_david-sarro\" src=\"http:\/\/www.michael-schumacher.es\/noticias-f1\/wp-content\/uploads\/2013\/03\/pastor_maldonado_test-bcn-2013_david-sarro.jpg\" width=\"200\" height=\"133\" \/><\/a>El equipo Williams ha tenido una jornada de entrenamientos completa con el trabajo\u00a0 de configuraci\u00f3n, las tandas de neum\u00e1ticos y evaluaciones aerodin\u00e1micas, pero algo m\u00e1s floja de lo que esperaban, aunque el nuevo aler\u00f3n que probaron con Pastor parece funcionar como esperaban, ahora deben analizar los datos y buscar la mejor configuraci\u00f3n para Calificaci\u00f3n y carrera.<\/p>\n<p><!--more--> <!--noteaser--><\/p>\n<p><a href=\"http:\/\/www.michael-schumacher.es\/noticias-f1\/wp-content\/uploads\/2013\/03\/pastor_maldonado_test-bcn-2013_david-sarro.jpg\"><img loading=\"lazy\" class=\"aligncenter size-full wp-image-8155\" alt=\"pastor_maldonado_test-bcn-2013_david-sarro\" src=\"http:\/\/www.michael-schumacher.es\/noticias-f1\/wp-content\/uploads\/2013\/03\/pastor_maldonado_test-bcn-2013_david-sarro.jpg\" width=\"650\" height=\"433\" srcset=\"http:\/\/www.michael-schumacher.es\/noticias-f1\/wp-content\/uploads\/2013\/03\/pastor_maldonado_test-bcn-2013_david-sarro.jpg 650w, http:\/\/www.michael-schumacher.es\/noticias-f1\/wp-content\/uploads\/2013\/03\/pastor_maldonado_test-bcn-2013_david-sarro-300x199.jpg 300w\" sizes=\"(max-width: 650px) 100vw, 650px\" \/><\/a><\/p>\n<p>&nbsp;<\/p>\n<p>El equipo Williams ha tenido una jornada de entrenamientos completa con el trabajo\u00a0 de configuraci\u00f3n, las tandas de neum\u00e1ticos y evaluaciones aerodin\u00e1micas, pero algo m\u00e1s floja de lo que esperaban, aunque el nuevo aler\u00f3n que probaron con Pastor parece funcionar como esperaban, ahora deben analizar los datos y buscar la mejor configuraci\u00f3n para Calificaci\u00f3n y carrera.<\/p>\n<p>&nbsp;<\/p>\n<p>Pastor Maldonado considera que la jornada de hoy no ha estado al nivel que esperaban y aunque han avanzado con el nuevo aler\u00f3n, deben trabajar y analizar los datos para mejorar para ma\u00f1ana, Maldonado acab\u00f3 la sesi\u00f3n de la ma\u00f1ana en posici\u00f3n 13\u00ba y la sesi\u00f3n de la tarde en posici\u00f3n 17\u00ba, aunque espera con esfuerzo lograr el m\u00e1ximo rendimiento. Valtteri Bottas considera que aunque han hecho muchas pruebas hoy, todav\u00eda deben mejorar el equilibrio, pero destaca como positivo que el nuevo aler\u00f3n parece haber funcionado para Maldonado por lo que tiene ganas de probarlo el mismo, Bottas acab\u00f3 la primera sesi\u00f3n en posici\u00f3n 16\u00ba y la segunda sesi\u00f3n en posici\u00f3n\u00a0 18\u00ba.<\/p>\n<p>&nbsp;<\/p>\n<p><strong>Pastor Maldonado:<\/strong> <em>\u201cNuestra actuaci\u00f3n no fue al nivel que esper\u00e1bamos hoy, pero espero que podamos analizar esta noche los datos y mejorar para ma\u00f1ana. Parece que hemos dado un paso adelante con el nuevo aler\u00f3n delantero, pero tenemos que trabajar en el coche en su conjunto para examinar todos los \u00e1mbitos. Como siempre vamos a hacer nuestro mejor esfuerzo y tratar de sacar el m\u00e1ximo partido del coche\u201d.<\/em><\/p>\n<p>&nbsp;<\/p>\n<p><strong>Valtteri Bottas:<\/strong> <em>\u201cHicimos un buen n\u00famero de pruebas con el coche hoy, tanto mec\u00e1nicos y aerodin\u00e1micos. Todav\u00eda nos queda un poco de trabajo que hacer con el equilibrio del coche, ya que est\u00e1 luchando con la parte delantera, sobre todo en media curva. Tenemos que trabajar en eso, pero lo positivo es que parece que hemos dado un paso adelante con el nuevo aler\u00f3n delantero que probamos en el coche de Pastor, as\u00ed que esperamos con ganas probarlo yo mismo\u201d.<\/em><\/p>\n<p>&nbsp;<\/p>\n<p><strong>Xevi Pujolar, Ingeniero Jefe de Carrera:<\/strong> <em>\u201cTuvimos varias pruebas con los dos coches esta ma\u00f1ana, incluyendo algunos peque\u00f1os cambios aerodin\u00e1micos. Pastor corri\u00f3 con un nuevo aler\u00f3n delantero en la FP1 que funcion\u00f3 como se esperaba y que por lo tanto, y \u00e9l lo mantuvo hasta FP2. Varios test mec\u00e1nicos de puesta a punto tambi\u00e9n se completaron, con largas tandas para los dos pilotos de FP2 para reunir informaci\u00f3n de los neum\u00e1ticos. Ambos pilotos estaban contentos con el coche y los neum\u00e1ticos esta ma\u00f1ana, pero no ten\u00edamos el mismo ritmo esta tarde. Tenemos que mirar los datos ahora para asegurarnos de que tenemos la mejor configuraci\u00f3n para mejorar tanto nuestra calificaci\u00f3n y ritmo de carrera este fin de semana\u201d.<\/em><\/p>\n<p>&nbsp;<\/p>\n<p><strong>Imagen:<\/strong> David Sarr\u00f3<\/p>\n<div class=\"sharedaddy sd-sharing-enabled\"><div class=\"robots-nocontent sd-block sd-social sd-social-official sd-sharing\"><h3 class=\"sd-title\">Opciones Sociales:<\/h3><div class=\"sd-content\"><ul><li class=\"share-facebook\"><div class=\"fb-share-button\" data-href=\"http:\/\/www.michael-schumacher.es\/noticias-f1\/2013\/10\/04\/entrenamientos-gp-de-corea-yeongam-2013-williams\/\" data-layout=\"button_count\"><\/div><\/li><li class=\"share-twitter\"><a href=\"https:\/\/twitter.com\/share\" class=\"twitter-share-button\" data-url=\"http:\/\/www.michael-schumacher.es\/noticias-f1\/2013\/10\/04\/entrenamientos-gp-de-corea-yeongam-2013-williams\/\" data-text=\"Entrenamientos GP de Corea, Yeongam 2013. Williams\"  >Tweet<\/a><\/li><li class=\"share-email\"><a rel=\"nofollow noopener noreferrer\" data-shared=\"\" class=\"share-email sd-button\" href=\"http:\/\/www.michael-schumacher.es\/noticias-f1\/2013\/10\/04\/entrenamientos-gp-de-corea-yeongam-2013-williams\/?share=email\" target=\"_blank\" title=\"Haz clic para enviar por correo electr\u00f3nico a un amigo\"><span>Correo electr\u00f3nico<\/span><\/a><\/li><li class=\"share-end\"><\/li><\/ul><\/div><\/div><\/div>","protected":false},"excerpt":{"rendered":"<p>El equipo Williams ha tenido una jornada de entrenamientos completa con el trabajo\u00a0 de configuraci\u00f3n, las tandas de neum\u00e1ticos y evaluaciones aerodin\u00e1micas, pero algo m\u00e1s floja de lo que esperaban, aunque el nuevo aler\u00f3n que probaron con Pastor parece funcionar como esperaban, ahora deben analizar los datos y buscar la mejor configuraci\u00f3n para Calificaci\u00f3n y [&hellip;]<\/p>\n<div class=\"sharedaddy sd-sharing-enabled\"><div class=\"robots-nocontent sd-block sd-social sd-social-official sd-sharing\"><h3 class=\"sd-title\">Opciones Sociales:<\/h3><div class=\"sd-content\"><ul><li class=\"share-facebook\"><div class=\"fb-share-button\" data-href=\"http:\/\/www.michael-schumacher.es\/noticias-f1\/2013\/10\/04\/entrenamientos-gp-de-corea-yeongam-2013-williams\/\" data-layout=\"button_count\"><\/div><\/li><li class=\"share-twitter\"><a href=\"https:\/\/twitter.com\/share\" class=\"twitter-share-button\" data-url=\"http:\/\/www.michael-schumacher.es\/noticias-f1\/2013\/10\/04\/entrenamientos-gp-de-corea-yeongam-2013-williams\/\" data-text=\"Entrenamientos GP de Corea, Yeongam 2013. Williams\"  >Tweet<\/a><\/li><li class=\"share-email\"><a rel=\"nofollow noopener noreferrer\" data-shared=\"\" class=\"share-email sd-button\" href=\"http:\/\/www.michael-schumacher.es\/noticias-f1\/2013\/10\/04\/entrenamientos-gp-de-corea-yeongam-2013-williams\/?share=email\" target=\"_blank\" title=\"Haz clic para enviar por correo electr\u00f3nico a un amigo\"><span>Correo electr\u00f3nico<\/span><\/a><\/li><li class=\"share-end\"><\/li><\/ul><\/div><\/div><\/div>","protected":false},"author":3,"featured_media":0,"comment_status":"open","ping_status":"open","sticky":false,"template":"","format":"standard","meta":{"_monsterinsights_skip_tracking":false,"_monsterinsights_sitenote_active":false,"_monsterinsights_sitenote_note":"","_monsterinsights_sitenote_category":0,"spay_email":"","jetpack_publicize_message":"","jetpack_is_tweetstorm":false,"jetpack_publicize_feature_enabled":true},"categories":[67,3],"tags":[373,400,155,159,1623,17,15,6,8,97,96,828,93,1627],"jetpack_featured_media_url":"","jetpack_publicize_connections":[],"jetpack_sharing_enabled":true,"jetpack_shortlink":"https:\/\/wp.me\/p27q3P-3lf","_links":{"self":[{"href":"http:\/\/www.michael-schumacher.es\/noticias-f1\/wp-json\/wp\/v2\/posts\/12849"}],"collection":[{"href":"http:\/\/www.michael-schumacher.es\/noticias-f1\/wp-json\/wp\/v2\/posts"}],"about":[{"href":"http:\/\/www.michael-schumacher.es\/noticias-f1\/wp-json\/wp\/v2\/types\/post"}],"author":[{"embeddable":true,"href":"http:\/\/www.michael-schumacher.es\/noticias-f1\/wp-json\/wp\/v2\/users\/3"}],"replies":[{"embeddable":true,"href":"http:\/\/www.michael-schumacher.es\/noticias-f1\/wp-json\/wp\/v2\/comments?post=12849"}],"version-history":[{"count":0,"href":"http:\/\/www.michael-schumacher.es\/noticias-f1\/wp-json\/wp\/v2\/posts\/12849\/revisions"}],"wp:attachment":[{"href":"http:\/\/www.michael-schumacher.es\/noticias-f1\/wp-json\/wp\/v2\/media?parent=12849"}],"wp:term":[{"taxonomy":"category","embeddable":true,"href":"http:\/\/www.michael-schumacher.es\/noticias-f1\/wp-json\/wp\/v2\/categories?post=12849"},{"taxonomy":"post_tag","embeddable":true,"href":"http:\/\/www.michael-schumacher.es\/noticias-f1\/wp-json\/wp\/v2\/tags?post=12849"}],"curies":[{"name":"wp","href":"https:\/\/api.w.org\/{rel}","templated":true}]}}