{"id":12881,"date":"2013-10-05T04:55:51","date_gmt":"2013-10-05T02:55:51","guid":{"rendered":"http:\/\/www.michael-schumacher.es\/noticias-f1\/?p=12881"},"modified":"2013-10-05T01:17:00","modified_gmt":"2013-10-04T23:17:00","slug":"barcelona-no-acogera-los-test-de-pretemporada","status":"publish","type":"post","link":"http:\/\/www.michael-schumacher.es\/noticias-f1\/2013\/10\/05\/barcelona-no-acogera-los-test-de-pretemporada\/","title":{"rendered":"Barcelona no acoger\u00e1 los test de pretemporada"},"content":{"rendered":"<p><a href=\"http:\/\/www.michael-schumacher.es\/noticias-f1\/wp-content\/uploads\/2012\/11\/circuit-cat-logo.jpg\"><img loading=\"lazy\" class=\"alignleft\" alt=\"circuit-cat-logo\" src=\"http:\/\/www.michael-schumacher.es\/noticias-f1\/wp-content\/uploads\/2012\/11\/circuit-cat-logo.jpg\" width=\"200\" height=\"125\" \/><\/a>Bahr\u00e9in ser\u00e1 el elegido para sustituir al circuito de Catalunya el pr\u00f3ximo a\u00f1o, el circuito de\u00a0 Sakhir en lugar del circuito de Barcelona ser\u00e1 el trazado en el que los equipos de F1 hagan sus segundas pruebas de pretemporada en el pr\u00f3ximo campeonato de F1<\/p>\n<p><!--more--> <!--noteaser--><\/p>\n<p><a href=\"http:\/\/www.michael-schumacher.es\/noticias-f1\/wp-content\/uploads\/2012\/11\/circuit-cat-logo.jpg\"><img loading=\"lazy\" class=\"aligncenter size-full wp-image-6207\" alt=\"circuit-cat-logo\" src=\"http:\/\/www.michael-schumacher.es\/noticias-f1\/wp-content\/uploads\/2012\/11\/circuit-cat-logo.jpg\" width=\"650\" height=\"407\" srcset=\"http:\/\/www.michael-schumacher.es\/noticias-f1\/wp-content\/uploads\/2012\/11\/circuit-cat-logo.jpg 650w, http:\/\/www.michael-schumacher.es\/noticias-f1\/wp-content\/uploads\/2012\/11\/circuit-cat-logo-300x187.jpg 300w\" sizes=\"(max-width: 650px) 100vw, 650px\" \/><\/a><\/p>\n<p>&nbsp;<\/p>\n<p>&nbsp;<\/p>\n<p>Bahr\u00e9in ser\u00e1 el elegido para sustituir al circuito de Catalunya el pr\u00f3ximo a\u00f1o, el circuito de\u00a0 Sakhir en lugar del circuito de Barcelona ser\u00e1 el trazado en el que los equipos de F1 hagan sus segundas pruebas de pretemporada en el pr\u00f3ximo campeonato de F1<\/p>\n<p>&nbsp;<\/p>\n<p>Sin embargo Jerez va a seguir acogiendo los primeros entrenamientos pretemporada, que este pr\u00f3ximo a\u00f1o van a ser a finales de Enero, los d\u00edas desde el 28 al 31 de Enero. Mientras que los segundos entrenamientos de pretemporada ser\u00e1n en Bahr\u00e9in en dos ocasiones, los d\u00edas 19 al 22 de Febrero y tambi\u00e9n los d\u00edas del\u00a0 27 de febrero al 2 de Marzo.<\/p>\n<p>&nbsp;<\/p>\n<p>Este cambio de ubicaci\u00f3n de los entrenamientos de pretemporada, se ha tomado \u00fanicamente por motivos climatol\u00f3gicos, bajo petici\u00f3n de\u00a0 Pirelli quien solicit\u00f3 que se realizaran las pruebas en circuitos donde estuviera garantizado un clima seco y de altas temperaturas, algo que es m\u00e1s certero de conseguir en Bahr\u00e9in que en Barcelona en las fechas necesarias.<\/p>\n<p>&nbsp;<\/p>\n<p>Abu Dhabi y Dubai, eran otros candidatos a acoger dichos entrenamientos, pero finalmente\u00a0 Bahr\u00e9in ha sido la elegida. Y esta elecci\u00f3n se ha hecho por los equipos en Corea durante este jueves.<\/p>\n<p>&nbsp;<\/p>\n<p>&nbsp;<\/p>\n<div class=\"sharedaddy sd-sharing-enabled\"><div class=\"robots-nocontent sd-block sd-social sd-social-official sd-sharing\"><h3 class=\"sd-title\">Opciones Sociales:<\/h3><div class=\"sd-content\"><ul><li class=\"share-facebook\"><div class=\"fb-share-button\" data-href=\"http:\/\/www.michael-schumacher.es\/noticias-f1\/2013\/10\/05\/barcelona-no-acogera-los-test-de-pretemporada\/\" data-layout=\"button_count\"><\/div><\/li><li class=\"share-twitter\"><a href=\"https:\/\/twitter.com\/share\" class=\"twitter-share-button\" data-url=\"http:\/\/www.michael-schumacher.es\/noticias-f1\/2013\/10\/05\/barcelona-no-acogera-los-test-de-pretemporada\/\" data-text=\"Barcelona no acoger\u00e1 los test de pretemporada\"  >Tweet<\/a><\/li><li class=\"share-email\"><a rel=\"nofollow noopener noreferrer\" data-shared=\"\" class=\"share-email sd-button\" href=\"http:\/\/www.michael-schumacher.es\/noticias-f1\/2013\/10\/05\/barcelona-no-acogera-los-test-de-pretemporada\/?share=email\" target=\"_blank\" title=\"Haz clic para enviar por correo electr\u00f3nico a un amigo\"><span>Correo electr\u00f3nico<\/span><\/a><\/li><li class=\"share-end\"><\/li><\/ul><\/div><\/div><\/div>","protected":false},"excerpt":{"rendered":"<p>Bahr\u00e9in ser\u00e1 el elegido para sustituir al circuito de Catalunya el pr\u00f3ximo a\u00f1o, el circuito de\u00a0 Sakhir en lugar del circuito de Barcelona ser\u00e1 el trazado en el que los equipos de F1 hagan sus segundas pruebas de pretemporada en el pr\u00f3ximo campeonato de F1<\/p>\n<div class=\"sharedaddy sd-sharing-enabled\"><div class=\"robots-nocontent sd-block sd-social sd-social-official sd-sharing\"><h3 class=\"sd-title\">Opciones Sociales:<\/h3><div class=\"sd-content\"><ul><li class=\"share-facebook\"><div class=\"fb-share-button\" data-href=\"http:\/\/www.michael-schumacher.es\/noticias-f1\/2013\/10\/05\/barcelona-no-acogera-los-test-de-pretemporada\/\" data-layout=\"button_count\"><\/div><\/li><li class=\"share-twitter\"><a href=\"https:\/\/twitter.com\/share\" class=\"twitter-share-button\" data-url=\"http:\/\/www.michael-schumacher.es\/noticias-f1\/2013\/10\/05\/barcelona-no-acogera-los-test-de-pretemporada\/\" data-text=\"Barcelona no acoger\u00e1 los test de pretemporada\"  >Tweet<\/a><\/li><li class=\"share-email\"><a rel=\"nofollow noopener noreferrer\" data-shared=\"\" class=\"share-email sd-button\" href=\"http:\/\/www.michael-schumacher.es\/noticias-f1\/2013\/10\/05\/barcelona-no-acogera-los-test-de-pretemporada\/?share=email\" target=\"_blank\" title=\"Haz clic para enviar por correo electr\u00f3nico a un amigo\"><span>Correo electr\u00f3nico<\/span><\/a><\/li><li class=\"share-end\"><\/li><\/ul><\/div><\/div><\/div>","protected":false},"author":3,"featured_media":0,"comment_status":"open","ping_status":"open","sticky":false,"template":"","format":"standard","meta":{"_monsterinsights_skip_tracking":false,"_monsterinsights_sitenote_active":false,"_monsterinsights_sitenote_note":"","_monsterinsights_sitenote_category":0,"spay_email":"","jetpack_publicize_message":"","jetpack_is_tweetstorm":false,"jetpack_publicize_feature_enabled":true},"categories":[3],"tags":[758,35,315,374,704,1623,1528,17,15,2004,236,657,803,4193,2037,282,632,91,238,215],"jetpack_featured_media_url":"","jetpack_publicize_connections":[],"jetpack_sharing_enabled":true,"jetpack_shortlink":"https:\/\/wp.me\/p27q3P-3lL","_links":{"self":[{"href":"http:\/\/www.michael-schumacher.es\/noticias-f1\/wp-json\/wp\/v2\/posts\/12881"}],"collection":[{"href":"http:\/\/www.michael-schumacher.es\/noticias-f1\/wp-json\/wp\/v2\/posts"}],"about":[{"href":"http:\/\/www.michael-schumacher.es\/noticias-f1\/wp-json\/wp\/v2\/types\/post"}],"author":[{"embeddable":true,"href":"http:\/\/www.michael-schumacher.es\/noticias-f1\/wp-json\/wp\/v2\/users\/3"}],"replies":[{"embeddable":true,"href":"http:\/\/www.michael-schumacher.es\/noticias-f1\/wp-json\/wp\/v2\/comments?post=12881"}],"version-history":[{"count":0,"href":"http:\/\/www.michael-schumacher.es\/noticias-f1\/wp-json\/wp\/v2\/posts\/12881\/revisions"}],"wp:attachment":[{"href":"http:\/\/www.michael-schumacher.es\/noticias-f1\/wp-json\/wp\/v2\/media?parent=12881"}],"wp:term":[{"taxonomy":"category","embeddable":true,"href":"http:\/\/www.michael-schumacher.es\/noticias-f1\/wp-json\/wp\/v2\/categories?post=12881"},{"taxonomy":"post_tag","embeddable":true,"href":"http:\/\/www.michael-schumacher.es\/noticias-f1\/wp-json\/wp\/v2\/tags?post=12881"}],"curies":[{"name":"wp","href":"https:\/\/api.w.org\/{rel}","templated":true}]}}