{"id":12895,"date":"2013-10-05T23:06:21","date_gmt":"2013-10-05T21:06:21","guid":{"rendered":"http:\/\/www.michael-schumacher.es\/noticias-f1\/?p=12895"},"modified":"2013-10-05T19:15:12","modified_gmt":"2013-10-05T17:15:12","slug":"calificacion-gp-de-corea-yeongam-2013-mercedes","status":"publish","type":"post","link":"http:\/\/www.michael-schumacher.es\/noticias-f1\/2013\/10\/05\/calificacion-gp-de-corea-yeongam-2013-mercedes\/","title":{"rendered":"Calificaci\u00f3n GP de Corea, Yeongam 2013. Mercedes"},"content":{"rendered":"<p><a href=\"http:\/\/www.michael-schumacher.es\/noticias-f1\/wp-content\/uploads\/2013\/03\/lewis_hamilton_test-bcn-2013_david-sarro.jpg\"><img loading=\"lazy\" class=\"alignleft\" alt=\"lewis_hamilton_test-bcn-2013_david-sarro\" src=\"http:\/\/www.michael-schumacher.es\/noticias-f1\/wp-content\/uploads\/2013\/03\/lewis_hamilton_test-bcn-2013_david-sarro.jpg\" width=\"200\" height=\"133\" \/><\/a>El equipo Mercedes est\u00e1 satisfecho de haber finalizado una buena calificaci\u00f3n con sus dos pilotos entre los cinco primeros, aunque no han podido superar al Red Bull de Vettel pero tienen unas buenas posiciones de salida para conseguir un buen resultado en la carrera de ma\u00f1ana.<\/p>\n<p><!--more--> <!--noteaser--><\/p>\n<p><a href=\"http:\/\/www.michael-schumacher.es\/noticias-f1\/wp-content\/uploads\/2013\/03\/lewis_hamilton_test-bcn-2013_david-sarro.jpg\"><img loading=\"lazy\" class=\"aligncenter size-full wp-image-8169\" alt=\"lewis_hamilton_test-bcn-2013_david-sarro\" src=\"http:\/\/www.michael-schumacher.es\/noticias-f1\/wp-content\/uploads\/2013\/03\/lewis_hamilton_test-bcn-2013_david-sarro.jpg\" width=\"650\" height=\"433\" srcset=\"http:\/\/www.michael-schumacher.es\/noticias-f1\/wp-content\/uploads\/2013\/03\/lewis_hamilton_test-bcn-2013_david-sarro.jpg 650w, http:\/\/www.michael-schumacher.es\/noticias-f1\/wp-content\/uploads\/2013\/03\/lewis_hamilton_test-bcn-2013_david-sarro-300x199.jpg 300w\" sizes=\"(max-width: 650px) 100vw, 650px\" \/><\/a><\/p>\n<p>&nbsp;<\/p>\n<p>El equipo Mercedes est\u00e1 satisfecho de haber finalizado una buena calificaci\u00f3n con sus dos pilotos entre los cinco primeros, aunque no han podido superar al Red Bull de Vettel pero tienen unas buenas posiciones de salida para conseguir un buen resultado en la carrera de ma\u00f1ana.<\/p>\n<p>&nbsp;<\/p>\n<p>Lewis Hamilton ha conseguido finalizar la calificaci\u00f3n en segunda posici\u00f3n, por detr\u00e1s del l\u00edder del mundial Sebastian Vettel al que no ha conseguido superar. Ahora su objetivo es tener una buena salida en carrera y pasar a Vettel. Nico Rosberg ha conseguido finalizar la sesi\u00f3n de calificaci\u00f3n en posici\u00f3n quita aunque saldr\u00e1 en posici\u00f3n cuarta por la penalizaci\u00f3n de Webber, pero pese a que cuarto es una buena posici\u00f3n de salida est\u00e1 algo decepcionado, por lo que conf\u00eda en poder hacer una buena salida ma\u00f1ana y acabar en el podio.<\/p>\n<p>&nbsp;<\/p>\n<p><strong>Lewis Hamilton:<\/strong> <em>\u201cEstoy muy contento con la segunda posici\u00f3n de hoy, ya que se sent\u00eda como hoy saque todo del coche. Los chicos han hecho un gran trabajo para conseguir el paquete, ya que aqu\u00ed entramos en el fin de semana sabiendo que Red Bull ten\u00eda una ventaja, por lo que estar m\u00e1s cerca en t\u00e9rminos de rendimiento es realmente\u00a0 positivo. Esperemos que hayamos cerrado la brecha un poco. Nuestro ritmo ayer a largo plazo se ve\u00eda bien y muy cerca del suyo, pero habr\u00e1 amenazas que nos rodean en la carrera de ma\u00f1ana. Hace un par de a\u00f1os, yo estaba en la pole y Seb me paso en la salida, as\u00ed que me gustar\u00eda pagarle eso! Tengo que asegurarnos de obtener un buen comienzo, colocar el coche lo mejor posible y cuando haya un hueco, me voy por ello. Sabemos que el clima va a cambiar un poco para ma\u00f1ana y no me importa c\u00f3mo resulte. Prefiero condiciones secas pero ya veremos lo que trae el d\u00eda y a rodar con \u00e9l\u201d.<\/em><\/p>\n<p>&nbsp;<\/p>\n<p><strong>Nico Rosberg:<\/strong> <em>\u201cNo he encontrado el correcto equilibrio del coche en todo el fin de semana hasta ahora, y esa es la raz\u00f3n por la que estoy un poco decepcionado con la actual resultado &#8211; aunque mi posici\u00f3n de salida real, cuarto lugar es bastante bueno. El primer sector de la pista es bueno para los adelantamientos, as\u00ed que espero que nos d\u00e9 algunas oportunidades en las primeras vueltas, pero Red Bull todav\u00eda parece tener la ventaja aqu\u00ed en general. Si me da un buen comienzo como en Singapur,\u00a0 luego terminar en el podio es posible, sobre la base de los resultados hemos podido demostrar en las tandas largas el viernes\u201d.<\/em><\/p>\n<p>&nbsp;<\/p>\n<p><strong>\u00a0Ross Brawn jefe de equipo:<\/strong> <em>\u201cFue una actuaci\u00f3n esmerada por parte del equipo esta tarde y podemos ser felices de tener a ambos coches saliendo de las dos primeras filas ma\u00f1ana, que es un fiel reflejo de nuestra competitividad b\u00e1sica en este circuito. Lewis estaba contento con el equilibrio en la clasificaci\u00f3n y obtuvo casi todo del coche hoy, mientras que Nico no estaba tan c\u00f3modo, lo que se reflej\u00f3 en su tiempo de la vuelta final. Nuestro alto rendimiento de combustible en los entrenamientos del viernes parec\u00eda bastante fuerte y estoy seguro de que podemos tener una carrera razonable sobre esa base. El pron\u00f3stico del tiempo est\u00e1 pronosticando lluvias por la ma\u00f1ana y temperaturas frescas, pero condiciones secas, por la tarde. Vamos a ver c\u00f3mo resulta y aprovechar cualquier oportunidad que se nos presente\u201d.<\/em><\/p>\n<p>&nbsp;<\/p>\n<p><strong>Imagen:<\/strong> David Sarr\u00f3<\/p>\n<div class=\"sharedaddy sd-sharing-enabled\"><div class=\"robots-nocontent sd-block sd-social sd-social-official sd-sharing\"><h3 class=\"sd-title\">Opciones Sociales:<\/h3><div class=\"sd-content\"><ul><li class=\"share-facebook\"><div class=\"fb-share-button\" data-href=\"http:\/\/www.michael-schumacher.es\/noticias-f1\/2013\/10\/05\/calificacion-gp-de-corea-yeongam-2013-mercedes\/\" data-layout=\"button_count\"><\/div><\/li><li class=\"share-twitter\"><a href=\"https:\/\/twitter.com\/share\" class=\"twitter-share-button\" data-url=\"http:\/\/www.michael-schumacher.es\/noticias-f1\/2013\/10\/05\/calificacion-gp-de-corea-yeongam-2013-mercedes\/\" data-text=\"Calificaci\u00f3n GP de Corea, Yeongam 2013. Mercedes\"  >Tweet<\/a><\/li><li class=\"share-email\"><a rel=\"nofollow noopener noreferrer\" data-shared=\"\" class=\"share-email sd-button\" href=\"http:\/\/www.michael-schumacher.es\/noticias-f1\/2013\/10\/05\/calificacion-gp-de-corea-yeongam-2013-mercedes\/?share=email\" target=\"_blank\" title=\"Haz clic para enviar por correo electr\u00f3nico a un amigo\"><span>Correo electr\u00f3nico<\/span><\/a><\/li><li class=\"share-end\"><\/li><\/ul><\/div><\/div><\/div>","protected":false},"excerpt":{"rendered":"<p>El equipo Mercedes est\u00e1 satisfecho de haber finalizado una buena calificaci\u00f3n con sus dos pilotos entre los cinco primeros, aunque no han podido superar al Red Bull de Vettel pero tienen unas buenas posiciones de salida para conseguir un buen resultado en la carrera de ma\u00f1ana.<\/p>\n<div class=\"sharedaddy sd-sharing-enabled\"><div class=\"robots-nocontent sd-block sd-social sd-social-official sd-sharing\"><h3 class=\"sd-title\">Opciones Sociales:<\/h3><div class=\"sd-content\"><ul><li class=\"share-facebook\"><div class=\"fb-share-button\" data-href=\"http:\/\/www.michael-schumacher.es\/noticias-f1\/2013\/10\/05\/calificacion-gp-de-corea-yeongam-2013-mercedes\/\" data-layout=\"button_count\"><\/div><\/li><li class=\"share-twitter\"><a href=\"https:\/\/twitter.com\/share\" class=\"twitter-share-button\" data-url=\"http:\/\/www.michael-schumacher.es\/noticias-f1\/2013\/10\/05\/calificacion-gp-de-corea-yeongam-2013-mercedes\/\" data-text=\"Calificaci\u00f3n GP de Corea, Yeongam 2013. Mercedes\"  >Tweet<\/a><\/li><li class=\"share-email\"><a rel=\"nofollow noopener noreferrer\" data-shared=\"\" class=\"share-email sd-button\" href=\"http:\/\/www.michael-schumacher.es\/noticias-f1\/2013\/10\/05\/calificacion-gp-de-corea-yeongam-2013-mercedes\/?share=email\" target=\"_blank\" title=\"Haz clic para enviar por correo electr\u00f3nico a un amigo\"><span>Correo electr\u00f3nico<\/span><\/a><\/li><li class=\"share-end\"><\/li><\/ul><\/div><\/div><\/div>","protected":false},"author":3,"featured_media":0,"comment_status":"open","ping_status":"open","sticky":false,"template":"","format":"standard","meta":{"_monsterinsights_skip_tracking":false,"_monsterinsights_sitenote_active":false,"_monsterinsights_sitenote_note":"","_monsterinsights_sitenote_category":0,"spay_email":"","jetpack_publicize_message":"","jetpack_is_tweetstorm":false,"jetpack_publicize_feature_enabled":true},"categories":[68,3],"tags":[373,1381,155,159,1623,17,15,6,8,11,10,304,1400,259,1380,616,617,1627],"jetpack_featured_media_url":"","jetpack_publicize_connections":[],"jetpack_sharing_enabled":true,"jetpack_shortlink":"https:\/\/wp.me\/p27q3P-3lZ","_links":{"self":[{"href":"http:\/\/www.michael-schumacher.es\/noticias-f1\/wp-json\/wp\/v2\/posts\/12895"}],"collection":[{"href":"http:\/\/www.michael-schumacher.es\/noticias-f1\/wp-json\/wp\/v2\/posts"}],"about":[{"href":"http:\/\/www.michael-schumacher.es\/noticias-f1\/wp-json\/wp\/v2\/types\/post"}],"author":[{"embeddable":true,"href":"http:\/\/www.michael-schumacher.es\/noticias-f1\/wp-json\/wp\/v2\/users\/3"}],"replies":[{"embeddable":true,"href":"http:\/\/www.michael-schumacher.es\/noticias-f1\/wp-json\/wp\/v2\/comments?post=12895"}],"version-history":[{"count":0,"href":"http:\/\/www.michael-schumacher.es\/noticias-f1\/wp-json\/wp\/v2\/posts\/12895\/revisions"}],"wp:attachment":[{"href":"http:\/\/www.michael-schumacher.es\/noticias-f1\/wp-json\/wp\/v2\/media?parent=12895"}],"wp:term":[{"taxonomy":"category","embeddable":true,"href":"http:\/\/www.michael-schumacher.es\/noticias-f1\/wp-json\/wp\/v2\/categories?post=12895"},{"taxonomy":"post_tag","embeddable":true,"href":"http:\/\/www.michael-schumacher.es\/noticias-f1\/wp-json\/wp\/v2\/tags?post=12895"}],"curies":[{"name":"wp","href":"https:\/\/api.w.org\/{rel}","templated":true}]}}