{"id":1293,"date":"2012-06-07T10:47:38","date_gmt":"2012-06-07T08:47:38","guid":{"rendered":"http:\/\/www.michael-schumacher.es\/noticias-f1\/?p=1293"},"modified":"2012-06-07T11:16:17","modified_gmt":"2012-06-07T09:16:17","slug":"previo-gp-de-canada-montreal-2012-ferrari","status":"publish","type":"post","link":"http:\/\/www.michael-schumacher.es\/noticias-f1\/2012\/06\/07\/previo-gp-de-canada-montreal-2012-ferrari\/","title":{"rendered":"Previo GP de Canad\u00e1, Montr\u00e9al 2012. Ferrari"},"content":{"rendered":"<p><img loading=\"lazy\" class=\"alignleft\" title=\"Fernando Alonso\" src=\"http:\/\/img.michael-schumacher.es\/noticias-f1\/fernando-alonso\/alonso-1-mini.jpg\" alt=\"Fernando Alonso\" width=\"202\" height=\"100\" \/>Alonso, que llega con el liderazgo de el campeonato, cree que Gran Premio de Canad\u00e1 resultar\u00e1 ser un punto de referencia fiable sobre en que orden jer\u00e1rquico esta Ferrari . Felipe Massa se mostr\u00f3 optimista ante el Gran Premio de Canad\u00e1, despu\u00e9s de haber roto la mala racha en la \u00faltima carrera en M\u00f3naco apuesta por seguir trabajando para mejorar sus resultados.<\/p>\n<p><!--more--> <!--noteaser--><\/p>\n<p><img loading=\"lazy\" class=\"aligncenter\" title=\"Fernando Alonso\" src=\"http:\/\/img.michael-schumacher.es\/noticias-f1\/fernando-alonso\/alonso-1.jpg\" alt=\"Fernando Alonso\" width=\"605\" height=\"300\" \/><\/p>\n<p>Alonso, que llega con el liderazgo de el campeonato, cree que Gran Premio de Canad\u00e1 resultar\u00e1 ser un punto de referencia fiable sobre en que orden jer\u00e1rquico esta Ferrari . Felipe Massa se mostr\u00f3 optimista ante el Gran Premio de Canad\u00e1, despu\u00e9s de haber roto la mala racha en la \u00faltima carrera en M\u00f3naco apuesta por seguir trabajando para mejorar sus resultados.<\/p>\n<p>&nbsp;<\/p>\n<p><strong>Fernando Alonso:<\/strong> \u201cEl aniversario de la muerte de Gilles fue un d\u00eda muy especial. Ahora llegamos a un circuito que lleva su nombre y donde Ferrari siempre ha tenido muchos seguidores. As\u00ed que queremos hacerlo bien para darles un buen resultado que celebrar a los \u2018tifosi\u2019 y a los seguidores de Gilles. En Canad\u00e1 queremos confirmar nuestra mejora y ser mas competitivos. Canad\u00e1 y Valencia van a ser dos pruebas muy importantes para nosotros para ver si realmente puede poner los dos Ferrari en la Q3, como hicimos en M\u00f3naco, y optar a estar en los primeros lugares. Estamos tomando algunas mejoras a Canad\u00e1, una carrera, tanto dentro como fuera de la pista, porque todos los grandes equipos van a traer nuevas piezas as\u00ed que vamos a ver de qui\u00e9n funciona mejor. Hemos tratado de extraer el m\u00e1ximo provecho de lo que ten\u00edamos y que nuestros rivales han permitido que sus guardias abajo. Este a\u00f1o, dos o tres d\u00e9cimas (de segundo) que te hace perder o ganar cinco o seis lugares, porque todo est\u00e1 muy cerca.\u00bb<\/p>\n<p>&nbsp;<\/p>\n<p><strong>Felipe Massa:<\/strong> \u201cEsperamos que el coche sea todav\u00eda m\u00e1s fuerte que en M\u00f3naco y poder continuar llevando puntos a casa para ayudar a la escuder\u00eda. \u00a0Ferrari siempre tiene mucho apoyo en Canad\u00e1, en parte por Gilles y esto deber\u00eda servir de motivaci\u00f3n para la Scuderia para poder hacer un buen trabajo para todos los seguidores que hay. Los canadienses aman la F\u00f3rmula 1 y Montreal siempre nos brinda una gran bienvenida, as\u00ed que esperemos que podamos devolverles su apoyo con un buen resultado. Me he encontrado a gusto con el coche, se ha trabajado en la direcci\u00f3n de adaptarlo a mi estilo de conducci\u00f3n y deseo que esta tendencia pueda continuar a partir de la carrera de Canad\u00e1 y hasta el final del campeonato, debemos encontrar para Montreal punto justo con la tracci\u00f3n de salida de las chicanes porque no se puede simplemente meter m\u00e1s carga aerodin\u00e1mica sobre el coche y luego encontrar demasiada resistencia en las rectas veloces\u00bb<\/p>\n<div class=\"sharedaddy sd-sharing-enabled\"><div class=\"robots-nocontent sd-block sd-social sd-social-official sd-sharing\"><h3 class=\"sd-title\">Opciones Sociales:<\/h3><div class=\"sd-content\"><ul><li class=\"share-facebook\"><div class=\"fb-share-button\" data-href=\"http:\/\/www.michael-schumacher.es\/noticias-f1\/2012\/06\/07\/previo-gp-de-canada-montreal-2012-ferrari\/\" data-layout=\"button_count\"><\/div><\/li><li class=\"share-twitter\"><a href=\"https:\/\/twitter.com\/share\" class=\"twitter-share-button\" data-url=\"http:\/\/www.michael-schumacher.es\/noticias-f1\/2012\/06\/07\/previo-gp-de-canada-montreal-2012-ferrari\/\" data-text=\"Previo GP de Canad\u00e1, Montr\u00e9al 2012. Ferrari\"  >Tweet<\/a><\/li><li class=\"share-email\"><a rel=\"nofollow noopener noreferrer\" data-shared=\"\" class=\"share-email sd-button\" href=\"http:\/\/www.michael-schumacher.es\/noticias-f1\/2012\/06\/07\/previo-gp-de-canada-montreal-2012-ferrari\/?share=email\" target=\"_blank\" title=\"Haz clic para enviar por correo electr\u00f3nico a un amigo\"><span>Correo electr\u00f3nico<\/span><\/a><\/li><li class=\"share-end\"><\/li><\/ul><\/div><\/div><\/div>","protected":false},"excerpt":{"rendered":"<p>Alonso, que llega con el liderazgo de el campeonato, cree que Gran Premio de Canad\u00e1 resultar\u00e1 ser un punto de referencia fiable sobre en que orden jer\u00e1rquico esta Ferrari . Felipe Massa se mostr\u00f3 optimista ante el Gran Premio de Canad\u00e1, despu\u00e9s de haber roto la mala racha en la \u00faltima carrera en M\u00f3naco apuesta [&hellip;]<\/p>\n<div class=\"sharedaddy sd-sharing-enabled\"><div class=\"robots-nocontent sd-block sd-social sd-social-official sd-sharing\"><h3 class=\"sd-title\">Opciones Sociales:<\/h3><div class=\"sd-content\"><ul><li class=\"share-facebook\"><div class=\"fb-share-button\" data-href=\"http:\/\/www.michael-schumacher.es\/noticias-f1\/2012\/06\/07\/previo-gp-de-canada-montreal-2012-ferrari\/\" data-layout=\"button_count\"><\/div><\/li><li class=\"share-twitter\"><a href=\"https:\/\/twitter.com\/share\" class=\"twitter-share-button\" data-url=\"http:\/\/www.michael-schumacher.es\/noticias-f1\/2012\/06\/07\/previo-gp-de-canada-montreal-2012-ferrari\/\" data-text=\"Previo GP de Canad\u00e1, Montr\u00e9al 2012. Ferrari\"  >Tweet<\/a><\/li><li class=\"share-email\"><a rel=\"nofollow noopener noreferrer\" data-shared=\"\" class=\"share-email sd-button\" href=\"http:\/\/www.michael-schumacher.es\/noticias-f1\/2012\/06\/07\/previo-gp-de-canada-montreal-2012-ferrari\/?share=email\" target=\"_blank\" title=\"Haz clic para enviar por correo electr\u00f3nico a un amigo\"><span>Correo electr\u00f3nico<\/span><\/a><\/li><li class=\"share-end\"><\/li><\/ul><\/div><\/div><\/div>","protected":false},"author":3,"featured_media":0,"comment_status":"open","ping_status":"open","sticky":false,"template":"","format":"standard","meta":{"_monsterinsights_skip_tracking":false,"_monsterinsights_sitenote_active":false,"_monsterinsights_sitenote_note":"","_monsterinsights_sitenote_category":0,"spay_email":"","jetpack_publicize_message":"","jetpack_is_tweetstorm":false,"jetpack_publicize_feature_enabled":true},"categories":[3,22],"tags":[14,105,417,17,106,104,141,15,6,108,451,5],"jetpack_featured_media_url":"","jetpack_publicize_connections":[],"jetpack_sharing_enabled":true,"jetpack_shortlink":"https:\/\/wp.me\/p27q3P-kR","_links":{"self":[{"href":"http:\/\/www.michael-schumacher.es\/noticias-f1\/wp-json\/wp\/v2\/posts\/1293"}],"collection":[{"href":"http:\/\/www.michael-schumacher.es\/noticias-f1\/wp-json\/wp\/v2\/posts"}],"about":[{"href":"http:\/\/www.michael-schumacher.es\/noticias-f1\/wp-json\/wp\/v2\/types\/post"}],"author":[{"embeddable":true,"href":"http:\/\/www.michael-schumacher.es\/noticias-f1\/wp-json\/wp\/v2\/users\/3"}],"replies":[{"embeddable":true,"href":"http:\/\/www.michael-schumacher.es\/noticias-f1\/wp-json\/wp\/v2\/comments?post=1293"}],"version-history":[{"count":0,"href":"http:\/\/www.michael-schumacher.es\/noticias-f1\/wp-json\/wp\/v2\/posts\/1293\/revisions"}],"wp:attachment":[{"href":"http:\/\/www.michael-schumacher.es\/noticias-f1\/wp-json\/wp\/v2\/media?parent=1293"}],"wp:term":[{"taxonomy":"category","embeddable":true,"href":"http:\/\/www.michael-schumacher.es\/noticias-f1\/wp-json\/wp\/v2\/categories?post=1293"},{"taxonomy":"post_tag","embeddable":true,"href":"http:\/\/www.michael-schumacher.es\/noticias-f1\/wp-json\/wp\/v2\/tags?post=1293"}],"curies":[{"name":"wp","href":"https:\/\/api.w.org\/{rel}","templated":true}]}}