{"id":12934,"date":"2013-10-06T23:41:52","date_gmt":"2013-10-06T21:41:52","guid":{"rendered":"http:\/\/www.michael-schumacher.es\/noticias-f1\/?p=12934"},"modified":"2013-10-06T22:40:26","modified_gmt":"2013-10-06T20:40:26","slug":"balance-gp-de-corea-yeongam-2013-toro-rosso","status":"publish","type":"post","link":"http:\/\/www.michael-schumacher.es\/noticias-f1\/2013\/10\/06\/balance-gp-de-corea-yeongam-2013-toro-rosso\/","title":{"rendered":"Balance GP de Corea, Yeongam 2013. Toro Rosso"},"content":{"rendered":"<p><a href=\"http:\/\/www.michael-schumacher.es\/noticias-f1\/wp-content\/uploads\/2013\/03\/jean-eric_vergne_test-bcn-2013_david-sarro.jpg\"><img loading=\"lazy\" class=\"alignleft\" alt=\"Jean-Eric Vergne - Test Bcn 2013 David Sarr\u00f3\" src=\"http:\/\/www.michael-schumacher.es\/noticias-f1\/wp-content\/uploads\/2013\/03\/jean-eric_vergne_test-bcn-2013_david-sarro.jpg\" width=\"200\" height=\"133\" \/><\/a>El equipo Toro Rosso ha terminado el Gran Premio de Corea con sus dos pilotos fuera de carrera, y con decepci\u00f3n en el equipo ante este resultado. Los dos pilotos se retiraron con problemas similares.<\/p>\n<p><!--more--> <!--noteaser--><\/p>\n<p><a href=\"http:\/\/www.michael-schumacher.es\/noticias-f1\/wp-content\/uploads\/2013\/03\/jean-eric_vergne_test-bcn-2013_david-sarro.jpg\"><img loading=\"lazy\" class=\"aligncenter size-full wp-image-8335\" alt=\"Jean-Eric Vergne - Test Bcn 2013 David Sarr\u00f3\" src=\"http:\/\/www.michael-schumacher.es\/noticias-f1\/wp-content\/uploads\/2013\/03\/jean-eric_vergne_test-bcn-2013_david-sarro.jpg\" width=\"650\" height=\"433\" srcset=\"http:\/\/www.michael-schumacher.es\/noticias-f1\/wp-content\/uploads\/2013\/03\/jean-eric_vergne_test-bcn-2013_david-sarro.jpg 650w, http:\/\/www.michael-schumacher.es\/noticias-f1\/wp-content\/uploads\/2013\/03\/jean-eric_vergne_test-bcn-2013_david-sarro-300x199.jpg 300w\" sizes=\"(max-width: 650px) 100vw, 650px\" \/><\/a><\/p>\n<p>&nbsp;<\/p>\n<p>&nbsp;<\/p>\n<p>El equipo Toro Rosso ha terminado el Gran Premio de Corea con sus dos pilotos fuera de carrera, y con decepci\u00f3n en el equipo ante este resultado. Los dos pilotos se retiraron con problemas similares.<\/p>\n<p>&nbsp;<\/p>\n<p>Jean-Eric Vergne se ha visto obligado a retirarse de una carrera que hab\u00eda comenzado en posici\u00f3n 16\u00ba y era dif\u00edcil para el piloto por el ritmo y la degradaci\u00f3n, adem\u00e1s del problema mec\u00e1nico que lo dej\u00f3 fuera de carrera, ahora se concentra en el trabajo por delante para mejorar en Suzuka. Daniel Ricciardo pese a que estaba en posici\u00f3n novena con cierta comodidad pero en una frenada el coche se le fue fuera y con\u00a0 alg\u00fan problema mec\u00e1nico debi\u00f3 abandonar la carrera, lo que es frustrante para \u00e9l ya que estaba contento con el rendimiento, ahora se centra en Suzuka.<\/p>\n<p>&nbsp;<\/p>\n<p><strong>Jean-Eric Vergne:<\/strong> <em>\u201cEn este momento, no estamos muy seguros de lo que sucedi\u00f3 en el final. Sent\u00ed el coche que tiraba hacia un lado y algo que no estaba claramente correcto, por lo que el equipo me llam\u00f3 a boxes. Empezando el 16\u00ba, siempre iba a ser un fin de semana dif\u00edcil y despu\u00e9s de adelantar unos pocos lugares en las primeras etapas, empec\u00e9 a sufrir con la degradaci\u00f3n de los neum\u00e1ticos, as\u00ed que estando de acuerdo con el equipo se decidi\u00f3 pasar de dos a tres paradas de estrategia. S\u00f3lo quiero llegar a Suzuka y empezar de nuevo ahora, pero tendremos que hacer un mont\u00f3n de trabajo si queremos volver al nivel de prestaciones que deber\u00eda haber tenido aqu\u00ed.\u201d<\/em><\/p>\n<p>&nbsp;<\/p>\n<p><strong>\u00a0Daniel Ricciardo:<\/strong> <em>\u201cCreo que hemos hecho todo lo posible hoy en la carrera. Tuve un buen primer stint y trat\u00e9 de correr el mayor tiempo posible con el primer principal. El coche no era perfecto, pero era lo suficientemente bueno para estar en una posici\u00f3n de puntos a algunas vueltas para el final y yo andaba muy bien en el noveno. Es un d\u00e9j\u00e0 vu, ya que ten\u00eda el mismo escenario el a\u00f1o pasado, cuando sal\u00ed a la curva 3 con un par de vueltas para el final, he frenado y el coche se dispar\u00f3 inmediatamente a la izquierda. Ese tiempo me cost\u00f3 una posici\u00f3n. Una vez que sal\u00ed de la cabina esta vez, me di cuenta que hab\u00eda un problema mec\u00e1nico en la esquina frontal izquierda. Personalmente, yo estaba muy contento con mi rendimiento en el coche hoy. Tal vez no lo ten\u00edamos para un top ten, pero tuve la oportunidad de luchar en el top ten. Pero para m\u00ed y para el equipo que es frustrante para obtener ninguna recompensa. Ahora lo \u00fanico que podemos hacer es mirar hacia adelante a Suzuka\u201d.<\/em><\/p>\n<p>&nbsp;<\/p>\n<p><strong>Franz Tost jefe de equipo:<\/strong> <em>\u201cDaniel fue el \u00fanico piloto que comenzaba con el neum\u00e1tico medio, ya que quer\u00edamos probar algo diferente con la estrategia para ganar algunas posiciones. Parec\u00eda funcionar bien, ya que \u00e9l avanzo algunas posiciones a mediados carrera. Sin embargo, el coche de seguridad sali\u00f3 en un mal momento para \u00e9l, tuvimos que traerlo, sabiendo que iba a tener un stint final dif\u00edcil con los superblandos. Pero hizo un buen trabajo con la gesti\u00f3n de los neum\u00e1ticos y de la defensa de su noveno lugar con bastante comodidad. Luego, con dos vueltas para el final, tuvimos un problema mec\u00e1nico en el coche que vamos a investigar cuando lo recuperemos y tuvo que aparcar a un lado de la pista. Jev tuvo una tarde dif\u00edcil, partiendo de m\u00e1s atr\u00e1s y, despu\u00e9s de ganar unos cuantos lugares, el tr\u00e1fico pesado en la parte trasera del campo significaba que ten\u00eda degradaci\u00f3n de los neum\u00e1ticos m\u00e1s alta. Decidimos cambiar a una estrategia de tres paradas, pero al final tuvo que retirarse con lo que podr\u00eda ser un problema similar al coche de Daniel\u201d.<\/em><\/p>\n<p>&nbsp;<\/p>\n<p><strong>Imagen:<\/strong> David Sarr\u00f3<\/p>\n<div class=\"sharedaddy sd-sharing-enabled\"><div class=\"robots-nocontent sd-block sd-social sd-social-official sd-sharing\"><h3 class=\"sd-title\">Opciones Sociales:<\/h3><div class=\"sd-content\"><ul><li class=\"share-facebook\"><div class=\"fb-share-button\" data-href=\"http:\/\/www.michael-schumacher.es\/noticias-f1\/2013\/10\/06\/balance-gp-de-corea-yeongam-2013-toro-rosso\/\" data-layout=\"button_count\"><\/div><\/li><li class=\"share-twitter\"><a href=\"https:\/\/twitter.com\/share\" class=\"twitter-share-button\" data-url=\"http:\/\/www.michael-schumacher.es\/noticias-f1\/2013\/10\/06\/balance-gp-de-corea-yeongam-2013-toro-rosso\/\" data-text=\"Balance GP de Corea, Yeongam 2013. Toro Rosso\"  >Tweet<\/a><\/li><li class=\"share-email\"><a rel=\"nofollow noopener noreferrer\" data-shared=\"\" class=\"share-email sd-button\" href=\"http:\/\/www.michael-schumacher.es\/noticias-f1\/2013\/10\/06\/balance-gp-de-corea-yeongam-2013-toro-rosso\/?share=email\" target=\"_blank\" title=\"Haz clic para enviar por correo electr\u00f3nico a un amigo\"><span>Correo electr\u00f3nico<\/span><\/a><\/li><li class=\"share-end\"><\/li><\/ul><\/div><\/div><\/div>","protected":false},"excerpt":{"rendered":"<p>El equipo Toro Rosso ha terminado el Gran Premio de Corea con sus dos pilotos fuera de carrera, y con decepci\u00f3n en el equipo ante este resultado. Los dos pilotos se retiraron con problemas similares.<\/p>\n<div class=\"sharedaddy sd-sharing-enabled\"><div class=\"robots-nocontent sd-block sd-social sd-social-official sd-sharing\"><h3 class=\"sd-title\">Opciones Sociales:<\/h3><div class=\"sd-content\"><ul><li class=\"share-facebook\"><div class=\"fb-share-button\" data-href=\"http:\/\/www.michael-schumacher.es\/noticias-f1\/2013\/10\/06\/balance-gp-de-corea-yeongam-2013-toro-rosso\/\" data-layout=\"button_count\"><\/div><\/li><li class=\"share-twitter\"><a href=\"https:\/\/twitter.com\/share\" class=\"twitter-share-button\" data-url=\"http:\/\/www.michael-schumacher.es\/noticias-f1\/2013\/10\/06\/balance-gp-de-corea-yeongam-2013-toro-rosso\/\" data-text=\"Balance GP de Corea, Yeongam 2013. Toro Rosso\"  >Tweet<\/a><\/li><li class=\"share-email\"><a rel=\"nofollow noopener noreferrer\" data-shared=\"\" class=\"share-email sd-button\" href=\"http:\/\/www.michael-schumacher.es\/noticias-f1\/2013\/10\/06\/balance-gp-de-corea-yeongam-2013-toro-rosso\/?share=email\" target=\"_blank\" title=\"Haz clic para enviar por correo electr\u00f3nico a un amigo\"><span>Correo electr\u00f3nico<\/span><\/a><\/li><li class=\"share-end\"><\/li><\/ul><\/div><\/div><\/div>","protected":false},"author":3,"featured_media":0,"comment_status":"open","ping_status":"open","sticky":false,"template":"","format":"standard","meta":{"_monsterinsights_skip_tracking":false,"_monsterinsights_sitenote_active":false,"_monsterinsights_sitenote_note":"","_monsterinsights_sitenote_category":0,"spay_email":"","jetpack_publicize_message":"","jetpack_is_tweetstorm":false,"jetpack_publicize_feature_enabled":true},"categories":[4,3],"tags":[373,401,64,1623,101,17,15,384,6,8,99,102,103,100,1627],"jetpack_featured_media_url":"","jetpack_publicize_connections":[],"jetpack_sharing_enabled":true,"jetpack_shortlink":"https:\/\/wp.me\/p27q3P-3mC","_links":{"self":[{"href":"http:\/\/www.michael-schumacher.es\/noticias-f1\/wp-json\/wp\/v2\/posts\/12934"}],"collection":[{"href":"http:\/\/www.michael-schumacher.es\/noticias-f1\/wp-json\/wp\/v2\/posts"}],"about":[{"href":"http:\/\/www.michael-schumacher.es\/noticias-f1\/wp-json\/wp\/v2\/types\/post"}],"author":[{"embeddable":true,"href":"http:\/\/www.michael-schumacher.es\/noticias-f1\/wp-json\/wp\/v2\/users\/3"}],"replies":[{"embeddable":true,"href":"http:\/\/www.michael-schumacher.es\/noticias-f1\/wp-json\/wp\/v2\/comments?post=12934"}],"version-history":[{"count":0,"href":"http:\/\/www.michael-schumacher.es\/noticias-f1\/wp-json\/wp\/v2\/posts\/12934\/revisions"}],"wp:attachment":[{"href":"http:\/\/www.michael-schumacher.es\/noticias-f1\/wp-json\/wp\/v2\/media?parent=12934"}],"wp:term":[{"taxonomy":"category","embeddable":true,"href":"http:\/\/www.michael-schumacher.es\/noticias-f1\/wp-json\/wp\/v2\/categories?post=12934"},{"taxonomy":"post_tag","embeddable":true,"href":"http:\/\/www.michael-schumacher.es\/noticias-f1\/wp-json\/wp\/v2\/tags?post=12934"}],"curies":[{"name":"wp","href":"https:\/\/api.w.org\/{rel}","templated":true}]}}