{"id":12955,"date":"2013-10-07T02:38:53","date_gmt":"2013-10-07T00:38:53","guid":{"rendered":"http:\/\/www.michael-schumacher.es\/noticias-f1\/?p=12955"},"modified":"2013-10-07T02:38:53","modified_gmt":"2013-10-07T00:38:53","slug":"balance-gp-de-corea-yeongam-2013-red-bull","status":"publish","type":"post","link":"http:\/\/www.michael-schumacher.es\/noticias-f1\/2013\/10\/07\/balance-gp-de-corea-yeongam-2013-red-bull\/","title":{"rendered":"Balance GP de Corea, Yeongam 2013. Red Bull"},"content":{"rendered":"<p><a href=\"http:\/\/www.michael-schumacher.es\/noticias-f1\/wp-content\/uploads\/2013\/03\/sebastian_vettel_test-bcn-2013_david-sarro.jpg\"><img loading=\"lazy\" class=\"alignleft\" alt=\"Sebastian Vettel Test BCN 2013 David Sarr\u00f3\" src=\"http:\/\/www.michael-schumacher.es\/noticias-f1\/wp-content\/uploads\/2013\/03\/sebastian_vettel_test-bcn-2013_david-sarro.jpg\" width=\"200\" height=\"133\" \/><\/a>El equipo Red Bull ha logrado de nuevo la vitoria con una espl\u00e9ndida carrera de Sebasti\u00e1n Vettel, que ha vuelto a sumar ventaja en su camino hacia el mundial. Por otro lado la suerte no ha ayudado a Webber quien tuvo que retirarse tras ser golpeado por Sutil y con incendio incluido, cuando estaba logrando una buena remontada.<\/p>\n<p><!--more--> <!--noteaser--><\/p>\n<p><a href=\"http:\/\/www.michael-schumacher.es\/noticias-f1\/wp-content\/uploads\/2013\/03\/sebastian_vettel_test-bcn-2013_david-sarro.jpg\"><img loading=\"lazy\" class=\"aligncenter size-full wp-image-8377\" alt=\"Sebastian Vettel Test BCN 2013 David Sarr\u00f3\" src=\"http:\/\/www.michael-schumacher.es\/noticias-f1\/wp-content\/uploads\/2013\/03\/sebastian_vettel_test-bcn-2013_david-sarro.jpg\" width=\"650\" height=\"433\" srcset=\"http:\/\/www.michael-schumacher.es\/noticias-f1\/wp-content\/uploads\/2013\/03\/sebastian_vettel_test-bcn-2013_david-sarro.jpg 650w, http:\/\/www.michael-schumacher.es\/noticias-f1\/wp-content\/uploads\/2013\/03\/sebastian_vettel_test-bcn-2013_david-sarro-300x199.jpg 300w\" sizes=\"(max-width: 650px) 100vw, 650px\" \/><\/a><\/p>\n<p>&nbsp;<\/p>\n<p>&nbsp;<\/p>\n<p>El equipo Red Bull ha logrado de nuevo la vitoria con una espl\u00e9ndida carrera de Sebasti\u00e1n Vettel, que ha vuelto a sumar ventaja en su camino hacia el mundial. Por otro lado la suerte no ha ayudado a Webber quien tuvo que retirarse tras ser golpeado por Sutil y con incendio incluido, cuando estaba logrando una buena remontada.<\/p>\n<p>&nbsp;<\/p>\n<p>Sebastian Vettel, dominando desde el principio, gestionando los neum\u00e1ticos y sin cometer ning\u00fan error, nuevamente se ha subido a lo m\u00e1s alto del podio para celebrar una nueva victoria que lo acerca m\u00e1s todav\u00eda a su cuarto campeonato consecutivo. Ahora sigue centrado en hacer el mejor trabajo en cada carrera. Mark Webber, quien estaba haciendo una buena remontada, desde la posici\u00f3n 13\u00ba, en la que tuvo que iniciar la carrera al aplicarse sus diez posiciones de sanci\u00f3n, lamentablemente ha tenido que retirarse tras ser chocado por sutil lo que incluso provoc\u00f3 un aparatoso incendio.<\/p>\n<p>&nbsp;<\/p>\n<p><strong>Sebastian Vettel:<\/strong> <em>\u201cFue una larga carrera de hoy, pero es realmente grande ganar. El inicio fue crucial, siempre es dif\u00edcil aqu\u00ed como est\u00e1s nervioso acerca de la larga recta cuando se inicia desde la pole. Afortunadamente tuvimos una buena tracci\u00f3n fuera de la l\u00ednea y tuve una salida fuerte en la primera curva. Hemos mantenido la iniciativa y tratamos de controlar la carrera desde all\u00ed. Creo que otros ten\u00edan m\u00e1s rango que nosotros hoy, pero hemos sido capaces de ganar, lo que es genial. Fue un muy buen desempe\u00f1o de todo el equipo y estoy contento. S\u00f3lo estamos centrados en seguir tomando el siguiente paso y tratar de sacar lo mejor del coche en cada carrera.\u201d<\/em><\/p>\n<p>&nbsp;<\/p>\n<p><strong>\u00a0Mark Webber:<\/strong> <em>\u201cEl incidente con Sutil fue obviamente, el final de mi carrera de hoy. Fue en la curva 3 en el reinicio, todo el mundo se junt\u00f3 de nuevo y yo estaba buscando una gran salida en la siguiente recta para utilizar algo de KERS en Daniel (Ricciardo) y el Williams. Entonces Sutil, no s\u00e9 lo que pas\u00f3, pero obviamente me golpe\u00f3 desde el interior y eso fue todo. Hab\u00eda una gran cantidad de da\u00f1os en la parte trasera del coche y espero que no se haya ido hacia el chasis &#8211; tendremos que ver antes de la pr\u00f3xima carrera. Antes yo estaba muy contento con la forma en que conduje y regres\u00e9 a una muy buena posici\u00f3n antes de que me llegara el pinchazo. Tras el fracaso de neum\u00e1ticos Pirelli en el coche de P\u00e9rez, tuve mucha suerte evitar la banda de rodadura del neum\u00e1tico que se desprendi\u00f3 y luego incre\u00edblemente me las arregl\u00e9 para conseguir un pinchazo por ir a trav\u00e9s de los escombros\u201d.<\/em><\/p>\n<p>&nbsp;<\/p>\n<p><strong>Christian Horner jefe de equipo:<\/strong> <em>\u201cUna muy disciplinada conducci\u00f3n de Sebastian hoy para ganar su tercer consecutivo GP de Corea. Ha sido una carrera dominada por la preservaci\u00f3n del neum\u00e1tico y Sebastian manejaba extremadamente bien. Fue una gran pena perder a Mark que habr\u00eda estado en el podio, despu\u00e9s de que sufri\u00f3 un pinchazo por los escombros del incidente P\u00e9rez. Entonces, despu\u00e9s \u00e9l fue la v\u00edctima inocente de los hechos que hicieron que Sutil perdi\u00f3 su autom\u00f3vil y lo golpe\u00f3, lo que provoc\u00f3 un incendio. Fue un poco frustrante ver nuestro coche en llamas en lo que parec\u00eda ser un siglo\u201d.<\/em><\/p>\n<p>&nbsp;<\/p>\n<p><strong>Thierry Salvi (Renault):<\/strong><em> \u201cUna victoria que no era tan f\u00e1cil como parec\u00eda para Sebastian! Con dos coches de seguridad, Seb ten\u00eda que hacer el trabajo dos veces para aumentar la diferencia con los competidores y \u00e9l lo hizo muy bien, mostrando una vez m\u00e1s su talento. Ha sido una pena para Mark cuando estaba realmente con un muy buen resultado a pesar de su posici\u00f3n inicial. El choque con Sutil da\u00f1\u00f3 el coche y provoc\u00f3 el incendio. Es demasiado pronto para decir si podemos volver a utilizar el motor, vamos a tener que mirar a los da\u00f1os. Hay mucho que estudiar en la semana antes de que Jap\u00f3n, especialmente con la fuerte posici\u00f3n de Sebastian ahora en el campeonato\u201d.<\/em><\/p>\n<div class=\"sharedaddy sd-sharing-enabled\"><div class=\"robots-nocontent sd-block sd-social sd-social-official sd-sharing\"><h3 class=\"sd-title\">Opciones Sociales:<\/h3><div class=\"sd-content\"><ul><li class=\"share-facebook\"><div class=\"fb-share-button\" data-href=\"http:\/\/www.michael-schumacher.es\/noticias-f1\/2013\/10\/07\/balance-gp-de-corea-yeongam-2013-red-bull\/\" data-layout=\"button_count\"><\/div><\/li><li class=\"share-twitter\"><a href=\"https:\/\/twitter.com\/share\" class=\"twitter-share-button\" data-url=\"http:\/\/www.michael-schumacher.es\/noticias-f1\/2013\/10\/07\/balance-gp-de-corea-yeongam-2013-red-bull\/\" data-text=\"Balance GP de Corea, Yeongam 2013. Red Bull \"  >Tweet<\/a><\/li><li class=\"share-email\"><a rel=\"nofollow noopener noreferrer\" data-shared=\"\" class=\"share-email sd-button\" href=\"http:\/\/www.michael-schumacher.es\/noticias-f1\/2013\/10\/07\/balance-gp-de-corea-yeongam-2013-red-bull\/?share=email\" target=\"_blank\" title=\"Haz clic para enviar por correo electr\u00f3nico a un amigo\"><span>Correo electr\u00f3nico<\/span><\/a><\/li><li class=\"share-end\"><\/li><\/ul><\/div><\/div><\/div>","protected":false},"excerpt":{"rendered":"<p>El equipo Red Bull ha logrado de nuevo la vitoria con una espl\u00e9ndida carrera de Sebasti\u00e1n Vettel, que ha vuelto a sumar ventaja en su camino hacia el mundial. Por otro lado la suerte no ha ayudado a Webber quien tuvo que retirarse tras ser golpeado por Sutil y con incendio incluido, cuando estaba logrando [&hellip;]<\/p>\n<div class=\"sharedaddy sd-sharing-enabled\"><div class=\"robots-nocontent sd-block sd-social sd-social-official sd-sharing\"><h3 class=\"sd-title\">Opciones Sociales:<\/h3><div class=\"sd-content\"><ul><li class=\"share-facebook\"><div class=\"fb-share-button\" data-href=\"http:\/\/www.michael-schumacher.es\/noticias-f1\/2013\/10\/07\/balance-gp-de-corea-yeongam-2013-red-bull\/\" data-layout=\"button_count\"><\/div><\/li><li class=\"share-twitter\"><a href=\"https:\/\/twitter.com\/share\" class=\"twitter-share-button\" data-url=\"http:\/\/www.michael-schumacher.es\/noticias-f1\/2013\/10\/07\/balance-gp-de-corea-yeongam-2013-red-bull\/\" data-text=\"Balance GP de Corea, Yeongam 2013. Red Bull \"  >Tweet<\/a><\/li><li class=\"share-email\"><a rel=\"nofollow noopener noreferrer\" data-shared=\"\" class=\"share-email sd-button\" href=\"http:\/\/www.michael-schumacher.es\/noticias-f1\/2013\/10\/07\/balance-gp-de-corea-yeongam-2013-red-bull\/?share=email\" target=\"_blank\" title=\"Haz clic para enviar por correo electr\u00f3nico a un amigo\"><span>Correo electr\u00f3nico<\/span><\/a><\/li><li class=\"share-end\"><\/li><\/ul><\/div><\/div><\/div>","protected":false},"author":3,"featured_media":0,"comment_status":"open","ping_status":"open","sticky":false,"template":"","format":"standard","meta":{"_monsterinsights_skip_tracking":false,"_monsterinsights_sitenote_active":false,"_monsterinsights_sitenote_note":"","_monsterinsights_sitenote_category":0,"spay_email":"","jetpack_publicize_message":"","jetpack_is_tweetstorm":false,"jetpack_publicize_feature_enabled":true},"categories":[4,3],"tags":[373,401,64,1623,17,15,6,8,72,51,71,30,73,1627],"jetpack_featured_media_url":"","jetpack_publicize_connections":[],"jetpack_sharing_enabled":true,"jetpack_shortlink":"https:\/\/wp.me\/p27q3P-3mX","_links":{"self":[{"href":"http:\/\/www.michael-schumacher.es\/noticias-f1\/wp-json\/wp\/v2\/posts\/12955"}],"collection":[{"href":"http:\/\/www.michael-schumacher.es\/noticias-f1\/wp-json\/wp\/v2\/posts"}],"about":[{"href":"http:\/\/www.michael-schumacher.es\/noticias-f1\/wp-json\/wp\/v2\/types\/post"}],"author":[{"embeddable":true,"href":"http:\/\/www.michael-schumacher.es\/noticias-f1\/wp-json\/wp\/v2\/users\/3"}],"replies":[{"embeddable":true,"href":"http:\/\/www.michael-schumacher.es\/noticias-f1\/wp-json\/wp\/v2\/comments?post=12955"}],"version-history":[{"count":0,"href":"http:\/\/www.michael-schumacher.es\/noticias-f1\/wp-json\/wp\/v2\/posts\/12955\/revisions"}],"wp:attachment":[{"href":"http:\/\/www.michael-schumacher.es\/noticias-f1\/wp-json\/wp\/v2\/media?parent=12955"}],"wp:term":[{"taxonomy":"category","embeddable":true,"href":"http:\/\/www.michael-schumacher.es\/noticias-f1\/wp-json\/wp\/v2\/categories?post=12955"},{"taxonomy":"post_tag","embeddable":true,"href":"http:\/\/www.michael-schumacher.es\/noticias-f1\/wp-json\/wp\/v2\/tags?post=12955"}],"curies":[{"name":"wp","href":"https:\/\/api.w.org\/{rel}","templated":true}]}}