{"id":12969,"date":"2013-10-08T09:49:55","date_gmt":"2013-10-08T07:49:55","guid":{"rendered":"http:\/\/www.michael-schumacher.es\/noticias-f1\/?p=12969"},"modified":"2013-10-08T04:20:07","modified_gmt":"2013-10-08T02:20:07","slug":"alonso-critica-a-pirelli-y-domenicali-considera-que-deben-ayudarles","status":"publish","type":"post","link":"http:\/\/www.michael-schumacher.es\/noticias-f1\/2013\/10\/08\/alonso-critica-a-pirelli-y-domenicali-considera-que-deben-ayudarles\/","title":{"rendered":"Alonso critica a Pirelli y Domenicali considera que deben ayudarles"},"content":{"rendered":"<p><a href=\"http:\/\/www.michael-schumacher.es\/noticias-f1\/wp-content\/uploads\/2013\/03\/pirelli-motorhome.jpg\"><img loading=\"lazy\" class=\"alignleft\" alt=\"pirelli-motorhome\" src=\"http:\/\/www.michael-schumacher.es\/noticias-f1\/wp-content\/uploads\/2013\/03\/pirelli-motorhome.jpg\" width=\"202\" height=\"151\" \/><\/a>Parece que la pol\u00e9mica entre Fernando Alonso y Pirelli ya ha terminado, aunque ha sido un fin de semana tenso, finalmente las disculpas de Pirelli, parece que han terminado con el asunto, adem\u00e1s de contar con el apoyo de Domenicali al proveedor de neum\u00e1ticos, declarando que deben ayudar a Pirelli.<\/p>\n<p><!--more--> <!--noteaser--><\/p>\n<p><a href=\"http:\/\/www.michael-schumacher.es\/noticias-f1\/wp-content\/uploads\/2013\/03\/pirelli-motorhome.jpg\"><img loading=\"lazy\" class=\"aligncenter size-full wp-image-8460\" alt=\"pirelli-motorhome\" src=\"http:\/\/www.michael-schumacher.es\/noticias-f1\/wp-content\/uploads\/2013\/03\/pirelli-motorhome.jpg\" width=\"650\" height=\"487\" srcset=\"http:\/\/www.michael-schumacher.es\/noticias-f1\/wp-content\/uploads\/2013\/03\/pirelli-motorhome.jpg 650w, http:\/\/www.michael-schumacher.es\/noticias-f1\/wp-content\/uploads\/2013\/03\/pirelli-motorhome-300x224.jpg 300w\" sizes=\"(max-width: 650px) 100vw, 650px\" \/><\/a><\/p>\n<p>&nbsp;<\/p>\n<p>&nbsp;<\/p>\n<p>&nbsp;<\/p>\n<p>Parece que la pol\u00e9mica entre Fernando Alonso y Pirelli ya ha terminado, aunque ha sido un fin de semana tenso, finalmente las disculpas de Pirelli, parece que han terminado con el asunto, adem\u00e1s de contar con el apoyo de Domenicali al proveedor de neum\u00e1ticos, declarando que deben ayudar a Pirelli.<\/p>\n<p>&nbsp;<\/p>\n<p>Siguiendo la cronolog\u00eda de la pol\u00e9mica,\u00a0 el s\u00e1bado Fernando Alonso fue critico con Pirelli al terminar la sesi\u00f3n de calificaci\u00f3n, declar\u00f3 que es frustrante tener que ir s\u00f3lo al 95% de tus posibilidades en la calificaci\u00f3n: <strong>\u201cLas gomas actuales son lo que son. Son neum\u00e1ticos que no dura siquiera 5 km.\u00a0 Los supersoft aqu\u00ed est\u00e1n muy limitados. Pero es para todos igual Estoy convencido de que si alguien intenta ir al 100% de sus posibilidades no duran una vuelta completa. Es frustrante tener que ir s\u00f3lo al 95% de tus posibilidades en la calificaci\u00f3n. No critico a los neum\u00e1ticos, pero es evidente que no son buenos. Es algo que todo el mundo ve a simple vista. Pero si fueran mejores, esto no cambiar\u00eda mucho las cosas. Nosotros mejorar\u00edamos, pero nuestros rivales seguramente tambi\u00e9n, as\u00ed que al final las diferencias ser\u00edan las mismas\u201d.<\/strong><\/p>\n<p>&nbsp;<\/p>\n<p>Paul Hembery el director de Pirelli respondi\u00f3 al piloto espa\u00f1ol con suma dureza, declarando a la BBC: <strong>\u201cSus comentarios son decepcionantes y por debajo del nivel que se espera de un campe\u00f3n. Deber\u00eda preguntar al que dentro de poco ser\u00e1 cuatro veces campe\u00f3n del mundo c\u00f3mo se saca lo mejor de los neum\u00e1ticos.\u201d<\/strong><\/p>\n<p>&nbsp;<\/p>\n<p>Tras tan duras declaraciones el director de Pirelli se disculp\u00f3 con Fernando Alonso, eso si en el Box de Ferrari y en privado, aunque Fernando Alonso lo declar\u00f3 p\u00fablicamente, tras la carrera del domingo y volvi\u00f3 a dar su opini\u00f3n sobre los neum\u00e1ticos, aunque m\u00e1s sutilmente y negando una pol\u00e9mica:<strong> \u201cNo, no hay ninguna pol\u00e9mica. Nosotros hablamos con hechos y ellos con palabras. Todo el mundo lo ve. Son neum\u00e1ticos que no duran una vuelta -insisti\u00f3 el asturiano-. Pero como dijimos ayer, &#8216;cero problemas&#8217; en cuanto a prestaciones. No somos nosotros los que hemos hecho estos neum\u00e1ticos de 2012, que les han venido bien a otros equipos. Por tanto, es una cuesti\u00f3n nuestra, de Ferrari, o de los pilotos, la de mejorar. Pero bueno, las pelotillas de goma est\u00e1n ah\u00ed, cuando llueve se paran las carreras&#8230; hay alg\u00fan revent\u00f3n, como le ha pasado hoy a Sergio P\u00e9rez. Sabemos que los neum\u00e1ticos est\u00e1n al l\u00edmite en cuanto a calidad. \u00c9l (Hembery) no hab\u00eda escuchado esto ayer y se equivoc\u00f3. Pero hoy vino a pedir perd\u00f3n. Por tanto es de agradecer. Parec\u00eda raro que, con la temporada que lleva Pirelli, encima hablase. Pero, como digo, se disculp\u00f3. Y todo bien\u201d.<\/strong><\/p>\n<p>&nbsp;<\/p>\n<p>Por lo que finalmente Stefano Domenicali, que se reuni\u00f3 con Alonso y con Hembery y considera que Pirelli deber\u00eda recibir ayuda de los equipos, como el mismo ha explicado: <strong>\u201cTuvimos una reuni\u00f3n para aclarar esta cuesti\u00f3n, junto con Fernando. (Hembery) Se disculp\u00f3 y creo que tenemos que mirar hacia adelante. Es importante que las cosas tienen sean rectificadas juntos Es importante escuchar las frustraciones del piloto para asegurarse de que pueden hacer un mejor trabajo, y es importante tambi\u00e9n tener su punto de vista [de Pirelli], porque si usted no es capaz de darles la posibilidad de probar y tampoco es correcto. Para asegurarnos de que tenemos un buen espect\u00e1culo tenemos que probar. Usted puede quedarse toda la vida en el simulador, pero no va a resolver el problema de los neum\u00e1ticos, y no s\u00f3lo los neum\u00e1ticos. Mirando hacia el futuro con un coche totalmente nuevo, <em>tenemos que ayudar a Pirelli<\/em> para asegurarnos de que tenemos m\u00e1s pruebas para ellos. Si no puedo entender que la situaci\u00f3n es frustrante, porque hay dificultades que superar.\u201d<\/strong><\/p>\n<p>&nbsp;<\/p>\n<p>&nbsp;<\/p>\n<div class=\"sharedaddy sd-sharing-enabled\"><div class=\"robots-nocontent sd-block sd-social sd-social-official sd-sharing\"><h3 class=\"sd-title\">Opciones Sociales:<\/h3><div class=\"sd-content\"><ul><li class=\"share-facebook\"><div class=\"fb-share-button\" data-href=\"http:\/\/www.michael-schumacher.es\/noticias-f1\/2013\/10\/08\/alonso-critica-a-pirelli-y-domenicali-considera-que-deben-ayudarles\/\" data-layout=\"button_count\"><\/div><\/li><li class=\"share-twitter\"><a href=\"https:\/\/twitter.com\/share\" class=\"twitter-share-button\" data-url=\"http:\/\/www.michael-schumacher.es\/noticias-f1\/2013\/10\/08\/alonso-critica-a-pirelli-y-domenicali-considera-que-deben-ayudarles\/\" data-text=\"Alonso critica a Pirelli y Domenicali considera que deben ayudarles\"  >Tweet<\/a><\/li><li class=\"share-email\"><a rel=\"nofollow noopener noreferrer\" data-shared=\"\" class=\"share-email sd-button\" href=\"http:\/\/www.michael-schumacher.es\/noticias-f1\/2013\/10\/08\/alonso-critica-a-pirelli-y-domenicali-considera-que-deben-ayudarles\/?share=email\" target=\"_blank\" title=\"Haz clic para enviar por correo electr\u00f3nico a un amigo\"><span>Correo electr\u00f3nico<\/span><\/a><\/li><li class=\"share-end\"><\/li><\/ul><\/div><\/div><\/div>","protected":false},"excerpt":{"rendered":"<p>Parece que la pol\u00e9mica entre Fernando Alonso y Pirelli ya ha terminado, aunque ha sido un fin de semana tenso, finalmente las disculpas de Pirelli, parece que han terminado con el asunto, adem\u00e1s de contar con el apoyo de Domenicali al proveedor de neum\u00e1ticos, declarando que deben ayudar a Pirelli.<\/p>\n<div class=\"sharedaddy sd-sharing-enabled\"><div class=\"robots-nocontent sd-block sd-social sd-social-official sd-sharing\"><h3 class=\"sd-title\">Opciones Sociales:<\/h3><div class=\"sd-content\"><ul><li class=\"share-facebook\"><div class=\"fb-share-button\" data-href=\"http:\/\/www.michael-schumacher.es\/noticias-f1\/2013\/10\/08\/alonso-critica-a-pirelli-y-domenicali-considera-que-deben-ayudarles\/\" data-layout=\"button_count\"><\/div><\/li><li class=\"share-twitter\"><a href=\"https:\/\/twitter.com\/share\" class=\"twitter-share-button\" data-url=\"http:\/\/www.michael-schumacher.es\/noticias-f1\/2013\/10\/08\/alonso-critica-a-pirelli-y-domenicali-considera-que-deben-ayudarles\/\" data-text=\"Alonso critica a Pirelli y Domenicali considera que deben ayudarles\"  >Tweet<\/a><\/li><li class=\"share-email\"><a rel=\"nofollow noopener noreferrer\" data-shared=\"\" class=\"share-email sd-button\" href=\"http:\/\/www.michael-schumacher.es\/noticias-f1\/2013\/10\/08\/alonso-critica-a-pirelli-y-domenicali-considera-que-deben-ayudarles\/?share=email\" target=\"_blank\" title=\"Haz clic para enviar por correo electr\u00f3nico a un amigo\"><span>Correo electr\u00f3nico<\/span><\/a><\/li><li class=\"share-end\"><\/li><\/ul><\/div><\/div><\/div>","protected":false},"author":3,"featured_media":0,"comment_status":"open","ping_status":"open","sticky":false,"template":"","format":"standard","meta":{"_monsterinsights_skip_tracking":false,"_monsterinsights_sitenote_active":false,"_monsterinsights_sitenote_note":"","_monsterinsights_sitenote_category":0,"spay_email":"","jetpack_publicize_message":"","jetpack_is_tweetstorm":false,"jetpack_publicize_feature_enabled":true},"categories":[3],"tags":[105,651,3606,1623,3055,107,3735,17,104,141,15,6,3057,837,223,3698,3222,357],"jetpack_featured_media_url":"","jetpack_publicize_connections":[],"jetpack_sharing_enabled":true,"jetpack_shortlink":"https:\/\/wp.me\/p27q3P-3nb","_links":{"self":[{"href":"http:\/\/www.michael-schumacher.es\/noticias-f1\/wp-json\/wp\/v2\/posts\/12969"}],"collection":[{"href":"http:\/\/www.michael-schumacher.es\/noticias-f1\/wp-json\/wp\/v2\/posts"}],"about":[{"href":"http:\/\/www.michael-schumacher.es\/noticias-f1\/wp-json\/wp\/v2\/types\/post"}],"author":[{"embeddable":true,"href":"http:\/\/www.michael-schumacher.es\/noticias-f1\/wp-json\/wp\/v2\/users\/3"}],"replies":[{"embeddable":true,"href":"http:\/\/www.michael-schumacher.es\/noticias-f1\/wp-json\/wp\/v2\/comments?post=12969"}],"version-history":[{"count":0,"href":"http:\/\/www.michael-schumacher.es\/noticias-f1\/wp-json\/wp\/v2\/posts\/12969\/revisions"}],"wp:attachment":[{"href":"http:\/\/www.michael-schumacher.es\/noticias-f1\/wp-json\/wp\/v2\/media?parent=12969"}],"wp:term":[{"taxonomy":"category","embeddable":true,"href":"http:\/\/www.michael-schumacher.es\/noticias-f1\/wp-json\/wp\/v2\/categories?post=12969"},{"taxonomy":"post_tag","embeddable":true,"href":"http:\/\/www.michael-schumacher.es\/noticias-f1\/wp-json\/wp\/v2\/tags?post=12969"}],"curies":[{"name":"wp","href":"https:\/\/api.w.org\/{rel}","templated":true}]}}