{"id":1298,"date":"2012-06-07T11:02:50","date_gmt":"2012-06-07T09:02:50","guid":{"rendered":"http:\/\/www.michael-schumacher.es\/noticias-f1\/?p=1298"},"modified":"2012-06-07T11:16:21","modified_gmt":"2012-06-07T09:16:21","slug":"previo-gp-de-canada-montreal-2012-mclaren","status":"publish","type":"post","link":"http:\/\/www.michael-schumacher.es\/noticias-f1\/2012\/06\/07\/previo-gp-de-canada-montreal-2012-mclaren\/","title":{"rendered":"Previo GP de Canad\u00e1, Montr\u00e9al 2012. McLaren"},"content":{"rendered":"<p><img loading=\"lazy\" class=\"alignleft\" title=\"McLaren\" src=\"http:\/\/img.michael-schumacher.es\/noticias-f1\/mclaren\/mclaren-1-mini.jpg\" alt=\"McLaren\" width=\"202\" height=\"100\" \/>El a\u00f1o pasado fue \u00a0Jenson Button el ganador del Gran Premio de Canad\u00e1, y tanto la escuder\u00eda como el equipo esperan obtener en esta ocasi\u00f3n los mejores resultados, en este a\u00f1o impredecible.<\/p>\n<p><!--more--> <!--noteaser--><\/p>\n<p><img loading=\"lazy\" class=\"aligncenter\" title=\"McLaren\" src=\"http:\/\/img.michael-schumacher.es\/noticias-f1\/mclaren\/mclaren-1.jpg\" alt=\"McLaren\" width=\"605\" height=\"300\" \/><\/p>\n<p>El a\u00f1o pasado fue \u00a0Jenson Button el ganador del Gran Premio de Canad\u00e1, y tanto la escuder\u00eda como el equipo esperan obtener en esta ocasi\u00f3n los mejores resultados, en este a\u00f1o impredecible.<\/p>\n<p>&nbsp;<\/p>\n<p><strong>Jenson Button:<\/strong> \u00abObviamente, volver a Montreal ser\u00e1 un orgullo y estoy muy contento. Mi victoria aqu\u00ed el a\u00f1o pasado fue una de aquellas ocasiones en las que todo sale de la manera correcta, todav\u00eda me cuesta creer que rodara en las \u00faltimas posiciones y pudiera lograr la victoria. Los recuerdos de esa victoria siempre estar\u00e1n conmigo. Montreal es una carrera a la que tengo muchas ganas de ir. La ciudad es muy vibrante, la gente es muy amable y los aficionados son muy apasionados. Es el lugar perfecto para correr ya que sientes c\u00f3mo la emoci\u00f3n va creciendo desde el momento en que te bajas del avi\u00f3n. Cara al fin de semana, va a ser importante tener el monoplaza preparado para la clasificaci\u00f3n. En las dos \u00faltimas carreras, la Q2 ha sido mi lugar as\u00ed que no importa que ritmo tengas en carrera ya que el domingo siempre est\u00e1 comprometido. Mi objetivo para el fin de semana ser\u00e1 mostrar un ritmo competitivo en la clasificaci\u00f3n y hacer una buena carrera\u00bb.<\/p>\n<p>&nbsp;<\/p>\n<p><strong>Lewis Hamilton:<\/strong> \u00abEste a\u00f1o se est\u00e1 convirtiendo en una temporada \u00fanica, una en la que cada carrera ofrece nuevos desaf\u00edos y diferentes resultados. A pesar de que no todo nos ha salido de la manera correcta, estoy confiado y el equipo est\u00e1 haciendo todo lo que puede para asegurar que estemos en la mejor posici\u00f3n posible para luchar por la victoria. S\u00e9 que los resultados que todos queremos llegar\u00e1n pronto, estoy haciendo todo lo que puedo para sacar el m\u00e1ximo rendimiento del monoplaza y s\u00e9 que los chicos tanto en la pista como en la fabrica \u00a0est\u00e1n haciendo todo lo que pueden para darme un monoplaza que pueda luchar por la victoria. Todav\u00eda estamos en la lucha de este campeonato y estoy deseando que llegue Montreal, una de mis carreras favoritas de la temporada. Los contrastes entre M\u00f3naco y Montreal no podr\u00edan ser mejores. Aunque ambas son carreras que se corren en la ciudad, los circuitos son muy diferentes y cada uno tiene sus propias caracter\u00edsticas. El circuito Gilles Villenueve es una pista fant\u00e1stica, es muy r\u00e1pida en algunas zonas lo que significa que requiere finura y precisi\u00f3n. Pero tambi\u00e9n puedes acabar rueda a rueda con los rivales, lo que es una sensaci\u00f3n incre\u00edble\u00bb.<\/p>\n<p>&nbsp;<\/p>\n<p>&nbsp;<\/p>\n<p><strong>Martin Whitmarsh:<\/strong> \u00a0\u00abCreo que todos en la F\u00f3rmula 1 disfrutamos en el Gran Premio de Canad\u00e1. La ciudad se convierte en una anfitriona de lujo y el circuito es muy r\u00e1pido y desafiante. Adem\u00e1s se a\u00f1ade la impredecible climatolog\u00eda para tener una combinaci\u00f3n que permita un fin de semana emocionante. Por supuesto, fuimos los m\u00e1ximos beneficiarios de la impredecibilidad del a\u00f1o pasado y nadie en McLaren piensa en Montreal sin que se le venga a la memoria la magn\u00edfica victoria de Jenson el a\u00f1o pasado. No podemos olvidar que Lewis tambi\u00e9n tiene recuerdos positivos de este circuito. Gan\u00f3 aqu\u00ed por primera vez en 2007, ha marcado la Pole Position en tres ocasiones y domin\u00f3 la prueba en 2010. Canad\u00e1 ha sido un buen escenario para el equipo en los \u00faltimos a\u00f1os y estamos dispuesto a que vuelva a serlo este fin de semana. El Gran Premio de Canad\u00e1 marcar\u00e1 la prueba 300 con nuestros patrocinadores Mobil 1, Mercedes-Benz y Enkei. Mobil 1 empez\u00f3 la relaci\u00f3n con McLaren en el Gran Premio de Brasil de 1995 y desde entonces seguimos juntos. Ha sido un patrocinio muy productivo tanto a nivel t\u00e9cnico como personal. Durante este tiempo juntos, hemos conseguido muchas cosas: tres campeonatos de pilotos, uno de constructores, 72 victorias, 70 Pole Positions, 81 vueltas r\u00e1pidas y 2525 puntos. Espero que a esos n\u00fameros podamos a\u00f1adir una nueva victoria en Montreal\u00bb.<\/p>\n<div class=\"sharedaddy sd-sharing-enabled\"><div class=\"robots-nocontent sd-block sd-social sd-social-official sd-sharing\"><h3 class=\"sd-title\">Opciones Sociales:<\/h3><div class=\"sd-content\"><ul><li class=\"share-facebook\"><div class=\"fb-share-button\" data-href=\"http:\/\/www.michael-schumacher.es\/noticias-f1\/2012\/06\/07\/previo-gp-de-canada-montreal-2012-mclaren\/\" data-layout=\"button_count\"><\/div><\/li><li class=\"share-twitter\"><a href=\"https:\/\/twitter.com\/share\" class=\"twitter-share-button\" data-url=\"http:\/\/www.michael-schumacher.es\/noticias-f1\/2012\/06\/07\/previo-gp-de-canada-montreal-2012-mclaren\/\" data-text=\"Previo GP de Canad\u00e1, Montr\u00e9al 2012. McLaren\"  >Tweet<\/a><\/li><li class=\"share-email\"><a rel=\"nofollow noopener noreferrer\" data-shared=\"\" class=\"share-email sd-button\" href=\"http:\/\/www.michael-schumacher.es\/noticias-f1\/2012\/06\/07\/previo-gp-de-canada-montreal-2012-mclaren\/?share=email\" target=\"_blank\" title=\"Haz clic para enviar por correo electr\u00f3nico a un amigo\"><span>Correo electr\u00f3nico<\/span><\/a><\/li><li class=\"share-end\"><\/li><\/ul><\/div><\/div><\/div>","protected":false},"excerpt":{"rendered":"<p>El a\u00f1o pasado fue \u00a0Jenson Button el ganador del Gran Premio de Canad\u00e1, y tanto la escuder\u00eda como el equipo esperan obtener en esta ocasi\u00f3n los mejores resultados, en este a\u00f1o impredecible.<\/p>\n<div class=\"sharedaddy sd-sharing-enabled\"><div class=\"robots-nocontent sd-block sd-social sd-social-official sd-sharing\"><h3 class=\"sd-title\">Opciones Sociales:<\/h3><div class=\"sd-content\"><ul><li class=\"share-facebook\"><div class=\"fb-share-button\" data-href=\"http:\/\/www.michael-schumacher.es\/noticias-f1\/2012\/06\/07\/previo-gp-de-canada-montreal-2012-mclaren\/\" data-layout=\"button_count\"><\/div><\/li><li class=\"share-twitter\"><a href=\"https:\/\/twitter.com\/share\" class=\"twitter-share-button\" data-url=\"http:\/\/www.michael-schumacher.es\/noticias-f1\/2012\/06\/07\/previo-gp-de-canada-montreal-2012-mclaren\/\" data-text=\"Previo GP de Canad\u00e1, Montr\u00e9al 2012. McLaren\"  >Tweet<\/a><\/li><li class=\"share-email\"><a rel=\"nofollow noopener noreferrer\" data-shared=\"\" class=\"share-email sd-button\" href=\"http:\/\/www.michael-schumacher.es\/noticias-f1\/2012\/06\/07\/previo-gp-de-canada-montreal-2012-mclaren\/?share=email\" target=\"_blank\" title=\"Haz clic para enviar por correo electr\u00f3nico a un amigo\"><span>Correo electr\u00f3nico<\/span><\/a><\/li><li class=\"share-end\"><\/li><\/ul><\/div><\/div><\/div>","protected":false},"author":3,"featured_media":0,"comment_status":"open","ping_status":"open","sticky":false,"template":"","format":"standard","meta":{"_monsterinsights_skip_tracking":false,"_monsterinsights_sitenote_active":false,"_monsterinsights_sitenote_note":"","_monsterinsights_sitenote_category":0,"spay_email":"","jetpack_publicize_message":"","jetpack_is_tweetstorm":false,"jetpack_publicize_feature_enabled":true},"categories":[3,22],"tags":[],"jetpack_featured_media_url":"","jetpack_publicize_connections":[],"jetpack_sharing_enabled":true,"jetpack_shortlink":"https:\/\/wp.me\/p27q3P-kW","_links":{"self":[{"href":"http:\/\/www.michael-schumacher.es\/noticias-f1\/wp-json\/wp\/v2\/posts\/1298"}],"collection":[{"href":"http:\/\/www.michael-schumacher.es\/noticias-f1\/wp-json\/wp\/v2\/posts"}],"about":[{"href":"http:\/\/www.michael-schumacher.es\/noticias-f1\/wp-json\/wp\/v2\/types\/post"}],"author":[{"embeddable":true,"href":"http:\/\/www.michael-schumacher.es\/noticias-f1\/wp-json\/wp\/v2\/users\/3"}],"replies":[{"embeddable":true,"href":"http:\/\/www.michael-schumacher.es\/noticias-f1\/wp-json\/wp\/v2\/comments?post=1298"}],"version-history":[{"count":0,"href":"http:\/\/www.michael-schumacher.es\/noticias-f1\/wp-json\/wp\/v2\/posts\/1298\/revisions"}],"wp:attachment":[{"href":"http:\/\/www.michael-schumacher.es\/noticias-f1\/wp-json\/wp\/v2\/media?parent=1298"}],"wp:term":[{"taxonomy":"category","embeddable":true,"href":"http:\/\/www.michael-schumacher.es\/noticias-f1\/wp-json\/wp\/v2\/categories?post=1298"},{"taxonomy":"post_tag","embeddable":true,"href":"http:\/\/www.michael-schumacher.es\/noticias-f1\/wp-json\/wp\/v2\/tags?post=1298"}],"curies":[{"name":"wp","href":"https:\/\/api.w.org\/{rel}","templated":true}]}}