{"id":13032,"date":"2013-10-12T02:09:56","date_gmt":"2013-10-12T00:09:56","guid":{"rendered":"http:\/\/www.michael-schumacher.es\/noticias-f1\/?p=13032"},"modified":"2013-10-11T22:17:44","modified_gmt":"2013-10-11T20:17:44","slug":"entrenamientos-gp-de-japon-suzuka-2013-williams","status":"publish","type":"post","link":"http:\/\/www.michael-schumacher.es\/noticias-f1\/2013\/10\/12\/entrenamientos-gp-de-japon-suzuka-2013-williams\/","title":{"rendered":"Entrenamientos GP de Jap\u00f3n, Suzuka 2013. Williams"},"content":{"rendered":"<p><a href=\"http:\/\/www.michael-schumacher.es\/noticias-f1\/wp-content\/uploads\/2013\/03\/pastor_maldonado_test-bcn-2013_david-sarro.jpg\"><img loading=\"lazy\" class=\"alignleft\" alt=\"pastor_maldonado_test-bcn-2013_david-sarro\" src=\"http:\/\/www.michael-schumacher.es\/noticias-f1\/wp-content\/uploads\/2013\/03\/pastor_maldonado_test-bcn-2013_david-sarro.jpg\" width=\"200\" height=\"133\" \/><\/a>El equipo Williams ha tenido algunos problemas en la sesi\u00f3n de hoy, como el\u00a0 neum\u00e1tico trasero izquierdo que se perdi\u00f3 del coche de Maldonado y que el equipo todav\u00eda esta investigando. Adem\u00e1s el equipo ha trabajado en la puesta en marcha, tandas con los neum\u00e1ticos y las evaluaciones aerodin\u00e1micas y consideran que todav\u00eda tienen trabajo pendiente para ma\u00f1ana mejorar el ritmo.<\/p>\n<p><!--more--> <!--noteaser--><\/p>\n<p><a href=\"http:\/\/www.michael-schumacher.es\/noticias-f1\/wp-content\/uploads\/2013\/03\/pastor_maldonado_test-bcn-2013_david-sarro.jpg\"><img loading=\"lazy\" class=\"aligncenter size-full wp-image-8155\" alt=\"pastor_maldonado_test-bcn-2013_david-sarro\" src=\"http:\/\/www.michael-schumacher.es\/noticias-f1\/wp-content\/uploads\/2013\/03\/pastor_maldonado_test-bcn-2013_david-sarro.jpg\" width=\"650\" height=\"433\" srcset=\"http:\/\/www.michael-schumacher.es\/noticias-f1\/wp-content\/uploads\/2013\/03\/pastor_maldonado_test-bcn-2013_david-sarro.jpg 650w, http:\/\/www.michael-schumacher.es\/noticias-f1\/wp-content\/uploads\/2013\/03\/pastor_maldonado_test-bcn-2013_david-sarro-300x199.jpg 300w\" sizes=\"(max-width: 650px) 100vw, 650px\" \/><\/a><\/p>\n<p>&nbsp;<\/p>\n<p>&nbsp;<\/p>\n<p>El equipo Williams ha tenido algunos problemas en la sesi\u00f3n de hoy, como el\u00a0 neum\u00e1tico trasero izquierdo que se perdi\u00f3 del coche de Maldonado y que el equipo todav\u00eda esta investigando. Adem\u00e1s el equipo ha trabajado en la puesta en marcha, tandas con los neum\u00e1ticos y las evaluaciones aerodin\u00e1micas y consideran que todav\u00eda tienen trabajo pendiente para ma\u00f1ana mejorar el ritmo.<\/p>\n<p>&nbsp;<\/p>\n<p>Valtteri Bottas ha encontrado problemas con el equilibrio que acent\u00faa el fuerte viento, pero sin duda pese a esto logr\u00f3 hacer muchas vueltas recogiendo datos y finaliz\u00f3 la sesi\u00f3n de la ma\u00f1ana en posici\u00f3n 16\u00ba y la sesi\u00f3n de la tarde en posici\u00f3n 17\u00ba, ahora espera que con el an\u00e1lisis de datos puedan mejorar el ritmo y el rendimiento. Pastor Maldonado ha tenido una jornada frustrante y con poco tiempo en pista tras su incidente con el neum\u00e1tico que perdi\u00f3, acabando la sesi\u00f3n en posici\u00f3n 15\u00ba, y la segunda sesi\u00f3n tambi\u00e9n tuvo un problema, se fue fuera de la pista y tambi\u00e9n acab\u00f3 la sesi\u00f3n pronto, terminando en posici\u00f3n 18\u00ba, espera en la tercera sesi\u00f3n y el trabajo del equipo mejorar para lograr una buena calificaci\u00f3n.<\/p>\n<p>&nbsp;<\/p>\n<p><strong>Valtteri Bottas:<\/strong> <em>\u201cTodav\u00eda hay algunos problemas de equilibrio con el coche y con los fuertes vientos que ha hecho hoy se siente m\u00e1s inconsistente. Estamos luchando para sacar el m\u00e1ximo partido a los neum\u00e1ticos blandos cuando las condiciones de la pista han mejorado, y en relaci\u00f3n con los otros coches, dir\u00eda que nuestro ritmo es similar a donde est\u00e1bamos en Corea. Sin embargo, me las arregl\u00e9 para conseguir un buen n\u00famero de vueltas hoy, m\u00e1s que cualquier otro piloto, as\u00ed que tenemos una gran cantidad de datos de los que disponemos para tratar de mejorar el rendimiento del coche y encontrar unas d\u00e9cimas adicionales antes de la calificaci\u00f3n\u201d.<\/em><\/p>\n<p>&nbsp;<\/p>\n<p><strong>\u00a0Pastor Maldonado:<\/strong> <em>\u201cFue un d\u00eda frustrante hoy, no he tenido el tiempo en pista que me hubiera gustado. Mi sesi\u00f3n FP1 termin\u00f3 temprano despu\u00e9s de un problema con el neum\u00e1tico trasero izquierdo, y al comienzo de la FP2 yo estaba luchando para un mejor agarre y perd\u00ed la parte de atr\u00e1s del coche y me sal\u00ed fuera del circuito lo que termin\u00f3 mi carrera. Ma\u00f1ana ser\u00e1 otro d\u00eda y aunque FP3 nos dar\u00e1 la oportunidad de mejorar la puesta a punto en base a lo que hemos aprendido hoy y conseguir un poco de funcionamiento con bajo de combustible para optimizar nuestro coche para la calificaci\u00f3n, que ser\u00e1 importante, ya que los adelantamientos aqu\u00ed pueden ser dif\u00edciles\u201d.<\/em><\/p>\n<p>&nbsp;<\/p>\n<p><strong>Xevi Pujolar, ingeniero jefe de carrera:<\/strong> <em>\u201cEn FP1 hicimos un gran n\u00famero de pruebas aerodin\u00e1micas a trav\u00e9s de los dos coches incluyendo comparaciones del aler\u00f3n delantero y probamos un poco de suelo y el desarrollo de los frenos delanteros los componentes del conducto. Despu\u00e9s de esto elegimos la mejor configuraci\u00f3n para FP2 cuando cambiamos nuestro enfoque de trabajo con los neum\u00e1ticos. Valtteri se concentr\u00f3 en una serie de comparaciones de desempe\u00f1o y largas tandas, sin embargo, no se ha completado el programa con Pastor ya que \u00e9l se sali\u00f3 golpeando la barrera durante su primera carrera. Tambi\u00e9n tuvimos que cortar su sesi\u00f3n FP1 despu\u00e9s de que perdi\u00f3 su rueda trasera izquierda fuera de la pista. El equipo est\u00e1 investigando esto. Todav\u00eda hay trabajo por hacer antes de ma\u00f1ana para mejorar nuestro ritmo general y la coherencia\u201d.<\/em><\/p>\n<p>&nbsp;<\/p>\n<p><strong>Imagen:<\/strong> David Sarr\u00f3<\/p>\n<div class=\"sharedaddy sd-sharing-enabled\"><div class=\"robots-nocontent sd-block sd-social sd-social-official sd-sharing\"><h3 class=\"sd-title\">Opciones Sociales:<\/h3><div class=\"sd-content\"><ul><li class=\"share-facebook\"><div class=\"fb-share-button\" data-href=\"http:\/\/www.michael-schumacher.es\/noticias-f1\/2013\/10\/12\/entrenamientos-gp-de-japon-suzuka-2013-williams\/\" data-layout=\"button_count\"><\/div><\/li><li class=\"share-twitter\"><a href=\"https:\/\/twitter.com\/share\" class=\"twitter-share-button\" data-url=\"http:\/\/www.michael-schumacher.es\/noticias-f1\/2013\/10\/12\/entrenamientos-gp-de-japon-suzuka-2013-williams\/\" data-text=\"Entrenamientos GP de Jap\u00f3n, Suzuka 2013. Williams\"  >Tweet<\/a><\/li><li class=\"share-email\"><a rel=\"nofollow noopener noreferrer\" data-shared=\"\" class=\"share-email sd-button\" href=\"http:\/\/www.michael-schumacher.es\/noticias-f1\/2013\/10\/12\/entrenamientos-gp-de-japon-suzuka-2013-williams\/?share=email\" target=\"_blank\" title=\"Haz clic para enviar por correo electr\u00f3nico a un amigo\"><span>Correo electr\u00f3nico<\/span><\/a><\/li><li class=\"share-end\"><\/li><\/ul><\/div><\/div><\/div>","protected":false},"excerpt":{"rendered":"<p>El equipo Williams ha tenido algunos problemas en la sesi\u00f3n de hoy, como el\u00a0 neum\u00e1tico trasero izquierdo que se perdi\u00f3 del coche de Maldonado y que el equipo todav\u00eda esta investigando. Adem\u00e1s el equipo ha trabajado en la puesta en marcha, tandas con los neum\u00e1ticos y las evaluaciones aerodin\u00e1micas y consideran que todav\u00eda tienen trabajo [&hellip;]<\/p>\n<div class=\"sharedaddy sd-sharing-enabled\"><div class=\"robots-nocontent sd-block sd-social sd-social-official sd-sharing\"><h3 class=\"sd-title\">Opciones Sociales:<\/h3><div class=\"sd-content\"><ul><li class=\"share-facebook\"><div class=\"fb-share-button\" data-href=\"http:\/\/www.michael-schumacher.es\/noticias-f1\/2013\/10\/12\/entrenamientos-gp-de-japon-suzuka-2013-williams\/\" data-layout=\"button_count\"><\/div><\/li><li class=\"share-twitter\"><a href=\"https:\/\/twitter.com\/share\" class=\"twitter-share-button\" data-url=\"http:\/\/www.michael-schumacher.es\/noticias-f1\/2013\/10\/12\/entrenamientos-gp-de-japon-suzuka-2013-williams\/\" data-text=\"Entrenamientos GP de Jap\u00f3n, Suzuka 2013. Williams\"  >Tweet<\/a><\/li><li class=\"share-email\"><a rel=\"nofollow noopener noreferrer\" data-shared=\"\" class=\"share-email sd-button\" href=\"http:\/\/www.michael-schumacher.es\/noticias-f1\/2013\/10\/12\/entrenamientos-gp-de-japon-suzuka-2013-williams\/?share=email\" target=\"_blank\" title=\"Haz clic para enviar por correo electr\u00f3nico a un amigo\"><span>Correo electr\u00f3nico<\/span><\/a><\/li><li class=\"share-end\"><\/li><\/ul><\/div><\/div><\/div>","protected":false},"author":3,"featured_media":0,"comment_status":"open","ping_status":"open","sticky":false,"template":"","format":"standard","meta":{"_monsterinsights_skip_tracking":false,"_monsterinsights_sitenote_active":false,"_monsterinsights_sitenote_note":"","_monsterinsights_sitenote_category":0,"spay_email":"","jetpack_publicize_message":"","jetpack_is_tweetstorm":false,"jetpack_publicize_feature_enabled":true},"categories":[67,3],"tags":[373,400,131,393,17,15,6,8,1220,97,96,1245,1465,828,93],"jetpack_featured_media_url":"","jetpack_publicize_connections":[],"jetpack_sharing_enabled":true,"jetpack_shortlink":"https:\/\/wp.me\/p27q3P-3oc","_links":{"self":[{"href":"http:\/\/www.michael-schumacher.es\/noticias-f1\/wp-json\/wp\/v2\/posts\/13032"}],"collection":[{"href":"http:\/\/www.michael-schumacher.es\/noticias-f1\/wp-json\/wp\/v2\/posts"}],"about":[{"href":"http:\/\/www.michael-schumacher.es\/noticias-f1\/wp-json\/wp\/v2\/types\/post"}],"author":[{"embeddable":true,"href":"http:\/\/www.michael-schumacher.es\/noticias-f1\/wp-json\/wp\/v2\/users\/3"}],"replies":[{"embeddable":true,"href":"http:\/\/www.michael-schumacher.es\/noticias-f1\/wp-json\/wp\/v2\/comments?post=13032"}],"version-history":[{"count":0,"href":"http:\/\/www.michael-schumacher.es\/noticias-f1\/wp-json\/wp\/v2\/posts\/13032\/revisions"}],"wp:attachment":[{"href":"http:\/\/www.michael-schumacher.es\/noticias-f1\/wp-json\/wp\/v2\/media?parent=13032"}],"wp:term":[{"taxonomy":"category","embeddable":true,"href":"http:\/\/www.michael-schumacher.es\/noticias-f1\/wp-json\/wp\/v2\/categories?post=13032"},{"taxonomy":"post_tag","embeddable":true,"href":"http:\/\/www.michael-schumacher.es\/noticias-f1\/wp-json\/wp\/v2\/tags?post=13032"}],"curies":[{"name":"wp","href":"https:\/\/api.w.org\/{rel}","templated":true}]}}