{"id":13040,"date":"2013-10-12T03:01:23","date_gmt":"2013-10-12T01:01:23","guid":{"rendered":"http:\/\/www.michael-schumacher.es\/noticias-f1\/?p=13040"},"modified":"2013-10-11T23:08:36","modified_gmt":"2013-10-11T21:08:36","slug":"entrenamientos-gp-de-japon-suzuka-2013-ferrari","status":"publish","type":"post","link":"http:\/\/www.michael-schumacher.es\/noticias-f1\/2013\/10\/12\/entrenamientos-gp-de-japon-suzuka-2013-ferrari\/","title":{"rendered":"Entrenamientos GP de Jap\u00f3n, Suzuka 2013. Ferrari"},"content":{"rendered":"<p><a href=\"http:\/\/www.michael-schumacher.es\/noticias-f1\/wp-content\/uploads\/2013\/02\/fernando_alonso_3_dia_test.jpg\"><img loading=\"lazy\" class=\"alignleft\" alt=\"Fernando Alonso - 3 Dia Test - Montmelo\" src=\"http:\/\/www.michael-schumacher.es\/noticias-f1\/wp-content\/uploads\/2013\/02\/fernando_alonso_3_dia_test.jpg\" width=\"200\" height=\"102\" \/><\/a>El equipo Ferrari ha trabajado en la puesta a punto para este complejo circuito y en el d\u00eda de entrenamientos para el Gran Premio de Jap\u00f3n se ha destacado una falta de ritmo. El equipo reparti\u00f3 el trabajo en la primera sesi\u00f3n entre las pruebas aerodin\u00e1micas con Massa y la puesta a punto con Alonso, la segunda sesi\u00f3n se dedic\u00f3 con ambos pilotos a la comparaci\u00f3n entre ambos compuestos de neum\u00e1ticos. Como no han conseguido realizar ninguna vuelta r\u00e1pida con una carga baja de combustible, no creen que el tiempo conseguido sea representativo, ahora seguir\u00e1n en el estudio de los datos para mejorar con atenci\u00f3n especial al equilibrio.<\/p>\n<p><!--more--> <!--noteaser--><\/p>\n<p><a href=\"http:\/\/www.michael-schumacher.es\/noticias-f1\/wp-content\/uploads\/2013\/02\/fernando_alonso_3_dia_test.jpg\"><img loading=\"lazy\" class=\"aligncenter size-full wp-image-8024\" alt=\"Fernando Alonso - 3 Dia Test - Montmelo\" src=\"http:\/\/www.michael-schumacher.es\/noticias-f1\/wp-content\/uploads\/2013\/02\/fernando_alonso_3_dia_test.jpg\" width=\"660\" height=\"337\" srcset=\"http:\/\/www.michael-schumacher.es\/noticias-f1\/wp-content\/uploads\/2013\/02\/fernando_alonso_3_dia_test.jpg 660w, http:\/\/www.michael-schumacher.es\/noticias-f1\/wp-content\/uploads\/2013\/02\/fernando_alonso_3_dia_test-300x153.jpg 300w\" sizes=\"(max-width: 660px) 100vw, 660px\" \/><\/a><\/p>\n<p>&nbsp;<\/p>\n<p>&nbsp;<\/p>\n<p>&nbsp;<\/p>\n<p>El equipo Ferrari ha trabajado en la puesta a punto para este complejo circuito y en el d\u00eda de entrenamientos para el Gran Premio de Jap\u00f3n se ha destacado una falta de ritmo. El equipo reparti\u00f3 el trabajo en la primera sesi\u00f3n entre las pruebas aerodin\u00e1micas con Massa y la puesta a punto con Alonso, la segunda sesi\u00f3n se dedic\u00f3 con ambos pilotos a la comparaci\u00f3n entre ambos compuestos de neum\u00e1ticos. Como no han conseguido realizar ninguna vuelta r\u00e1pida con una carga baja de combustible, no creen que el tiempo conseguido sea representativo, ahora seguir\u00e1n en el estudio de los datos para mejorar con atenci\u00f3n especial al equilibrio.<\/p>\n<p>&nbsp;<\/p>\n<p>Fernando Alonso su primer mensaje es de condolencia y tristeza por la tr\u00e1gica perdida de Mar\u00eda de Villota y respecto a la jornada de entrenamientos de hoy, considera que les falto ritmo, por lo que deben mejorar como se puede observar en los resultados ya que finaliz\u00f3 la primera sesi\u00f3n en posici\u00f3n sexto y la segunda sesi\u00f3n en la d\u00e9cima posici\u00f3n. Aunque piensan que deben hacer para mejorar para ma\u00f1ana. Felipe Massa destaca que acabaron con el programa previsto y\u00a0 hicieron lo que han podido y\u00a0 ma\u00f1ana espera tener un coche m\u00e1s r\u00e1pido, para luchar con los rivales, la primera sesi\u00f3n finaliz\u00f3 en posici\u00f3n quinto y la segunda sesi\u00f3n en posici\u00f3n octavo. Pero har\u00e1n lo posible para preparar bien\u00a0 la clasificaci\u00f3n,\u00a0 y sobre todo la carrera.<\/p>\n<p>&nbsp;<\/p>\n<p><strong>Fernando Alonso:<\/strong><em> \u201cEs dif\u00edcil hablar sobre Mar\u00eda de Villota ahora mismo, ya que apenas me hab\u00eda quitado el casco cuando me lo estaban comunicando. A\u00fan no me lo creo y necesito un tiempo para reflexionar. Es una noticia muy triste para el mundo del automovilismo, puesto que Mar\u00eda era muy querida por todo el mundo. Ahora, lo \u00fanico que podemos hacer es rezar por ella y su familia. Volviendo al plano deportivo, hoy ha sido un d\u00eda en el que nos ha faltado ritmo. No nos esper\u00e1bamos milagros tan s\u00f3lo cuatro d\u00edas despu\u00e9s de Corea, pero no hemos sido tan competitivos como nos habr\u00eda gustado y ahora debemos intentar mejorar, realizando algunos cambios que ya tenemos en mente. Afortunadamente, cuando hice el trompo no da\u00f1\u00e9 los neum\u00e1ticos; pudimos usarlos tambi\u00e9n para una tanda larga con el dep\u00f3sito lleno de combustible, aunque perdimos unas d\u00e9cimas desde la primera vuelta. Esperamos poder completar una vuelta limpia ma\u00f1ana y estar por delante de esos coches, como Toro Rosso y McLaren, que no pueden estar por delante, como ha ocurrido hoy\u201d.<\/em><\/p>\n<p>&nbsp;<\/p>\n<p><strong>Felipe Massa:<\/strong> <em>\u201cHoy hicimos todo lo que pudimos y hemos podido completar el programa entero. Es dif\u00edcil evaluar el d\u00eda porque es viernes y hay muchos coches que son muy competitivos. Desde ma\u00f1ana espero tener un coche m\u00e1s r\u00e1pido, que nos permita luchar con los que tenemos por delante. Haremos todo lo posible para preparar la clasificaci\u00f3n, pero ante todo para preparar la carrera del domingo. Siempre es agradable estar en Suzuka en este circuito fant\u00e1stico, que es uno de los mejores que visitamos\u201d.<\/em><\/p>\n<p>&nbsp;<\/p>\n<p><strong>Pat Fry:<\/strong> <em>\u201cHa sido un d\u00eda exigente de pruebas en el que, una vez m\u00e1s, hemos intentado optimizar la puesta a punto de los coches para adaptarlos lo mejor posible a las caracter\u00edsticas del trazado. En Suzuka, un paso en la direcci\u00f3n equivocada se paga m\u00e1s caro que en otros trazados y por tanto es necesario encontrar una configuraci\u00f3n que ofrezca el mayor nivel de confianza a los pilotos en los tres sectores. En la primera sesi\u00f3n de entrenamientos libres, con Felipe hicimos unas pruebas aerodin\u00e1micas, frente en el que estamos intentando mejorar para ser lo m\u00e1s competitivos posible de cara a las \u00faltimas carreras de la temporada. Con el F138 de Fernando, por la ma\u00f1ana trabajamos con la puesta a punto, realizando unos cambios para conseguir m\u00e1s agarre. Por la tarde, nos centramos con ambos pilotos en la habitual comparaci\u00f3n entre ambos compuestos de Pirelli: la diferencia de rendimiento entre los Duros y Medios no parece excesiva, pero intentaremos entender m\u00e1s acerca de su degradaci\u00f3n, teniendo en cuenta que normalmente la degradaci\u00f3n es particularmente significativa. No conseguimos realizar ninguna vuelta r\u00e1pida con una carga baja de combustible y por lo tanto no creo que los tiempos del viernes sean particularmente representativos. Ahora debemos ser cautos, intentando reducir el hueco con nuestros rivales m\u00e1s cercanos, sin subestimar lo que puedan hacer los de detr\u00e1s. Esta tarde prestaremos mucha atenci\u00f3n a toda la informaci\u00f3n que hemos recogido y evaluaremos cada posibilidad para mejorar. Para enfrentarnos a un trazado complicado para pilotos e ingenieros, es absolutamente fundamental tener un coche lo m\u00e1s equilibrado posible\u201d.<\/em><\/p>\n<p>&nbsp;<\/p>\n<p>&nbsp;<\/p>\n<div class=\"sharedaddy sd-sharing-enabled\"><div class=\"robots-nocontent sd-block sd-social sd-social-official sd-sharing\"><h3 class=\"sd-title\">Opciones Sociales:<\/h3><div class=\"sd-content\"><ul><li class=\"share-facebook\"><div class=\"fb-share-button\" data-href=\"http:\/\/www.michael-schumacher.es\/noticias-f1\/2013\/10\/12\/entrenamientos-gp-de-japon-suzuka-2013-ferrari\/\" data-layout=\"button_count\"><\/div><\/li><li class=\"share-twitter\"><a href=\"https:\/\/twitter.com\/share\" class=\"twitter-share-button\" data-url=\"http:\/\/www.michael-schumacher.es\/noticias-f1\/2013\/10\/12\/entrenamientos-gp-de-japon-suzuka-2013-ferrari\/\" data-text=\"Entrenamientos GP de Jap\u00f3n, Suzuka 2013. Ferrari\"  >Tweet<\/a><\/li><li class=\"share-email\"><a rel=\"nofollow noopener noreferrer\" data-shared=\"\" class=\"share-email sd-button\" href=\"http:\/\/www.michael-schumacher.es\/noticias-f1\/2013\/10\/12\/entrenamientos-gp-de-japon-suzuka-2013-ferrari\/?share=email\" target=\"_blank\" title=\"Haz clic para enviar por correo electr\u00f3nico a un amigo\"><span>Correo electr\u00f3nico<\/span><\/a><\/li><li class=\"share-end\"><\/li><\/ul><\/div><\/div><\/div>","protected":false},"excerpt":{"rendered":"<p>El equipo Ferrari ha trabajado en la puesta a punto para este complejo circuito y en el d\u00eda de entrenamientos para el Gran Premio de Jap\u00f3n se ha destacado una falta de ritmo. El equipo reparti\u00f3 el trabajo en la primera sesi\u00f3n entre las pruebas aerodin\u00e1micas con Massa y la puesta a punto con Alonso, [&hellip;]<\/p>\n<div class=\"sharedaddy sd-sharing-enabled\"><div class=\"robots-nocontent sd-block sd-social sd-social-official sd-sharing\"><h3 class=\"sd-title\">Opciones Sociales:<\/h3><div class=\"sd-content\"><ul><li class=\"share-facebook\"><div class=\"fb-share-button\" data-href=\"http:\/\/www.michael-schumacher.es\/noticias-f1\/2013\/10\/12\/entrenamientos-gp-de-japon-suzuka-2013-ferrari\/\" data-layout=\"button_count\"><\/div><\/li><li class=\"share-twitter\"><a href=\"https:\/\/twitter.com\/share\" class=\"twitter-share-button\" data-url=\"http:\/\/www.michael-schumacher.es\/noticias-f1\/2013\/10\/12\/entrenamientos-gp-de-japon-suzuka-2013-ferrari\/\" data-text=\"Entrenamientos GP de Jap\u00f3n, Suzuka 2013. Ferrari\"  >Tweet<\/a><\/li><li class=\"share-email\"><a rel=\"nofollow noopener noreferrer\" data-shared=\"\" class=\"share-email sd-button\" href=\"http:\/\/www.michael-schumacher.es\/noticias-f1\/2013\/10\/12\/entrenamientos-gp-de-japon-suzuka-2013-ferrari\/?share=email\" target=\"_blank\" title=\"Haz clic para enviar por correo electr\u00f3nico a un amigo\"><span>Correo electr\u00f3nico<\/span><\/a><\/li><li class=\"share-end\"><\/li><\/ul><\/div><\/div><\/div>","protected":false},"author":3,"featured_media":0,"comment_status":"open","ping_status":"open","sticky":false,"template":"","format":"standard","meta":{"_monsterinsights_skip_tracking":false,"_monsterinsights_sitenote_active":false,"_monsterinsights_sitenote_note":"","_monsterinsights_sitenote_category":0,"spay_email":"","jetpack_publicize_message":"","jetpack_is_tweetstorm":false,"jetpack_publicize_feature_enabled":true},"categories":[67,3],"tags":[373,105,131,393,17,106,104,141,15,6,8,1220,379,108,1245,1465],"jetpack_featured_media_url":"","jetpack_publicize_connections":[],"jetpack_sharing_enabled":true,"jetpack_shortlink":"https:\/\/wp.me\/p27q3P-3ok","_links":{"self":[{"href":"http:\/\/www.michael-schumacher.es\/noticias-f1\/wp-json\/wp\/v2\/posts\/13040"}],"collection":[{"href":"http:\/\/www.michael-schumacher.es\/noticias-f1\/wp-json\/wp\/v2\/posts"}],"about":[{"href":"http:\/\/www.michael-schumacher.es\/noticias-f1\/wp-json\/wp\/v2\/types\/post"}],"author":[{"embeddable":true,"href":"http:\/\/www.michael-schumacher.es\/noticias-f1\/wp-json\/wp\/v2\/users\/3"}],"replies":[{"embeddable":true,"href":"http:\/\/www.michael-schumacher.es\/noticias-f1\/wp-json\/wp\/v2\/comments?post=13040"}],"version-history":[{"count":0,"href":"http:\/\/www.michael-schumacher.es\/noticias-f1\/wp-json\/wp\/v2\/posts\/13040\/revisions"}],"wp:attachment":[{"href":"http:\/\/www.michael-schumacher.es\/noticias-f1\/wp-json\/wp\/v2\/media?parent=13040"}],"wp:term":[{"taxonomy":"category","embeddable":true,"href":"http:\/\/www.michael-schumacher.es\/noticias-f1\/wp-json\/wp\/v2\/categories?post=13040"},{"taxonomy":"post_tag","embeddable":true,"href":"http:\/\/www.michael-schumacher.es\/noticias-f1\/wp-json\/wp\/v2\/tags?post=13040"}],"curies":[{"name":"wp","href":"https:\/\/api.w.org\/{rel}","templated":true}]}}