{"id":13155,"date":"2013-10-15T06:59:55","date_gmt":"2013-10-15T04:59:55","guid":{"rendered":"http:\/\/www.michael-schumacher.es\/noticias-f1\/?p=13155"},"modified":"2013-10-15T02:10:34","modified_gmt":"2013-10-15T00:10:34","slug":"no-hay-problema-en-ferrari-con-massa","status":"publish","type":"post","link":"http:\/\/www.michael-schumacher.es\/noticias-f1\/2013\/10\/15\/no-hay-problema-en-ferrari-con-massa\/","title":{"rendered":"No hay problema en Ferrari con Massa"},"content":{"rendered":"<p><a href=\"http:\/\/www.michael-schumacher.es\/noticias-f1\/wp-content\/uploads\/2013\/02\/felipe-massa-test-jerez-2013.jpg\"><img loading=\"lazy\" class=\"alignleft\" alt=\"Felipe Massa Test Jerez 2013\" src=\"http:\/\/www.michael-schumacher.es\/noticias-f1\/wp-content\/uploads\/2013\/02\/felipe-massa-test-jerez-2013.jpg\" width=\"200\" height=\"112\" \/><\/a>Felipe Massa declar\u00f3 cu\u00e1ndo se anunci\u00f3 que no se le renovar\u00eda en el equipo Ferrari, que ya no ayudar\u00eda m\u00e1s a su compa\u00f1ero de equipo y que deb\u00eda pensar y trabajar para el mismo, y tal como anunci\u00f3 as\u00ed lo hizo el domingo en el Gran Premio de Jap\u00f3n. Realmente Massa est\u00e1 buscando un asiento para el a\u00f1o que viene y debe demostrar su rendimiento en pista si quiere convencer a Lotus, que son el \u00fanico equipo que le puede ofrecer un asiento con un coche competitivo.<\/p>\n<p><!--more--> <!--noteaser--><\/p>\n<p><a href=\"http:\/\/www.michael-schumacher.es\/noticias-f1\/wp-content\/uploads\/2013\/02\/felipe-massa-test-jerez-2013.jpg\"><img loading=\"lazy\" class=\"aligncenter size-full wp-image-7864\" alt=\"Felipe Massa Test Jerez 2013\" src=\"http:\/\/www.michael-schumacher.es\/noticias-f1\/wp-content\/uploads\/2013\/02\/felipe-massa-test-jerez-2013.jpg\" width=\"650\" height=\"365\" srcset=\"http:\/\/www.michael-schumacher.es\/noticias-f1\/wp-content\/uploads\/2013\/02\/felipe-massa-test-jerez-2013.jpg 650w, http:\/\/www.michael-schumacher.es\/noticias-f1\/wp-content\/uploads\/2013\/02\/felipe-massa-test-jerez-2013-300x168.jpg 300w\" sizes=\"(max-width: 650px) 100vw, 650px\" \/><\/a><\/p>\n<p>&nbsp;<\/p>\n<p>&nbsp;<\/p>\n<p>Felipe Massa declar\u00f3 cu\u00e1ndo se anunci\u00f3 que no se le renovar\u00eda en el equipo Ferrari, que ya no ayudar\u00eda m\u00e1s a su compa\u00f1ero de equipo y que deb\u00eda pensar y trabajar para el mismo, y tal como anunci\u00f3 as\u00ed lo hizo el domingo en el Gran Premio de Jap\u00f3n. Realmente Massa est\u00e1 buscando un asiento para el a\u00f1o que viene y debe demostrar su rendimiento en pista si quiere convencer a Lotus, que son el \u00fanico equipo que le puede ofrecer un asiento con un coche competitivo.<\/p>\n<p>&nbsp;<\/p>\n<p>Por lo que Felipe Massa ignor\u00f3 las \u00f3rdenes del equipo en el Gran Premio de Jap\u00f3n y no dej\u00f3 pasar a su compa\u00f1ero de equipo Fernando Alonso cuando as\u00ed se lo pidieron por radio. En ese momento Fernando Alonso era sexto detr\u00e1s de Massa quinto y en posicion tercera y cuarta estaban Rosberg y Hulkenberg, el equipo consider\u00f3 que perd\u00edan tiempo detr\u00e1s de ellos y ordenaron a Massa que dejara pasar a Alonso.<\/p>\n<p>&nbsp;<\/p>\n<p>Sin embargo Felipe Massa decidi\u00f3 no hacer caso a las \u00f3rdenes, aunque esto no perjudic\u00f3 a su compa\u00f1ero ni alter\u00f3 el resultado de la carrera, ya que no habr\u00eda hecho que Alonso acabara en mejor posici\u00f3n, tal como dijo el propio Alonso.<\/p>\n<p>&nbsp;<\/p>\n<p>Felipe Massa\u00a0 recibi\u00f3 por radio la orden de su ingeniero: <strong>\u201cMultifunction Strategy A, now please\u201d. \u2013 \u201cEstrategia multifunci\u00f3n A, ahora por favor\u201d.<\/strong><\/p>\n<p>&nbsp;<\/p>\n<p>Felipe Massa ignor\u00f3 la orden, tal como el mismo reconoce: <strong>\u201cNunca es agradable escuchar este tipo de instrucciones. Hablaremos de ello, seguro, como hacemos siempre. Me siento muy satisfecho de mi carrera. Cuando Fernando me super\u00f3, fue\u00a0 ajustado porque no le ced\u00ed el paso ni un \u00e1pice.\u201d<\/strong><\/p>\n<p>&nbsp;<\/p>\n<p>Pero Stefano Domenicali, no quiere hacer un problema de esto e incluso entiende al piloto brasile\u00f1o que necesita encontrar un equipo para la pr\u00f3xima temporada, ya que no le han renovado: <strong>\u201cPuedo entender los sentimientos de Felipe. Debe jugar su carta para el futuro, y encontrar un equipo para la pr\u00f3xima temporada. Nosotros no vamos a crear un problema donde no lo hay. Seguiremos d\u00e1ndole todo el apoyo hasta el final de la temporada. Y Fernando fue capaz de superarle por la v\u00eda regular en la final. Hoy hemos logrado el m\u00e1ximo resultado, una vez m\u00e1s, no vamos a quejarnos cuando tenemos que centrarnos en otra cosa, es decir, para mejorar nuestro coche para el campeonato\u201d.<\/strong><\/p>\n<p>&nbsp;<\/p>\n<p>Tampoco Fernando Alonso ve ning\u00fan problema en la actitud de Massa ya que considera que no pod\u00eda haber terminado mejor, cuarto era lo m\u00e1ximo:<strong> \u201dEs absurdo abrir pol\u00e9mica sobre eso. Estamos aqu\u00ed para correr y hacer cuarto era lo m\u00e1ximo que se pod\u00eda hacer. No s\u00e9 qu\u00e9 sucedi\u00f3 entre Felipe y el muro, pero por mi parte no hay problema\u201d.<\/strong><\/p>\n<p>&nbsp;<\/p>\n<p>&nbsp;<\/p>\n<div class=\"sharedaddy sd-sharing-enabled\"><div class=\"robots-nocontent sd-block sd-social sd-social-official sd-sharing\"><h3 class=\"sd-title\">Opciones Sociales:<\/h3><div class=\"sd-content\"><ul><li class=\"share-facebook\"><div class=\"fb-share-button\" data-href=\"http:\/\/www.michael-schumacher.es\/noticias-f1\/2013\/10\/15\/no-hay-problema-en-ferrari-con-massa\/\" data-layout=\"button_count\"><\/div><\/li><li class=\"share-twitter\"><a href=\"https:\/\/twitter.com\/share\" class=\"twitter-share-button\" data-url=\"http:\/\/www.michael-schumacher.es\/noticias-f1\/2013\/10\/15\/no-hay-problema-en-ferrari-con-massa\/\" data-text=\"No hay problema en Ferrari con Massa\"  >Tweet<\/a><\/li><li class=\"share-email\"><a rel=\"nofollow noopener noreferrer\" data-shared=\"\" class=\"share-email sd-button\" href=\"http:\/\/www.michael-schumacher.es\/noticias-f1\/2013\/10\/15\/no-hay-problema-en-ferrari-con-massa\/?share=email\" target=\"_blank\" title=\"Haz clic para enviar por correo electr\u00f3nico a un amigo\"><span>Correo electr\u00f3nico<\/span><\/a><\/li><li class=\"share-end\"><\/li><\/ul><\/div><\/div><\/div>","protected":false},"excerpt":{"rendered":"<p>Felipe Massa declar\u00f3 cu\u00e1ndo se anunci\u00f3 que no se le renovar\u00eda en el equipo Ferrari, que ya no ayudar\u00eda m\u00e1s a su compa\u00f1ero de equipo y que deb\u00eda pensar y trabajar para el mismo, y tal como anunci\u00f3 as\u00ed lo hizo el domingo en el Gran Premio de Jap\u00f3n. Realmente Massa est\u00e1 buscando un asiento [&hellip;]<\/p>\n<div class=\"sharedaddy sd-sharing-enabled\"><div class=\"robots-nocontent sd-block sd-social sd-social-official sd-sharing\"><h3 class=\"sd-title\">Opciones Sociales:<\/h3><div class=\"sd-content\"><ul><li class=\"share-facebook\"><div class=\"fb-share-button\" data-href=\"http:\/\/www.michael-schumacher.es\/noticias-f1\/2013\/10\/15\/no-hay-problema-en-ferrari-con-massa\/\" data-layout=\"button_count\"><\/div><\/li><li class=\"share-twitter\"><a href=\"https:\/\/twitter.com\/share\" class=\"twitter-share-button\" data-url=\"http:\/\/www.michael-schumacher.es\/noticias-f1\/2013\/10\/15\/no-hay-problema-en-ferrari-con-massa\/\" data-text=\"No hay problema en Ferrari con Massa\"  >Tweet<\/a><\/li><li class=\"share-email\"><a rel=\"nofollow noopener noreferrer\" data-shared=\"\" class=\"share-email sd-button\" href=\"http:\/\/www.michael-schumacher.es\/noticias-f1\/2013\/10\/15\/no-hay-problema-en-ferrari-con-massa\/?share=email\" target=\"_blank\" title=\"Haz clic para enviar por correo electr\u00f3nico a un amigo\"><span>Correo electr\u00f3nico<\/span><\/a><\/li><li class=\"share-end\"><\/li><\/ul><\/div><\/div><\/div>","protected":false},"author":3,"featured_media":0,"comment_status":"open","ping_status":"open","sticky":false,"template":"","format":"standard","meta":{"_monsterinsights_skip_tracking":false,"_monsterinsights_sitenote_active":false,"_monsterinsights_sitenote_note":"","_monsterinsights_sitenote_category":0,"spay_email":"","jetpack_publicize_message":"","jetpack_is_tweetstorm":false,"jetpack_publicize_feature_enabled":true},"categories":[3],"tags":[4221,107,17,106,141,15,6,8,4220,1220,108,4222,4223,3072,567,357,1093,1465],"jetpack_featured_media_url":"","jetpack_publicize_connections":[],"jetpack_sharing_enabled":true,"jetpack_shortlink":"https:\/\/wp.me\/p27q3P-3qb","_links":{"self":[{"href":"http:\/\/www.michael-schumacher.es\/noticias-f1\/wp-json\/wp\/v2\/posts\/13155"}],"collection":[{"href":"http:\/\/www.michael-schumacher.es\/noticias-f1\/wp-json\/wp\/v2\/posts"}],"about":[{"href":"http:\/\/www.michael-schumacher.es\/noticias-f1\/wp-json\/wp\/v2\/types\/post"}],"author":[{"embeddable":true,"href":"http:\/\/www.michael-schumacher.es\/noticias-f1\/wp-json\/wp\/v2\/users\/3"}],"replies":[{"embeddable":true,"href":"http:\/\/www.michael-schumacher.es\/noticias-f1\/wp-json\/wp\/v2\/comments?post=13155"}],"version-history":[{"count":0,"href":"http:\/\/www.michael-schumacher.es\/noticias-f1\/wp-json\/wp\/v2\/posts\/13155\/revisions"}],"wp:attachment":[{"href":"http:\/\/www.michael-schumacher.es\/noticias-f1\/wp-json\/wp\/v2\/media?parent=13155"}],"wp:term":[{"taxonomy":"category","embeddable":true,"href":"http:\/\/www.michael-schumacher.es\/noticias-f1\/wp-json\/wp\/v2\/categories?post=13155"},{"taxonomy":"post_tag","embeddable":true,"href":"http:\/\/www.michael-schumacher.es\/noticias-f1\/wp-json\/wp\/v2\/tags?post=13155"}],"curies":[{"name":"wp","href":"https:\/\/api.w.org\/{rel}","templated":true}]}}